{"id":323727,"date":"2024-09-30T15:35:47","date_gmt":"2024-09-30T14:35:47","guid":{"rendered":"https:\/\/zakrasnejsivimperk.cz\/?p=323727"},"modified":"2024-09-30T15:35:47","modified_gmt":"2024-09-30T14:35:47","slug":"aktualne-v-jihoceskem-kraji-bylo-k-39-tydnu-potvrzeno-2-894-pripadu-cerneho-kasle-pribyva-spise-mezi-dospelymi","status":"publish","type":"post","link":"https:\/\/zakrasnejsivimperk.cz\/?p=323727","title":{"rendered":"AKTU\u00c1LN\u011a: V Jiho\u010desk\u00e9m kraji bylo k 39. t\u00fddnu potvrzeno 2 894 p\u0159\u00edpad\u016f \u010dern\u00e9ho ka\u0161le, p\u0159ib\u00fdv\u00e1 sp\u00ed\u0161e mezi dosp\u011bl\u00fdmi"},"content":{"rendered":"<h6><img loading=\"lazy\" decoding=\"async\" class=\"size-medium wp-image-199605 alignleft\" src=\"https:\/\/zakrasnejsivimperk.cz\/wp-content\/uploads\/2020\/08\/06\/khs-logo-300x129.jpg\" alt=\"\" width=\"300\" height=\"129\" srcset=\"https:\/\/zakrasnejsivimperk.cz\/wp-content\/uploads\/2020\/08\/06\/khs-logo-300x129.jpg 300w, https:\/\/zakrasnejsivimperk.cz\/wp-content\/uploads\/2020\/08\/06\/khs-logo-768x330.jpg 768w, https:\/\/zakrasnejsivimperk.cz\/wp-content\/uploads\/2020\/08\/06\/khs-logo-831x357.jpg 831w, https:\/\/zakrasnejsivimperk.cz\/wp-content\/uploads\/2020\/08\/06\/khs-logo.jpg 922w\" sizes=\"(max-width: 300px) 100vw, 300px\" \/>\u010cESK\u00c9 BUD\u011aJOVICE 30. 9. 2024 \u2013 V pr\u016fb\u011bhu 39 t\u00fddn\u016f leto\u0161n\u00edho roku zaznamenali hygienici v Jiho\u010desk\u00e9m kraji celkem 2 894 p\u0159\u00edpad\u016f \u010dern\u00e9ho ka\u0161le \/pertuse\/. I v t\u00fddnech, kdy ji\u017e za\u010dal \u0161koln\u00ed a za\u010d\u00edn\u00e1 akademick\u00fd rok, onemocn\u011bn\u00ed p\u0159ib\u00fdv\u00e1 sp\u00ed\u0161e mezi dosp\u011bl\u00fdmi ne\u017e \u0161koln\u00edmi d\u011btmi.<\/h6>\n<p><em>\u201eV kraji registrujeme aktu\u00e1ln\u011b 2 894 potvrzen\u00fdch p\u0159\u00edpad\u016f pertuse. Nejv\u011bt\u0161\u00ed po\u010det nov\u00fdch p\u0159\u00edpad\u016f jsme v uplynul\u00e9m t\u00fddnu z hlediska v\u011bku pacient\u016f registrovali mezi dosp\u011bl\u00fdmi ve v\u011bkov\u00e9 skupin\u011b 45-54 let a to 8, nezvykle vysok\u00fd po\u010det nov\u00fdch p\u0159\u00edpad\u016f byl tentokr\u00e1t zaznamen\u00e1n mezi seniory, kde p\u0159ibylo 5 nov\u00fdch p\u0159\u00edpad\u016f. Nejv\u00edce p\u0159\u00edpad\u016f celkov\u011b registrujeme mezi st\u0159edo\u0161kol\u00e1ky, v kategorii 15-19 let je od za\u010d\u00e1tku roku celkem 670 p\u0159\u00edpad\u016f, mezi dosp\u011bl\u00fdmi v kategorii 45\u201354 je aktu\u00e1ln\u011b 415 p\u0159\u00edpad\u016f. Co se t\u00fd\u010de srovn\u00e1n\u00ed jiho\u010desk\u00fdch okres\u016f, nejv\u011bt\u0161\u00ed v\u00fdskyt je dlouhodob\u011b na \u010ceskobud\u011bjovicku, kde je 1 076 evidovan\u00fdch p\u0159\u00edpad\u016f, na Jind\u0159ichohradecku je 490 p\u0159\u00edpad\u016f. Zb\u00fdvaj\u00edc\u00ed okresy na\u0161eho kraje maj\u00ed v\u00fdskyt podobn\u00fd, li\u0161\u00ed se v \u0159\u00e1du n\u011bkolika des\u00edtek p\u0159\u00edpad\u016f, a pohybuje se od 243 na T\u00e1borsku po 289 p\u0159\u00edpad\u016f na Prachaticku. Mezi d\u011btmi do jednoho roku jako nejzraniteln\u011bj\u0161\u00ed v\u011bkov\u00e9 skupiny registrujeme 47 p\u0159\u00edpad\u016f, v minul\u00e9m t\u00fddnu p\u0159ibyl v t\u00e9to kategorii jeden nov\u00fd p\u0159\u00edpad,\u201c<\/em> uvedla \u0159editelka Krajsk\u00e9 hygienick\u00e9 stanice Jiho\u010desk\u00e9ho kraje Kvetoslava Kotrbov\u00e1.<\/p>\n<p>V r\u00e1mci cel\u00e9 \u010cesk\u00e9 republiky bylo k z\u00e1v\u011bru minul\u00e9ho t\u00fddne registrov\u00e1no 32 505 p\u0159\u00edpad\u016f. Vzhledem k tomu, \u017ee v populaci ve velk\u00e9 v\u011bt\u0161in\u011b koluje bakterie Bordetella pertussis, kter\u00e1 je vysoce infek\u010dn\u00ed, lze o\u010dek\u00e1vat je\u0161t\u011b dal\u0161\u00ed v\u00fdvoj tohoto onemocn\u011bn\u00ed.<\/p>\n<p><strong>(tz-khs)<\/strong><\/p>\n<hr \/>\n<p>&nbsp;<\/p>\n<h6>Informujeme:<\/h6>\n<h4 class=\"entry-title\"><a href=\"https:\/\/zakrasnejsivimperk.cz\/?p=323703\" target=\"_blank\" rel=\"noopener\">D\u00e1lni\u010dn\u00ed s\u00ed\u0165 se rozroste o sto kilometr\u016f, cena d\u00e1lni\u010dn\u00ed zn\u00e1mky se od p\u0159\u00ed\u0161t\u00edho roku zm\u011bn\u00ed<\/a><\/h4>\n<h4 class=\"entry-title\"><a href=\"https:\/\/zakrasnejsivimperk.cz\/?p=323662\" target=\"_blank\" rel=\"noopener\">Celkov\u00e9 environment\u00e1ln\u00ed v\u00fddaje loni p\u0159es\u00e1hly 130 miliard<\/a><\/h4>\n<h4 class=\"entry-title\"><a href=\"https:\/\/zakrasnejsivimperk.cz\/?p=323659\" target=\"_blank\" rel=\"noopener\">Nedostatky z d\u0159\u00edv\u011bj\u0161\u00edch kontrol NK\u00da se Ministerstvu obrany nepoda\u0159ilo zcela napravit. Z 11 opat\u0159en\u00ed nebyla \u010dty\u0159i spln\u011bna v\u016fbec a dal\u0161\u00ed dv\u011b jen \u010d\u00e1ste\u010dn\u011b<\/a><\/h4>\n<h4><a href=\"https:\/\/zakrasnejsivimperk.cz\/?p=323642\" target=\"_blank\" rel=\"noopener\">P\u0158E\u010cT\u011aTE SI U N\u00c1S: Den\u00edk Metro \u2013 30. z\u00e1\u0159\u00ed 2024<\/a><\/h4>\n<h4><a href=\"https:\/\/zakrasnejsivimperk.cz\/?p=323602\" target=\"_blank\" rel=\"noopener\">KOMENT\u00c1\u0158 NA S\u00cdTI: ad Premi\u00e9r Petr Fiala<\/a><\/h4>\n<h4><a href=\"https:\/\/zakrasnejsivimperk.cz\/?p=323570\" target=\"_blank\" rel=\"noopener\">Voli\u010di obm\u011bnili slo\u017een\u00ed t\u0159etiny Sen\u00e1tu<\/a><\/h4>\n<hr \/>\n<p>&nbsp;<\/p>\n","protected":false},"excerpt":{"rendered":"<p>\u010cESK\u00c9 BUD\u011aJOVICE <\/p>\n","protected":false},"author":2,"featured_media":319954,"comment_status":"open","ping_status":"open","sticky":false,"template":"","format":"gallery","meta":{"footnotes":""},"categories":[179],"tags":[],"jetpack_featured_media_url":"https:\/\/zakrasnejsivimperk.cz\/wp-content\/uploads\/2024\/09\/02\/nove-kasel.jpg","_links":{"self":[{"href":"https:\/\/zakrasnejsivimperk.cz\/index.php?rest_route=\/wp\/v2\/posts\/323727"}],"collection":[{"href":"https:\/\/zakrasnejsivimperk.cz\/index.php?rest_route=\/wp\/v2\/posts"}],"about":[{"href":"https:\/\/zakrasnejsivimperk.cz\/index.php?rest_route=\/wp\/v2\/types\/post"}],"author":[{"embeddable":true,"href":"https:\/\/zakrasnejsivimperk.cz\/index.php?rest_route=\/wp\/v2\/users\/2"}],"replies":[{"embeddable":true,"href":"https:\/\/zakrasnejsivimperk.cz\/index.php?rest_route=%2Fwp%2Fv2%2Fcomments&post=323727"}],"version-history":[{"count":1,"href":"https:\/\/zakrasnejsivimperk.cz\/index.php?rest_route=\/wp\/v2\/posts\/323727\/revisions"}],"predecessor-version":[{"id":323728,"href":"https:\/\/zakrasnejsivimperk.cz\/index.php?rest_route=\/wp\/v2\/posts\/323727\/revisions\/323728"}],"wp:featuredmedia":[{"embeddable":true,"href":"https:\/\/zakrasnejsivimperk.cz\/index.php?rest_route=\/wp\/v2\/media\/319954"}],"wp:attachment":[{"href":"https:\/\/zakrasnejsivimperk.cz\/index.php?rest_route=%2Fwp%2Fv2%2Fmedia&parent=323727"}],"wp:term":[{"taxonomy":"category","embeddable":true,"href":"https:\/\/zakrasnejsivimperk.cz\/index.php?rest_route=%2Fwp%2Fv2%2Fcategories&post=323727"},{"taxonomy":"post_tag","embeddable":true,"href":"https:\/\/zakrasnejsivimperk.cz\/index.php?rest_route=%2Fwp%2Fv2%2Ftags&post=323727"}],"curies":[{"name":"wp","href":"https:\/\/api.w.org\/{rel}","templated":true}]}}