{"id":323703,"date":"2024-09-30T14:15:24","date_gmt":"2024-09-30T13:15:24","guid":{"rendered":"https:\/\/zakrasnejsivimperk.cz\/?p=323703"},"modified":"2024-09-30T14:15:24","modified_gmt":"2024-09-30T13:15:24","slug":"z-prvni-ruky-dalnicni-sit-se-rozroste-o-sto-kilometru-cena-dalnicni-znamky-se-od-pristiho-roku-zmeni","status":"publish","type":"post","link":"https:\/\/zakrasnejsivimperk.cz\/?p=323703","title":{"rendered":"Z PRVN\u00cd RUKY: D\u00e1lni\u010dn\u00ed s\u00ed\u0165 se rozroste o sto kilometr\u016f, cena d\u00e1lni\u010dn\u00ed zn\u00e1mky se od p\u0159\u00ed\u0161t\u00edho roku zm\u011bn\u00ed"},"content":{"rendered":"<h6 class=\"-wm-MsoNormal\"><b><img loading=\"lazy\" decoding=\"async\" class=\"size-medium wp-image-184226 alignleft\" src=\"https:\/\/zakrasnejsivimperk.cz\/wp-content\/uploads\/2020\/02\/02\/ministerstvo-dopravy-logo-300x75.jpg\" alt=\"\" width=\"300\" height=\"75\" srcset=\"https:\/\/zakrasnejsivimperk.cz\/wp-content\/uploads\/2020\/02\/02\/ministerstvo-dopravy-logo-300x75.jpg 300w, https:\/\/zakrasnejsivimperk.cz\/wp-content\/uploads\/2020\/02\/02\/ministerstvo-dopravy-logo.jpg 766w\" sizes=\"(max-width: 300px) 100vw, 300px\" \/>Nav\u00fd\u0161en\u00ed cen v\u0161ech druh\u016f d\u00e1lni\u010dn\u00edch zn\u00e1mek je poprv\u00e9 ur\u010deno indexem r\u016fstu spot\u0159ebitelsk\u00fdch cen a meziro\u010dn\u00ed zm\u011bnou d\u00e9lky d\u00e1lnic v provozu. Jednodenn\u00ed zn\u00e1mka se od ledna 2025 nav\u00fd\u0161\u00ed o desetikorunu na 210 korun, ro\u010dn\u00ed pak o 140 korun a bude za 2\u00a0440 korun. Bezemisn\u00ed vozidla nad\u00e1le m\u016f\u017eou na d\u00e1lnice bez poplatku.<\/b><\/h6>\n<p class=\"-wm-MsoNormal\"><i>\u201eMechanismus automatick\u00e9 valorizace v\u0161ech sazeb \u010dasov\u00e9ho poplatku jsme do z\u00e1kona dali, abychom cenu za u\u017e\u00edv\u00e1n\u00ed d\u00e1lnic dlouhodob\u011b udr\u017eeli na stabiln\u00ed \u00farovni, kter\u00e1 odpov\u00edd\u00e1 v\u00fdvoji cen a rozsahu d\u00e1lni\u010dn\u00ed s\u00edt\u011b. Napln\u00ed-li se p\u0159\u00edzniv\u00e1 makroekonomick\u00e1 predikce pro p\u0159\u00ed\u0161t\u00ed rok, nelze u\u017e o\u010dek\u00e1vat z\u00e1sadn\u011bj\u0161\u00ed meziro\u010dn\u00ed zvy\u0161ov\u00e1n\u00ed cen. D\u016fle\u017eit\u00e9 tak\u00e9 je, \u017ee ve\u0161ker\u00e9 pen\u00edze z d\u00e1lni\u010dn\u00edch zn\u00e1mek vrac\u00edme do v\u00fdstavby a \u00fadr\u017eby d\u00e1lnic, fakticky tedy t\u011bm, kte\u0159\u00ed je plat\u00ed<\/i>,\u201c \u0159\u00edk\u00e1 ministr dopravy Martin Kupka.<b><\/b><\/p>\n<p class=\"-wm-MsoNormal\">Ke zv\u00fd\u0161en\u00ed nebo i sn\u00ed\u017een\u00ed sazeb doch\u00e1z\u00ed podle dvou pevn\u011b stanoven\u00fdch krit\u00e9ri\u00ed. Prvn\u00edm krit\u00e9riem je meziro\u010dn\u00ed procentu\u00e1ln\u011b vyj\u00e1d\u0159en\u00fd v\u00fdvoj pr\u016fm\u011brn\u00e9ho ro\u010dn\u00edho indexu spot\u0159ebitelsk\u00fdch cen dle zji\u0161t\u011bn\u00ed \u010cesk\u00e9ho statistick\u00e9ho \u00fa\u0159adu a druh\u00fdm meziro\u010dn\u00ed procentu\u00e1ln\u011b vyj\u00e1d\u0159en\u00e1 zm\u011bna d\u00e9lky d\u00e1lnic v provozu evidovan\u00e1 Ministerstvem dopravy. Ob\u011b hodnoty v procentech se se\u010dtou a podle v\u00fdsledku se uprav\u00ed sazba ro\u010dn\u00ed zn\u00e1mky. Od jej\u00ed hodnoty zaokrouhlen\u00e9 na cel\u00e9 desetikoruny dol\u016f se pak odvozuj\u00ed sazby ostatn\u00edch zn\u00e1mek. Cena d\u00e1lni\u010dn\u00edch zn\u00e1mek se takto poprv\u00e9 uprav\u00ed od 1. ledna 2025.<\/p>\n<p class=\"-wm-MsoNormal\">Pro rok 2025 vych\u00e1z\u00ed v\u00fd\u0161e ro\u010dn\u00edho poplatku na 2\u00a0440 K\u010d, m\u011bs\u00ed\u010dn\u00ed zn\u00e1mka bude za 460 K\u010d, desetidenn\u00ed za 290 K\u010d a jednodenn\u00ed za 210 K\u010d. Podle evropsk\u00e9 sm\u011brnice bude nad\u00e1le odpu\u0161t\u011bn poplatek za pou\u017e\u00edv\u00e1n\u00ed d\u00e1lnic pouze bezemisn\u00edm vozidl\u016fm na elektrick\u00fd pohon nebo na vod\u00edk.<\/p>\n<p class=\"-wm-MsoNormal\">Hybridn\u00ed vozidla s kombinovan\u00fdm mno\u017estv\u00edm emis\u00ed do 50 g CO<sub>2<\/sub>\/km, plat\u00ed 25 % sazby \u010dasov\u00e9ho poplatku. U vozidel v syst\u00e9mu \u010dasov\u00e9ho zpoplatn\u011bn\u00ed poh\u00e1n\u011bn\u00fdch zemn\u00edm plynem nebo biometanem z\u016fstane st\u00e1vaj\u00edc\u00ed m\u00edra zv\u00fdhodn\u011bn\u00ed nedot\u010dena, tedy na \u00farovni 50 % sazby \u010dasov\u00e9ho poplatku.<\/p>\n<p class=\"-wm-MsoNormal\">Aktu\u00e1ln\u011b m\u00e1 \u010desk\u00e1 d\u00e1lni\u010dn\u00ed s\u00ed\u0165 1 340 kilometr\u016f, z toho je bez povinnosti m\u00edt zaplacen\u00fd d\u00e1lni\u010dn\u00ed poplatek 226 kilometr\u016f. V roce 2022 p\u0159ibylo na d\u00e1lni\u010dn\u00ed s\u00edti 21,2 kilometr\u016f, v roce 2023 to bylo celkem 15,4 kilometr\u016f. V roce 2024 je v pl\u00e1nu zprovoznit dohromady p\u0159es 100 kilometr\u016f nov\u00fdch \u00fasek\u016f d\u00e1lnic. Jen \u010d\u00e1st z nich zprovozn\u011bn\u00e1 do l\u00e9ta 2024 se v\u0161ak projev\u00ed v sazb\u011b \u010dasov\u00e9ho poplatku pro rok 2025, zbytek zprovoz\u0148ovan\u00fd v druh\u00e9 p\u016flce roku se do ceny prom\u00edtne a\u017e v roce 2026.<\/p>\n<p><strong>(tz-mdo)<\/strong><\/p>\n<hr \/>\n<p>&nbsp;<\/p>\n<h6>Informujeme:<\/h6>\n<h4 class=\"entry-title\"><a href=\"https:\/\/zakrasnejsivimperk.cz\/?p=323662\" target=\"_blank\" rel=\"noopener\">Celkov\u00e9 environment\u00e1ln\u00ed v\u00fddaje loni p\u0159es\u00e1hly 130 miliard<\/a><\/h4>\n<h4 class=\"entry-title\"><a href=\"https:\/\/zakrasnejsivimperk.cz\/?p=323659\" target=\"_blank\" rel=\"noopener\">Nedostatky z d\u0159\u00edv\u011bj\u0161\u00edch kontrol NK\u00da se Ministerstvu obrany nepoda\u0159ilo zcela napravit. Z 11 opat\u0159en\u00ed nebyla \u010dty\u0159i spln\u011bna v\u016fbec a dal\u0161\u00ed dv\u011b jen \u010d\u00e1ste\u010dn\u011b<\/a><\/h4>\n<h4><a href=\"https:\/\/zakrasnejsivimperk.cz\/?p=323642\" target=\"_blank\" rel=\"noopener\">P\u0158E\u010cT\u011aTE SI U N\u00c1S: Den\u00edk Metro \u2013 30. z\u00e1\u0159\u00ed 2024<\/a><\/h4>\n<h4><a href=\"https:\/\/zakrasnejsivimperk.cz\/?p=323602\" target=\"_blank\" rel=\"noopener\">KOMENT\u00c1\u0158 NA S\u00cdTI: ad Premi\u00e9r Petr Fiala<\/a><\/h4>\n<h4><a href=\"https:\/\/zakrasnejsivimperk.cz\/?p=323570\" target=\"_blank\" rel=\"noopener\">Voli\u010di obm\u011bnili slo\u017een\u00ed t\u0159etiny Sen\u00e1tu<\/a><\/h4>\n<hr \/>\n<p>&nbsp;<\/p>\n","protected":false},"excerpt":{"rendered":"<p>Nav\u00fd\u0161en\u00ed cen <\/p>\n","protected":false},"author":2,"featured_media":323704,"comment_status":"open","ping_status":"open","sticky":false,"template":"","format":"gallery","meta":{"footnotes":""},"categories":[70],"tags":[],"jetpack_featured_media_url":"https:\/\/zakrasnejsivimperk.cz\/wp-content\/uploads\/2024\/09\/30\/z-ruky-md.jpg","_links":{"self":[{"href":"https:\/\/zakrasnejsivimperk.cz\/index.php?rest_route=\/wp\/v2\/posts\/323703"}],"collection":[{"href":"https:\/\/zakrasnejsivimperk.cz\/index.php?rest_route=\/wp\/v2\/posts"}],"about":[{"href":"https:\/\/zakrasnejsivimperk.cz\/index.php?rest_route=\/wp\/v2\/types\/post"}],"author":[{"embeddable":true,"href":"https:\/\/zakrasnejsivimperk.cz\/index.php?rest_route=\/wp\/v2\/users\/2"}],"replies":[{"embeddable":true,"href":"https:\/\/zakrasnejsivimperk.cz\/index.php?rest_route=%2Fwp%2Fv2%2Fcomments&post=323703"}],"version-history":[{"count":1,"href":"https:\/\/zakrasnejsivimperk.cz\/index.php?rest_route=\/wp\/v2\/posts\/323703\/revisions"}],"predecessor-version":[{"id":323705,"href":"https:\/\/zakrasnejsivimperk.cz\/index.php?rest_route=\/wp\/v2\/posts\/323703\/revisions\/323705"}],"wp:featuredmedia":[{"embeddable":true,"href":"https:\/\/zakrasnejsivimperk.cz\/index.php?rest_route=\/wp\/v2\/media\/323704"}],"wp:attachment":[{"href":"https:\/\/zakrasnejsivimperk.cz\/index.php?rest_route=%2Fwp%2Fv2%2Fmedia&parent=323703"}],"wp:term":[{"taxonomy":"category","embeddable":true,"href":"https:\/\/zakrasnejsivimperk.cz\/index.php?rest_route=%2Fwp%2Fv2%2Fcategories&post=323703"},{"taxonomy":"post_tag","embeddable":true,"href":"https:\/\/zakrasnejsivimperk.cz\/index.php?rest_route=%2Fwp%2Fv2%2Ftags&post=323703"}],"curies":[{"name":"wp","href":"https:\/\/api.w.org\/{rel}","templated":true}]}}