{"id":323662,"date":"2024-09-30T12:08:12","date_gmt":"2024-09-30T11:08:12","guid":{"rendered":"https:\/\/zakrasnejsivimperk.cz\/?p=323662"},"modified":"2024-09-30T12:09:13","modified_gmt":"2024-09-30T11:09:13","slug":"z-prvni-ruky-celkove-environmentalni-vydaje-loni-presahly-130-miliard","status":"publish","type":"post","link":"https:\/\/zakrasnejsivimperk.cz\/?p=323662","title":{"rendered":"Z PRVN\u00cd RUKY: Celkov\u00e9 environment\u00e1ln\u00ed v\u00fddaje loni p\u0159es\u00e1hly 130 miliard"},"content":{"rendered":"<h6><img loading=\"lazy\" decoding=\"async\" class=\"size-medium wp-image-219756 alignleft\" src=\"https:\/\/zakrasnejsivimperk.cz\/wp-content\/uploads\/2021\/03\/29\/\u010ds\u00fa-logo-300x81.png\" alt=\"\" width=\"300\" height=\"81\" srcset=\"https:\/\/zakrasnejsivimperk.cz\/wp-content\/uploads\/2021\/03\/29\/\u010ds\u00fa-logo-300x81.png 300w, https:\/\/zakrasnejsivimperk.cz\/wp-content\/uploads\/2021\/03\/29\/\u010ds\u00fa-logo-768x208.png 768w, https:\/\/zakrasnejsivimperk.cz\/wp-content\/uploads\/2021\/03\/29\/\u010ds\u00fa-logo-1024x277.png 1024w, https:\/\/zakrasnejsivimperk.cz\/wp-content\/uploads\/2021\/03\/29\/\u010ds\u00fa-logo.png 1280w\" sizes=\"(max-width: 300px) 100vw, 300px\" \/>Do ochrany \u017eivotn\u00edho prost\u0159ed\u00ed se v roce 2023 v \u010cesku investovalo 36,6 miliard korun. Prioritou byly odpadn\u00ed vody a ochrana ovzdu\u0161\u00ed a klimatu. Neinvesti\u010dn\u00ed n\u00e1klady dos\u00e1hly loni rekordn\u00ed \u00farovn\u011b 93,6 miliard korun, p\u0159i\u010dem\u017e dominovalo nakl\u00e1d\u00e1n\u00ed s odpady.<\/h6>\n<p>Investice na ochranu \u017eivotn\u00edho prost\u0159ed\u00ed dosahuj\u00ed v \u010cesku v posledn\u00edch letech ro\u010dn\u00ed \u00farovn\u011b zhruba 30 miliard korun. V roce 2023 to bylo celkem 36,6 mld. korun. Nejv\u00edce finan\u010dn\u00edch prost\u0159edk\u016f loni proudilo do oblast\u00ed nakl\u00e1d\u00e1n\u00ed s odpadn\u00edmi vodami (31 % ve\u0161ker\u00fdch investic) a ochrana ovzdu\u0161\u00ed a klimatu (25 %). Podobn\u011b tomu bylo i v p\u0159edchoz\u00edm roce (36 % a 24 %).<\/p>\n<p>Podrobnosti: <a href=\"https:\/\/csu.gov.cz\/produkty\/celkove-environmentalni-vydaje-loni-presahly-130-miliard\" target=\"_blank\" rel=\"noopener\"><strong>https:\/\/csu.gov.cz\/produkty\/celkove-environmentalni-vydaje-loni-presahly-130-miliard<\/strong><\/a><\/p>\n<p><strong>(tz-\u010ds\u00fa)<\/strong><\/p>\n<hr \/>\n<p>&nbsp;<\/p>\n<h6>Informujeme:<\/h6>\n<h4 class=\"entry-title\"><a href=\"https:\/\/zakrasnejsivimperk.cz\/?p=323659\" target=\"_blank\" rel=\"noopener\">Nedostatky z d\u0159\u00edv\u011bj\u0161\u00edch kontrol NK\u00da se Ministerstvu obrany nepoda\u0159ilo zcela napravit. Z 11 opat\u0159en\u00ed nebyla \u010dty\u0159i spln\u011bna v\u016fbec a dal\u0161\u00ed dv\u011b jen \u010d\u00e1ste\u010dn\u011b<\/a><\/h4>\n<h4><a href=\"https:\/\/zakrasnejsivimperk.cz\/?p=323642\" target=\"_blank\" rel=\"noopener\">P\u0158E\u010cT\u011aTE SI U N\u00c1S: Den\u00edk Metro \u2013 30. z\u00e1\u0159\u00ed 2024<\/a><\/h4>\n<h4><a href=\"https:\/\/zakrasnejsivimperk.cz\/?p=323602\" target=\"_blank\" rel=\"noopener\">KOMENT\u00c1\u0158 NA S\u00cdTI: ad Premi\u00e9r Petr Fiala<\/a><\/h4>\n<h4><a href=\"https:\/\/zakrasnejsivimperk.cz\/?p=323570\" target=\"_blank\" rel=\"noopener\">Voli\u010di obm\u011bnili slo\u017een\u00ed t\u0159etiny Sen\u00e1tu<\/a><\/h4>\n<hr \/>\n<p>&nbsp;<\/p>\n","protected":false},"excerpt":{"rendered":"<p>Do ochrany <\/p>\n","protected":false},"author":2,"featured_media":323663,"comment_status":"open","ping_status":"open","sticky":false,"template":"","format":"gallery","meta":{"footnotes":""},"categories":[70],"tags":[],"jetpack_featured_media_url":"https:\/\/zakrasnejsivimperk.cz\/wp-content\/uploads\/2024\/09\/30\/z-ruky-csu.jpg","_links":{"self":[{"href":"https:\/\/zakrasnejsivimperk.cz\/index.php?rest_route=\/wp\/v2\/posts\/323662"}],"collection":[{"href":"https:\/\/zakrasnejsivimperk.cz\/index.php?rest_route=\/wp\/v2\/posts"}],"about":[{"href":"https:\/\/zakrasnejsivimperk.cz\/index.php?rest_route=\/wp\/v2\/types\/post"}],"author":[{"embeddable":true,"href":"https:\/\/zakrasnejsivimperk.cz\/index.php?rest_route=\/wp\/v2\/users\/2"}],"replies":[{"embeddable":true,"href":"https:\/\/zakrasnejsivimperk.cz\/index.php?rest_route=%2Fwp%2Fv2%2Fcomments&post=323662"}],"version-history":[{"count":2,"href":"https:\/\/zakrasnejsivimperk.cz\/index.php?rest_route=\/wp\/v2\/posts\/323662\/revisions"}],"predecessor-version":[{"id":323665,"href":"https:\/\/zakrasnejsivimperk.cz\/index.php?rest_route=\/wp\/v2\/posts\/323662\/revisions\/323665"}],"wp:featuredmedia":[{"embeddable":true,"href":"https:\/\/zakrasnejsivimperk.cz\/index.php?rest_route=\/wp\/v2\/media\/323663"}],"wp:attachment":[{"href":"https:\/\/zakrasnejsivimperk.cz\/index.php?rest_route=%2Fwp%2Fv2%2Fmedia&parent=323662"}],"wp:term":[{"taxonomy":"category","embeddable":true,"href":"https:\/\/zakrasnejsivimperk.cz\/index.php?rest_route=%2Fwp%2Fv2%2Fcategories&post=323662"},{"taxonomy":"post_tag","embeddable":true,"href":"https:\/\/zakrasnejsivimperk.cz\/index.php?rest_route=%2Fwp%2Fv2%2Ftags&post=323662"}],"curies":[{"name":"wp","href":"https:\/\/api.w.org\/{rel}","templated":true}]}}