{"id":323642,"date":"2024-09-30T07:46:20","date_gmt":"2024-09-30T06:46:20","guid":{"rendered":"https:\/\/zakrasnejsivimperk.cz\/?p=323642"},"modified":"2024-09-30T07:46:20","modified_gmt":"2024-09-30T06:46:20","slug":"prectete-si-u-nas-denik-metro-30-zari-2024","status":"publish","type":"post","link":"https:\/\/zakrasnejsivimperk.cz\/?p=323642","title":{"rendered":"P\u0158E\u010cT\u011aTE SI U N\u00c1S: Den\u00edk Metro \u2013 30. z\u00e1\u0159\u00ed 2024"},"content":{"rendered":"<h6>Noviny otev\u0159ete kliknut\u00edm na obr\u00e1zek:<\/h6>\n<p><a href=\"https:\/\/e.metro.cz\/default.aspx?d=30.09.2024&amp;e=ME-BUDEJOVICE#strana=2\" target=\"_blank\" rel=\"noopener\"><img loading=\"lazy\" decoding=\"async\" class=\"aligncenter wp-image-323646 size-full\" src=\"https:\/\/zakrasnejsivimperk.cz\/wp-content\/uploads\/2024\/09\/29\/metro-300924.jpg\" alt=\"\" width=\"1270\" height=\"1774\" srcset=\"https:\/\/zakrasnejsivimperk.cz\/wp-content\/uploads\/2024\/09\/29\/metro-300924.jpg 1270w, https:\/\/zakrasnejsivimperk.cz\/wp-content\/uploads\/2024\/09\/29\/metro-300924-215x300.jpg 215w, https:\/\/zakrasnejsivimperk.cz\/wp-content\/uploads\/2024\/09\/29\/metro-300924-733x1024.jpg 733w, https:\/\/zakrasnejsivimperk.cz\/wp-content\/uploads\/2024\/09\/29\/metro-300924-768x1073.jpg 768w, https:\/\/zakrasnejsivimperk.cz\/wp-content\/uploads\/2024\/09\/29\/metro-300924-1100x1536.jpg 1100w, https:\/\/zakrasnejsivimperk.cz\/wp-content\/uploads\/2024\/09\/29\/metro-300924-256x357.jpg 256w, https:\/\/zakrasnejsivimperk.cz\/wp-content\/uploads\/2024\/09\/29\/metro-300924-346x483.jpg 346w\" sizes=\"(max-width: 1270px) 100vw, 1270px\" \/><\/a><\/p>\n<hr \/>\n<p>&nbsp;<\/p>\n","protected":false},"excerpt":{"rendered":"<p>Noviny otev\u0159ete <\/p>\n","protected":false},"author":2,"featured_media":323646,"comment_status":"open","ping_status":"open","sticky":false,"template":"","format":"gallery","meta":{"footnotes":""},"categories":[70,37,90],"tags":[],"jetpack_featured_media_url":"https:\/\/zakrasnejsivimperk.cz\/wp-content\/uploads\/2024\/09\/29\/metro-300924.jpg","_links":{"self":[{"href":"https:\/\/zakrasnejsivimperk.cz\/index.php?rest_route=\/wp\/v2\/posts\/323642"}],"collection":[{"href":"https:\/\/zakrasnejsivimperk.cz\/index.php?rest_route=\/wp\/v2\/posts"}],"about":[{"href":"https:\/\/zakrasnejsivimperk.cz\/index.php?rest_route=\/wp\/v2\/types\/post"}],"author":[{"embeddable":true,"href":"https:\/\/zakrasnejsivimperk.cz\/index.php?rest_route=\/wp\/v2\/users\/2"}],"replies":[{"embeddable":true,"href":"https:\/\/zakrasnejsivimperk.cz\/index.php?rest_route=%2Fwp%2Fv2%2Fcomments&post=323642"}],"version-history":[{"count":2,"href":"https:\/\/zakrasnejsivimperk.cz\/index.php?rest_route=\/wp\/v2\/posts\/323642\/revisions"}],"predecessor-version":[{"id":323647,"href":"https:\/\/zakrasnejsivimperk.cz\/index.php?rest_route=\/wp\/v2\/posts\/323642\/revisions\/323647"}],"wp:featuredmedia":[{"embeddable":true,"href":"https:\/\/zakrasnejsivimperk.cz\/index.php?rest_route=\/wp\/v2\/media\/323646"}],"wp:attachment":[{"href":"https:\/\/zakrasnejsivimperk.cz\/index.php?rest_route=%2Fwp%2Fv2%2Fmedia&parent=323642"}],"wp:term":[{"taxonomy":"category","embeddable":true,"href":"https:\/\/zakrasnejsivimperk.cz\/index.php?rest_route=%2Fwp%2Fv2%2Fcategories&post=323642"},{"taxonomy":"post_tag","embeddable":true,"href":"https:\/\/zakrasnejsivimperk.cz\/index.php?rest_route=%2Fwp%2Fv2%2Ftags&post=323642"}],"curies":[{"name":"wp","href":"https:\/\/api.w.org\/{rel}","templated":true}]}}