{"id":323602,"date":"2024-09-29T15:53:31","date_gmt":"2024-09-29T14:53:31","guid":{"rendered":"https:\/\/zakrasnejsivimperk.cz\/?p=323602"},"modified":"2024-09-29T15:53:31","modified_gmt":"2024-09-29T14:53:31","slug":"komentar-na-siti-ad-premier-petr-fiala","status":"publish","type":"post","link":"https:\/\/zakrasnejsivimperk.cz\/?p=323602","title":{"rendered":"KOMENT\u00c1\u0158 NA S\u00cdTI: ad Premi\u00e9r Petr Fiala"},"content":{"rendered":"<p><img loading=\"lazy\" decoding=\"async\" class=\"aligncenter wp-image-323603 size-full\" src=\"https:\/\/zakrasnejsivimperk.cz\/wp-content\/uploads\/2024\/09\/29\/ram-fb-dlabajova.jpg\" alt=\"\" width=\"920\" height=\"1100\" srcset=\"https:\/\/zakrasnejsivimperk.cz\/wp-content\/uploads\/2024\/09\/29\/ram-fb-dlabajova.jpg 920w, https:\/\/zakrasnejsivimperk.cz\/wp-content\/uploads\/2024\/09\/29\/ram-fb-dlabajova-251x300.jpg 251w, https:\/\/zakrasnejsivimperk.cz\/wp-content\/uploads\/2024\/09\/29\/ram-fb-dlabajova-856x1024.jpg 856w, https:\/\/zakrasnejsivimperk.cz\/wp-content\/uploads\/2024\/09\/29\/ram-fb-dlabajova-768x918.jpg 768w, https:\/\/zakrasnejsivimperk.cz\/wp-content\/uploads\/2024\/09\/29\/ram-fb-dlabajova-299x357.jpg 299w, https:\/\/zakrasnejsivimperk.cz\/wp-content\/uploads\/2024\/09\/29\/ram-fb-dlabajova-404x483.jpg 404w\" sizes=\"(max-width: 920px) 100vw, 920px\" \/><\/p>\n<p style=\"text-align: center;\"><strong>Zdroj: FB &#8211; <a href=\"https:\/\/www.facebook.com\/zuzana.dlabajova\" target=\"_blank\" rel=\"noopener\">Zuzana DLABAJOV\u00c1<\/a><\/strong><\/p>\n<hr \/>\n<p>&nbsp;<\/p>\n","protected":false},"excerpt":{"rendered":"<p>Zdroj: FB <\/p>\n","protected":false},"author":2,"featured_media":323603,"comment_status":"open","ping_status":"open","sticky":false,"template":"","format":"gallery","meta":{"footnotes":""},"categories":[70],"tags":[],"jetpack_featured_media_url":"https:\/\/zakrasnejsivimperk.cz\/wp-content\/uploads\/2024\/09\/29\/ram-fb-dlabajova.jpg","_links":{"self":[{"href":"https:\/\/zakrasnejsivimperk.cz\/index.php?rest_route=\/wp\/v2\/posts\/323602"}],"collection":[{"href":"https:\/\/zakrasnejsivimperk.cz\/index.php?rest_route=\/wp\/v2\/posts"}],"about":[{"href":"https:\/\/zakrasnejsivimperk.cz\/index.php?rest_route=\/wp\/v2\/types\/post"}],"author":[{"embeddable":true,"href":"https:\/\/zakrasnejsivimperk.cz\/index.php?rest_route=\/wp\/v2\/users\/2"}],"replies":[{"embeddable":true,"href":"https:\/\/zakrasnejsivimperk.cz\/index.php?rest_route=%2Fwp%2Fv2%2Fcomments&post=323602"}],"version-history":[{"count":1,"href":"https:\/\/zakrasnejsivimperk.cz\/index.php?rest_route=\/wp\/v2\/posts\/323602\/revisions"}],"predecessor-version":[{"id":323604,"href":"https:\/\/zakrasnejsivimperk.cz\/index.php?rest_route=\/wp\/v2\/posts\/323602\/revisions\/323604"}],"wp:featuredmedia":[{"embeddable":true,"href":"https:\/\/zakrasnejsivimperk.cz\/index.php?rest_route=\/wp\/v2\/media\/323603"}],"wp:attachment":[{"href":"https:\/\/zakrasnejsivimperk.cz\/index.php?rest_route=%2Fwp%2Fv2%2Fmedia&parent=323602"}],"wp:term":[{"taxonomy":"category","embeddable":true,"href":"https:\/\/zakrasnejsivimperk.cz\/index.php?rest_route=%2Fwp%2Fv2%2Fcategories&post=323602"},{"taxonomy":"post_tag","embeddable":true,"href":"https:\/\/zakrasnejsivimperk.cz\/index.php?rest_route=%2Fwp%2Fv2%2Ftags&post=323602"}],"curies":[{"name":"wp","href":"https:\/\/api.w.org\/{rel}","templated":true}]}}