{"id":323570,"date":"2024-09-29T13:35:36","date_gmt":"2024-09-29T12:35:36","guid":{"rendered":"https:\/\/zakrasnejsivimperk.cz\/?p=323570"},"modified":"2024-09-29T13:38:15","modified_gmt":"2024-09-29T12:38:15","slug":"z-prvni-ruky-volici-obmenili-slozeni-tretiny-senatu","status":"publish","type":"post","link":"https:\/\/zakrasnejsivimperk.cz\/?p=323570","title":{"rendered":"Z PRVN\u00cd RUKY: Voli\u010di obm\u011bnili slo\u017een\u00ed t\u0159etiny Sen\u00e1tu"},"content":{"rendered":"<h6><b><img loading=\"lazy\" decoding=\"async\" class=\"size-medium wp-image-219756 alignleft\" src=\"https:\/\/zakrasnejsivimperk.cz\/wp-content\/uploads\/2021\/03\/29\/\u010ds\u00fa-logo-300x81.png\" alt=\"\" width=\"300\" height=\"81\" srcset=\"https:\/\/zakrasnejsivimperk.cz\/wp-content\/uploads\/2021\/03\/29\/\u010ds\u00fa-logo-300x81.png 300w, https:\/\/zakrasnejsivimperk.cz\/wp-content\/uploads\/2021\/03\/29\/\u010ds\u00fa-logo-768x208.png 768w, https:\/\/zakrasnejsivimperk.cz\/wp-content\/uploads\/2021\/03\/29\/\u010ds\u00fa-logo-1024x277.png 1024w, https:\/\/zakrasnejsivimperk.cz\/wp-content\/uploads\/2021\/03\/29\/\u010ds\u00fa-logo.png 1280w\" sizes=\"(max-width: 300px) 100vw, 300px\" \/>\u010cesk\u00fd statistick\u00fd \u00fa\u0159ad dnes druh\u00fdm kolem ukon\u010dil zpracov\u00e1n\u00ed v\u00fdsledk\u016f voleb do Sen\u00e1tu Parlamentu \u010cR. Do sen\u00e1torsk\u00fdch lavic voli\u010di vyslali na p\u0159\u00ed\u0161t\u00edch \u0161est let 23 mu\u017e\u016f a 4 \u017eeny.<\/b><\/h6>\n<p>Druh\u00e9 kolo voleb se uskute\u010dnilo ve 22 sen\u00e1tn\u00edch obvodech, ji\u017e v prvn\u00edm kole bylo zvoleno p\u011bt sen\u00e1torek a sen\u00e1tor\u016f.<\/p>\n<p>V prvn\u00edm kole, kter\u00e9 se konalo spolu s volbami do krajsk\u00fdch zastupitelstev, p\u0159i\u0161lo k sen\u00e1tn\u00edm volb\u00e1m 30,47 % voli\u010d\u016f, ve druh\u00e9m kole volby to pak bylo 17,54 %. P\u0159ed dv\u011bma lety p\u0159itom z\u00e1jem o sen\u00e1tn\u00ed volby projevilo v prvn\u00edm kole 42,65 % voli\u010d\u016f, v kole druh\u00e9m 19,44 % voli\u010d\u016f.<\/p>\n<p>Nejvy\u0161\u0161\u00ed volebn\u00ed \u00fa\u010dast byla ve volebn\u00edm obvodu \u010d. 68 &#8211; Opava, k volb\u00e1m zde dorazilo 23,30 % voli\u010d\u016f. Naopak nejmen\u0161\u00ed z\u00e1jem o druh\u00e9 kolo sen\u00e1tn\u00edch voleb zaznamenal obvod \u010d. 62 &#8211; Prost\u011bjov, kde volebn\u00ed \u00fa\u010dast \u010dinila 12,15 %.<\/p>\n<p><i>\u201eNejt\u011bsn\u011bj\u0161\u00edm rozd\u00edlem hlas\u016f skon\u010dilo druh\u00e9 kolo sen\u00e1tn\u00edch voleb ve volebn\u00edm obvodu Zl\u00edn. Rozd\u00edl mezi v\u00edt\u011bzem a pora\u017een\u00fdm zde \u010dinil 731 hlas\u016f. V\u016fbec nejmlad\u0161\u00edmu zvolen\u00e9mu sen\u00e1torovi je 40 let a je historicky 13. sen\u00e1torem zvolen\u00fdm v tomto nejni\u017e\u0161\u00edm mo\u017en\u00e9m v\u011bku. Nejstar\u0161\u00edmu zvolen\u00e9mu je pak 75 let,\u201c<\/i>\u00a0upozor\u0148uje Eva Krumpov\u00e1, 1. m\u00edstop\u0159edsedkyn\u011b \u010cesk\u00e9ho statistick\u00e9ho \u00fa\u0159adu. Pr\u016fm\u011brn\u00fd v\u011bk nov\u011b zvolen\u00fdch sen\u00e1tor\u016f a sen\u00e1torek je 53,7 let.<\/p>\n<p>Pro \u00fa\u010dast v sen\u00e1tn\u00edch volb\u00e1ch bylo ve 27 volebn\u00edch obvodech zaregistrov\u00e1no celkem 169 kandid\u00e1t\u016f, z toho 140 mu\u017e\u016f a 29 \u017een. Pr\u016fm\u011brn\u00fd v\u011bk kandid\u00e1t\u016f na sen\u00e1tora \u010di sen\u00e1torku byl 56,6 let.<\/p>\n<p>Posledn\u00ed okrsek byl zpracov\u00e1n v sobotu v 16.25 hodin. V pond\u011bl\u00ed r\u00e1no v\u00fdsledky hlasov\u00e1n\u00ed projedn\u00e1 St\u00e1tn\u00ed volebn\u00ed komise. Po jejich schv\u00e1len\u00ed budou uve\u0159ejn\u011bny ve Sb\u00edrce z\u00e1kon\u016f.<\/p>\n<p><strong>(tz-\u010ds\u00fa)<\/strong><\/p>\n<hr \/>\n<p>&nbsp;<\/p>\n","protected":false},"excerpt":{"rendered":"<p>\u010cesk\u00fd statistick\u00fd <\/p>\n","protected":false},"author":2,"featured_media":323571,"comment_status":"open","ping_status":"open","sticky":false,"template":"","format":"gallery","meta":{"footnotes":""},"categories":[70],"tags":[],"jetpack_featured_media_url":"https:\/\/zakrasnejsivimperk.cz\/wp-content\/uploads\/2024\/09\/29\/z-ruky-volici.jpg","_links":{"self":[{"href":"https:\/\/zakrasnejsivimperk.cz\/index.php?rest_route=\/wp\/v2\/posts\/323570"}],"collection":[{"href":"https:\/\/zakrasnejsivimperk.cz\/index.php?rest_route=\/wp\/v2\/posts"}],"about":[{"href":"https:\/\/zakrasnejsivimperk.cz\/index.php?rest_route=\/wp\/v2\/types\/post"}],"author":[{"embeddable":true,"href":"https:\/\/zakrasnejsivimperk.cz\/index.php?rest_route=\/wp\/v2\/users\/2"}],"replies":[{"embeddable":true,"href":"https:\/\/zakrasnejsivimperk.cz\/index.php?rest_route=%2Fwp%2Fv2%2Fcomments&post=323570"}],"version-history":[{"count":1,"href":"https:\/\/zakrasnejsivimperk.cz\/index.php?rest_route=\/wp\/v2\/posts\/323570\/revisions"}],"predecessor-version":[{"id":323572,"href":"https:\/\/zakrasnejsivimperk.cz\/index.php?rest_route=\/wp\/v2\/posts\/323570\/revisions\/323572"}],"wp:featuredmedia":[{"embeddable":true,"href":"https:\/\/zakrasnejsivimperk.cz\/index.php?rest_route=\/wp\/v2\/media\/323571"}],"wp:attachment":[{"href":"https:\/\/zakrasnejsivimperk.cz\/index.php?rest_route=%2Fwp%2Fv2%2Fmedia&parent=323570"}],"wp:term":[{"taxonomy":"category","embeddable":true,"href":"https:\/\/zakrasnejsivimperk.cz\/index.php?rest_route=%2Fwp%2Fv2%2Fcategories&post=323570"},{"taxonomy":"post_tag","embeddable":true,"href":"https:\/\/zakrasnejsivimperk.cz\/index.php?rest_route=%2Fwp%2Fv2%2Ftags&post=323570"}],"curies":[{"name":"wp","href":"https:\/\/api.w.org\/{rel}","templated":true}]}}