{"id":323452,"date":"2024-09-29T14:06:40","date_gmt":"2024-09-29T13:06:40","guid":{"rendered":"https:\/\/zakrasnejsivimperk.cz\/?p=323452"},"modified":"2024-09-29T14:06:41","modified_gmt":"2024-09-29T13:06:41","slug":"jizni-cechy-co-se-deje-v-prachaticich-informace-o-jednani-rady-mesta-23-9","status":"publish","type":"post","link":"https:\/\/zakrasnejsivimperk.cz\/?p=323452","title":{"rendered":"JI\u017dN\u00cd \u010cECHY: Co se d\u011bje v Prachatic\u00edch. Informace o jedn\u00e1n\u00ed rady m\u011bsta \u2013 23. 9."},"content":{"rendered":"<figure id=\"attachment_310437\" aria-describedby=\"caption-attachment-310437\" style=\"width: 1100px\" class=\"wp-caption aligncenter\"><img loading=\"lazy\" decoding=\"async\" class=\"wp-image-310437 size-full\" src=\"https:\/\/zakrasnejsivimperk.cz\/wp-content\/uploads\/2024\/06\/08\/prachatice-16-kolo.jpg\" alt=\"\" width=\"1100\" height=\"778\" srcset=\"https:\/\/zakrasnejsivimperk.cz\/wp-content\/uploads\/2024\/06\/08\/prachatice-16-kolo.jpg 1100w, https:\/\/zakrasnejsivimperk.cz\/wp-content\/uploads\/2024\/06\/08\/prachatice-16-kolo-300x212.jpg 300w, https:\/\/zakrasnejsivimperk.cz\/wp-content\/uploads\/2024\/06\/08\/prachatice-16-kolo-1024x724.jpg 1024w, https:\/\/zakrasnejsivimperk.cz\/wp-content\/uploads\/2024\/06\/08\/prachatice-16-kolo-768x543.jpg 768w, https:\/\/zakrasnejsivimperk.cz\/wp-content\/uploads\/2024\/06\/08\/prachatice-16-kolo-505x357.jpg 505w, https:\/\/zakrasnejsivimperk.cz\/wp-content\/uploads\/2024\/06\/08\/prachatice-16-kolo-683x483.jpg 683w\" sizes=\"(max-width: 1100px) 100vw, 1100px\" \/><figcaption id=\"caption-attachment-310437\" class=\"wp-caption-text\">Prachatice \/ Foto: (red) \u2013 Za kr\u00e1sn\u011bj\u0161\u00ed Vimperk<\/figcaption><\/figure>\n<hr \/>\n<p>&nbsp;<\/p>\n<h6><b>Rekonstrukce horsk\u00e9 chaty Lib\u00edn<\/b><\/h6>\n<p>Zastupitel\u00e9 m\u011bsta Prachatice na dubnov\u00e9m jedn\u00e1n\u00ed odstartovali v\u00fdstavbu horsk\u00e9 chaty Lib\u00edn. Koncem m\u011bs\u00edce kv\u011btna si v\u00edt\u011bzn\u00fd dodavatel p\u0159evzal staveni\u0161t\u011b. Aktu\u00e1ln\u011b prob\u00edhaj\u00ed pr\u00e1ce na vodohospod\u00e1\u0159sk\u00fdch objektech a nov\u00e9 st\u0159e\u0161n\u00ed konstrukci horsk\u00e9 chaty. Paraleln\u011b se \u0159e\u0161\u00ed drobn\u00e9 zm\u011bny reflektuj\u00edc\u00ed p\u0159edev\u0161\u00edm na n\u00e1ro\u010dnost zemn\u00edch prac\u00ed s\u00a0ohledem na komplikovan\u011bj\u0161\u00ed podlo\u017e\u00ed a t\u00edm souvisej\u00edc\u00ed \u00fapravy de\u0161\u0165ov\u00e9 kanalizace a vsakovac\u00edch objekt\u016f. Na stavb\u011b prob\u00edhaj\u00ed ka\u017ed\u00fd t\u00fdden kontroln\u00ed dny a radn\u00ed jsou o pr\u016fb\u011bhu rekonstrukce pravideln\u011b informov\u00e1ni.<\/p>\n<p>Nov\u011b vznikl\u00e1 restaurace na vrcholu Lib\u00edna bude disponovat\u00a0kapacitou 46 host\u016f a 10 ubytovac\u00edch l\u016f\u017eek. Na vnit\u0159n\u00ed \u010d\u00e1st navazuje letn\u00ed terasa s dal\u0161\u00edmi cca 50 m\u00edsty s bezprost\u0159edn\u00ed vazbou na okoln\u00ed voln\u00e9 zatravn\u011bn\u00e9 plochy. V\u00a0r\u00e1mci realizace projektu budou vybudov\u00e1na parkovac\u00ed st\u00e1n\u00ed a nov\u00e9 zpevn\u011bn\u00e9 plochy. Sou\u010d\u00e1st\u00ed investice je \u010cOV a vrty pro tepeln\u00e9 \u010derpadlo. Po celou dobu v\u00fdstavby horsk\u00e9 chaty z\u016fst\u00e1v\u00e1 rozhledna na vrcholu Lib\u00edna ve\u0159ejnosti p\u0159\u00edstupn\u00e1, pouze je omezen pohyb n\u00e1v\u0161t\u011bvn\u00edk\u016f v\u00a0jej\u00edm okol\u00ed z\u00a0d\u016fvodu bezpe\u010dnosti pr\u00e1ce.\u00a0 Stavba pokra\u010duje dle harmonogramu a jej\u00ed dokon\u010den\u00ed se p\u0159edpokl\u00e1d\u00e1 p\u0159ed zah\u00e1jen\u00edm letn\u00ed sez\u00f3ny 2025.<\/p>\n<p>&nbsp;<\/p>\n<h6><b>Budovu v\u00a0\u017di\u017ekov\u011b ulici \u010dek\u00e1 demolice<\/b><\/h6>\n<p>Odbor komun\u00e1ln\u00edch slu\u017eeb, dopravy a energetiky zorganizoval v\u00fdb\u011brov\u00e9 \u0159\u00edzen\u00ed na demolici nevyu\u017e\u00edvan\u00e9ho objektu v\u00a0\u017dizkov\u011b ulici. Jedn\u00e1 se o tzv. likus\u00e1k, kter\u00fd v\u00a0minulosti slou\u017eil jako dru\u017eina sousedn\u00ed Z\u00e1kladn\u00ed \u0161koly ve Vod\u0148ansk\u00e9 ulici, n\u00e1sledn\u011b zde m\u00edstn\u00ed obyvatel\u00e9 nav\u0161t\u011bvovali provozovnu \u0161evce. Aktu\u00e1ln\u011b je v\u0161ak objekt del\u0161\u00ed dobu bez vyu\u017eit\u00ed a ve zch\u00e1tral\u00e9m stavu. Konstruk\u010dn\u00ed \u0159e\u0161en\u00ed budovy a zejm\u00e9na pou\u017eit\u00e9 stavebn\u00ed materi\u00e1ly prakticky neumo\u017e\u0148uj\u00ed efektivn\u00ed a ekonomicky rozumnou rekonstrukci pro n\u00e1sledn\u00e9 vyu\u017eit\u00ed. Radn\u00ed proto na sv\u00e9m pond\u011bln\u00edm jedn\u00e1n\u00ed dali zelenou vedouc\u00edmu odboru Lubo\u0161i Kvasni\u010dkovi k\u00a0jedn\u00e1n\u00ed o podpisu smlouvy s\u00a0v\u00edt\u011bznou firmou SAMPROS-STAV s.r.o., kter\u00e1 by m\u011bla samotnou demolici realizovat. <em>\u201eZ \u017di\u017ekovy ulice doufejme zmiz\u00ed objekt, kter\u00fd mnoho ob\u010dan\u016f z\u00a0Prachatic m\u016f\u017ee m\u00edt ve vzpom\u00ednk\u00e1ch na d\u00e1vn\u00e1 \u0161koln\u00ed l\u00e9ta, ale na kter\u00fd si z\u00e1rove\u0148 mnoho ob\u010dan\u016f zt\u011b\u017euje, proto\u017ee je nevzhledn\u00fd. Z\u00e1rove\u0148 p\u0159edstavuje ji\u017e jen ekologickou z\u00e1t\u011b\u017e pro m\u011bsto,\u201c<\/em> konstatoval rozhodnut\u00ed rady m\u011bsta starosta Jan Bauer.<\/p>\n<p>&nbsp;<\/p>\n<h6><b>Pod\u011bkov\u00e1n\u00ed za poskytnutou dopravu<\/b><\/h6>\n<p>Starosta m\u011bsta Jan Bauer informoval radn\u00ed o dopisu, kter\u00fd m\u011bstu Prachatice zaslal starosta obce Zdenice. P\u0159edm\u011btem dopisu je pod\u011bkov\u00e1n\u00ed za zaji\u0161t\u011bn\u00ed dopravy z\u00a0obce Zdenice do m\u011bsta Prachatice pro \u0161koln\u00ed d\u011bti v obdob\u00ed od 02.09. do 09.09.2024, tedy po dobu opravy \u017eelezni\u010dn\u00edho p\u0159ejezdu P1457 v Prachatic\u00edch. Doprava poskytnut\u00e1 m\u011bstem Prachatice pro \u0161koln\u00ed d\u011bti byla pro ob\u010dany Zdenic velk\u00fdm p\u0159\u00ednosem. <em>\u201eNejen pod\u011bkov\u00e1n\u00ed, ale i skute\u010dnost, \u017ee Spr\u00e1va \u017eeleznic pr\u00e1ce na \u017eelezni\u010dn\u00edch p\u0159ejezdech dokon\u010dila ve stanoven\u00fdch term\u00ednech, n\u00e1s t\u011b\u0161\u00ed. A jist\u011b opraven\u00e9 p\u0159ejezdy t\u011b\u0161\u00ed i proj\u00ed\u017ed\u011bj\u00edc\u00ed \u0159idi\u010de,\u201c<\/em> shrnul starosta m\u011bsta.<\/p>\n<p>&nbsp;<\/p>\n<p><strong>Jana HULE\u0160OV\u00c1, M\u011bsto Prachatice<\/strong><\/p>\n<hr \/>\n<p>&nbsp;<\/p>\n<h6>Jin\u00e9 zpr\u00e1vy z Prachatic:<\/h6>\n<h4 class=\"entry-title\"><a href=\"https:\/\/zakrasnejsivimperk.cz\/?p=321160\" target=\"_blank\" rel=\"noopener\">JI\u017dN\u00cd \u010cECHY: Co se d\u011bje v Prachatic\u00edch. Informace z jedn\u00e1n\u00ed zastupitel\u016f m\u011bsta<\/a><\/h4>\n<h4><a href=\"https:\/\/zakrasnejsivimperk.cz\/?p=320521\" target=\"_blank\" rel=\"noopener\">JI\u017dN\u00cd \u010cECHY: Nemocnice chyst\u00e1 projekt na prevenci kolorekt\u00e1ln\u00edho karcinomu<\/a><\/h4>\n<h4><a href=\"https:\/\/zakrasnejsivimperk.cz\/?p=319364\" target=\"_blank\" rel=\"noopener\">JI\u017dN\u00cd \u010cECHY: Co se d\u011bje v Prachatic\u00edch. Informace o jedn\u00e1n\u00ed rady m\u011bsta \u2013 26. 8.<\/a><\/h4>\n<h4><a href=\"https:\/\/zakrasnejsivimperk.cz\/?p=319096\" target=\"_blank\" rel=\"noopener\">JI\u017dN\u00cd \u010cECHY: Stavba\u0159i na t\u0159i dny uzav\u0159ou silnici z Prachatic na Lib\u00ednsk\u00e9 Sedlo<\/a><\/h4>\n<h4><a href=\"https:\/\/zakrasnejsivimperk.cz\/?p=317672\" target=\"_blank\" rel=\"noopener\">JI\u017dN\u00cd \u010cECHY: Prachatick\u00e9 Kole\u010dko bude slou\u017eit lidem, kte\u0159\u00ed se po nehod\u011b, \u00farazu \u010di nemoci ocitli na voz\u00ed\u010dku<\/a><\/h4>\n<h4><a href=\"https:\/\/zakrasnejsivimperk.cz\/?p=316967\" target=\"_blank\" rel=\"noopener\">JI\u017dN\u00cd \u010cECHY: Prachatick\u00e1 nemocnice po rekonstrukci znovu otev\u00edr\u00e1 porodn\u00ed s\u00e1ly<\/a><\/h4>\n<h4><a href=\"https:\/\/zakrasnejsivimperk.cz\/?p=315416\" target=\"_blank\" rel=\"noopener\">JI\u017dN\u00cd \u010cECHY: Co se d\u011bje v Prachatic\u00edch. Informace o jedn\u00e1n\u00ed rady m\u011bsta \u2013 22. 7.<\/a><\/h4>\n<h4><a href=\"https:\/\/zakrasnejsivimperk.cz\/?p=312427\" target=\"_blank\" rel=\"noopener\">JI\u017dN\u00cd \u010cECHY: Co se d\u011bje v Prachatic\u00edch. Informace o jedn\u00e1n\u00ed rady m\u011bsta \u2013 24. 6.<\/a><\/h4>\n<h4><a href=\"https:\/\/zakrasnejsivimperk.cz\/?p=311044\" target=\"_blank\" rel=\"noopener\">JI\u017dN\u00cd \u010cECHY: Co se d\u011bje v Prachatic\u00edch. Informace o jedn\u00e1n\u00ed rady m\u011bsta \u2013 10. 6.<\/a><\/h4>\n<h4 class=\"entry-title\"><a href=\"https:\/\/zakrasnejsivimperk.cz\/?p=309241\" target=\"_blank\" rel=\"noopener\">JI\u017dN\u00cd \u010cECHY: Co se d\u011bje v Prachatic\u00edch. Informace o jedn\u00e1n\u00ed rady m\u011bsta \u2013 27. 5.<\/a><\/h4>\n<h4><a href=\"https:\/\/zakrasnejsivimperk.cz\/?p=308244\" target=\"_blank\" rel=\"noopener\">JI\u017dN\u00cd \u010cECHY: Prachatice maj\u00ed novou kv\u011btinovou v\u00fdzdobu v centru m\u011bsta<\/a><\/h4>\n<h4><a href=\"https:\/\/zakrasnejsivimperk.cz\/?p=306574\" target=\"_blank\" rel=\"noopener\">JI\u017dN\u00cd \u010cECHY: Co se d\u011bje v Prachatic\u00edch. Informace o jedn\u00e1n\u00ed rady m\u011bsta 29. 4.<\/a><\/h4>\n<h4><a href=\"https:\/\/zakrasnejsivimperk.cz\/?p=306137\" target=\"_blank\" rel=\"noopener\">JI\u017dN\u00cd \u010cECHY: Co se d\u011bje v Prachatic\u00edch. Informace o jedn\u00e1n\u00ed zastupitel\u016f 29. 4.<\/a><\/h4>\n<h4><a href=\"https:\/\/zakrasnejsivimperk.cz\/?p=306578\" target=\"_blank\" rel=\"noopener\">JI\u017dN\u00cd \u010cECHY: Uzav\u0159en\u00edm Po\u0161tovn\u00ed ulice vznikl klidn\u00fd ve\u0159ejn\u00fd prostor v centru<\/a><\/h4>\n<h4><a href=\"https:\/\/zakrasnejsivimperk.cz\/?p=299453\" target=\"_blank\" rel=\"noopener\">JI\u017dN\u00cd \u010cECHY: Prachatice op\u011bt odpust\u00ed poplatek za provozov\u00e1n\u00ed p\u0159edzahr\u00e1dek<\/a><\/h4>\n<h4><a href=\"https:\/\/zakrasnejsivimperk.cz\/?p=305487\" target=\"_blank\" rel=\"noopener\">JI\u017dN\u00cd \u010cECHY: Oprava unik\u00e1tn\u00edch slune\u010dn\u00edch hodin na Mal\u00e9m n\u00e1m\u011bst\u00ed v Prachatic\u00edch je dokon\u010dena<\/a><\/h4>\n<h4><a href=\"https:\/\/zakrasnejsivimperk.cz\/?p=303157\" target=\"_blank\" rel=\"noopener\">JI\u017dN\u00cd \u010cECHY: Prachatice v sobotu slavnostn\u011b otev\u0159ely kongresov\u00e9 centrum, jak\u00e9 Vimperk m\u016f\u017ee jen z\u00e1vid\u011bt<\/a><\/h4>\n<hr \/>\n<p>&nbsp;<\/p>\n","protected":false},"excerpt":{"rendered":"<p>&nbsp; Rekonstrukce <\/p>\n","protected":false},"author":2,"featured_media":310437,"comment_status":"open","ping_status":"open","sticky":false,"template":"","format":"gallery","meta":{"footnotes":""},"categories":[10],"tags":[],"jetpack_featured_media_url":"https:\/\/zakrasnejsivimperk.cz\/wp-content\/uploads\/2024\/06\/08\/prachatice-16-kolo.jpg","_links":{"self":[{"href":"https:\/\/zakrasnejsivimperk.cz\/index.php?rest_route=\/wp\/v2\/posts\/323452"}],"collection":[{"href":"https:\/\/zakrasnejsivimperk.cz\/index.php?rest_route=\/wp\/v2\/posts"}],"about":[{"href":"https:\/\/zakrasnejsivimperk.cz\/index.php?rest_route=\/wp\/v2\/types\/post"}],"author":[{"embeddable":true,"href":"https:\/\/zakrasnejsivimperk.cz\/index.php?rest_route=\/wp\/v2\/users\/2"}],"replies":[{"embeddable":true,"href":"https:\/\/zakrasnejsivimperk.cz\/index.php?rest_route=%2Fwp%2Fv2%2Fcomments&post=323452"}],"version-history":[{"count":1,"href":"https:\/\/zakrasnejsivimperk.cz\/index.php?rest_route=\/wp\/v2\/posts\/323452\/revisions"}],"predecessor-version":[{"id":323453,"href":"https:\/\/zakrasnejsivimperk.cz\/index.php?rest_route=\/wp\/v2\/posts\/323452\/revisions\/323453"}],"wp:featuredmedia":[{"embeddable":true,"href":"https:\/\/zakrasnejsivimperk.cz\/index.php?rest_route=\/wp\/v2\/media\/310437"}],"wp:attachment":[{"href":"https:\/\/zakrasnejsivimperk.cz\/index.php?rest_route=%2Fwp%2Fv2%2Fmedia&parent=323452"}],"wp:term":[{"taxonomy":"category","embeddable":true,"href":"https:\/\/zakrasnejsivimperk.cz\/index.php?rest_route=%2Fwp%2Fv2%2Fcategories&post=323452"},{"taxonomy":"post_tag","embeddable":true,"href":"https:\/\/zakrasnejsivimperk.cz\/index.php?rest_route=%2Fwp%2Fv2%2Ftags&post=323452"}],"curies":[{"name":"wp","href":"https:\/\/api.w.org\/{rel}","templated":true}]}}