{"id":32302,"date":"2015-09-29T19:46:34","date_gmt":"2015-09-29T18:46:34","guid":{"rendered":"http:\/\/zakrasnejsivimperk.cz\/?p=32302"},"modified":"2015-09-30T06:20:10","modified_gmt":"2015-09-30T05:20:10","slug":"pavel-dvorak-vystavba-kruhove-krizovatky-u-lidlu-se-nejmene-o-jeden-rok-oddali","status":"publish","type":"post","link":"https:\/\/zakrasnejsivimperk.cz\/?p=32302","title":{"rendered":"PAVEL DVO\u0158\u00c1K: Stavba kruhov\u00e9 k\u0159i\u017eovatky u Lidlu se nejm\u00e9n\u011b o jeden rok odd\u00e1l\u00ed"},"content":{"rendered":"<h6 style=\"text-align: justify;\"><strong>Na programu z\u00e1\u0159ijov\u00e9ho zased\u00e1n\u00ed zastupitelstva kraje bylo i schvalov\u00e1n\u00ed investi\u010dn\u00edch akc\u00ed v r\u00e1mci Integrovan\u00e9ho region\u00e1ln\u00edho programu (IROP). Jednou z nich by m\u011bla b\u00fdt tak\u00e9 stavba kruhov\u00e9 k\u0159i\u017eovatky ulic Skl\u00e1\u0159sk\u00e1 a N\u00e1dra\u017en\u00ed ve Vimperku. <\/strong><\/h6>\n<h6 style=\"text-align: justify;\"><strong>Jak je jej\u00ed pot\u0159eba pro m\u011bsto nal\u00e9hav\u00e9, to pozn\u00e1 ka\u017ed\u00fd, kdo jede od Penny nebo Lidlu sm\u011brem na s\u00eddli\u0161t\u011b \u010di k\u00a0Homolce. Hust\u00fd provoz, nesnadn\u00e9 odbo\u010den\u00ed. \u017de si \u0159idi\u010di \u010dasto zanad\u00e1vaj\u00ed, je nab\u00edledni. <\/strong><\/h6>\n<p><strong>\u00a0<\/strong><\/p>\n<p>&nbsp;<\/p>\n<p>Zeptali jsme se proto krajsk\u00e9ho zastupitele Pavla Dvo\u0159\u00e1ka (Jiho\u010de\u0161i 2012), zda IROP s\u00a0kruhovou k\u0159i\u017eovatkou u Lidlu ve Vimperku po\u010d\u00edt\u00e1?<\/p>\n<p style=\"text-align: justify;\">.<strong><em>Ano, tato v\u011bc byla p\u0159edlo\u017eena a drtivou v\u011bt\u0161inou zastupitel\u016f schv\u00e1lena.<\/em><\/strong><\/p>\n<p style=\"text-align: justify;\">Kdy by se tedy m\u011blo za\u010d\u00edt s\u00a0v\u00fdstavbou k\u0159i\u017eovatky?<\/p>\n<p style=\"text-align: justify;\"><strong><em>V listopadu leto\u0161n\u00edho roku bude projekt pod\u00e1n do grantov\u00e9ho programu. Jestli bude schv\u00e1len a vybr\u00e1n, pak kone\u010dn\u00e1 realizace by m\u011bla b\u00fdt v roce 2017.<\/em><\/strong><\/p>\n<p style=\"text-align: justify;\"><a href=\"http:\/\/zakrasnejsivimperk.cz\/wp-content\/uploads\/2015\/06\/pavel-dvo\u0159\u00e1k1.jpg\"><img loading=\"lazy\" decoding=\"async\" class=\" size-medium wp-image-23815 alignright\" src=\"http:\/\/zakrasnejsivimperk.cz\/wp-content\/uploads\/2015\/06\/pavel-dvo\u0159\u00e1k1-253x300.jpg\" alt=\"pavel dvo\u0159\u00e1k\" width=\"253\" height=\"300\" \/><\/a>To znamen\u00e1, \u017ee informace radnice o v\u00fdstavb\u011b v p\u0159\u00ed\u0161t\u00edm roce je nep\u0159esn\u00e1?<\/p>\n<p style=\"text-align: justify;\"><strong><em>Asi ano. Pen\u00edze na spolu\u00fa\u010dast projektu v rozpo\u010dtu m\u011bsta byly rezervov\u00e1ny u\u017e letos. Jak je to v\u0161e o\u0161et\u0159eno mezi radnic\u00ed a krajem, nev\u00edm. Starostka ani m\u00edstostarosta o tom neinformovali. M\u00e1m z toho takov\u00fd divn\u00fd pocit. Nem\u00e1m r\u00e1d sliby na dlouho dop\u0159edu. To se m\u016f\u017ee leccos \u201ep\u0159edn\u011bj\u0161\u00edho a vlivn\u011bj\u0161\u00edho\u201c vyskytnout. T\u0159eba term\u00edn v\u00fdstavby kruh\u00e1\u010de u T\u011b\u0161ovic hlavn\u011b pro sm\u011br na Prachatice \u2013 2016 za 20 mil. je jasn\u00fd.<\/em><\/strong><\/p>\n<p style=\"text-align: justify;\">Jak to bude s pen\u011bzi kraje?<\/p>\n<p style=\"text-align: justify;\"><strong><em>Kraj bude \u017e\u00e1dat Evropu o 45 milion\u016f korun. Tak je to uvedeno ve formul\u00e1\u0159i projektu v\u010detn\u011b pozn\u00e1mky o p\u0159\u00edpadn\u00e9 etapizace.<\/em><\/strong><\/p>\n<p style=\"text-align: justify;\">A jak to bude se spolu\u00fa\u010dast\u00ed m\u011bsta?<\/p>\n<p style=\"text-align: justify;\"><strong><em>To nebylo v p\u0159edlo\u017een\u00fdch materi\u00e1lech, mus\u00edte se zeptat starostky, jak se dohodli.<\/em><\/strong><\/p>\n<p style=\"text-align: justify;\">\u0158ekl jste, \u017ee m\u00e1te z toho divn\u00fd pocit. Co to znamen\u00e1?<\/p>\n<p style=\"text-align: justify;\"><strong><em>Cht\u011bl bych se toho do\u017e\u00edt a odklady mne \u0161tvou. Nebyl jsem na to z na\u0161eho p\u016fsoben\u00ed na radnici zvykl\u00fd. Jestli jsme se domluvili s krajem na term\u00ednu podjezdu \u017eeleznice u Lidlu, tak to klaplo, stejn\u011b jako jin\u00e9 akce -Vodn\u00edk, \u0161kolky, Tesco atd. ..\u201c<\/em><\/strong><\/p>\n<p>D\u011bkujeme za odpov\u011bdi.<\/p>\n<p><strong>(zj)<\/strong><\/p>\n<p><strong>Foto: archiv redakce<\/strong><\/p>\n<p>&nbsp;<\/p>\n<p>&nbsp;<\/p>\n","protected":false},"excerpt":{"rendered":"<p>Na programu <\/p>\n","protected":false},"author":2,"featured_media":23906,"comment_status":"open","ping_status":"open","sticky":false,"template":"","format":"standard","meta":{"footnotes":""},"categories":[7],"tags":[],"jetpack_featured_media_url":"https:\/\/zakrasnejsivimperk.cz\/wp-content\/uploads\/2015\/06\/k\u0159izovatka-1.jpg","_links":{"self":[{"href":"https:\/\/zakrasnejsivimperk.cz\/index.php?rest_route=\/wp\/v2\/posts\/32302"}],"collection":[{"href":"https:\/\/zakrasnejsivimperk.cz\/index.php?rest_route=\/wp\/v2\/posts"}],"about":[{"href":"https:\/\/zakrasnejsivimperk.cz\/index.php?rest_route=\/wp\/v2\/types\/post"}],"author":[{"embeddable":true,"href":"https:\/\/zakrasnejsivimperk.cz\/index.php?rest_route=\/wp\/v2\/users\/2"}],"replies":[{"embeddable":true,"href":"https:\/\/zakrasnejsivimperk.cz\/index.php?rest_route=%2Fwp%2Fv2%2Fcomments&post=32302"}],"version-history":[{"count":17,"href":"https:\/\/zakrasnejsivimperk.cz\/index.php?rest_route=\/wp\/v2\/posts\/32302\/revisions"}],"predecessor-version":[{"id":32410,"href":"https:\/\/zakrasnejsivimperk.cz\/index.php?rest_route=\/wp\/v2\/posts\/32302\/revisions\/32410"}],"wp:featuredmedia":[{"embeddable":true,"href":"https:\/\/zakrasnejsivimperk.cz\/index.php?rest_route=\/wp\/v2\/media\/23906"}],"wp:attachment":[{"href":"https:\/\/zakrasnejsivimperk.cz\/index.php?rest_route=%2Fwp%2Fv2%2Fmedia&parent=32302"}],"wp:term":[{"taxonomy":"category","embeddable":true,"href":"https:\/\/zakrasnejsivimperk.cz\/index.php?rest_route=%2Fwp%2Fv2%2Fcategories&post=32302"},{"taxonomy":"post_tag","embeddable":true,"href":"https:\/\/zakrasnejsivimperk.cz\/index.php?rest_route=%2Fwp%2Fv2%2Ftags&post=32302"}],"curies":[{"name":"wp","href":"https:\/\/api.w.org\/{rel}","templated":true}]}}