{"id":320382,"date":"2024-09-06T12:12:20","date_gmt":"2024-09-06T11:12:20","guid":{"rendered":"https:\/\/zakrasnejsivimperk.cz\/?p=320382"},"modified":"2024-09-06T12:18:13","modified_gmt":"2024-09-06T11:18:13","slug":"sumava-mladi-lide-z-osmi-zemi-se-zapojili-do-revitalizaci-mokradu-a-obnovy-pramenist","status":"publish","type":"post","link":"https:\/\/zakrasnejsivimperk.cz\/?p=320382","title":{"rendered":"\u0160UMAVA: Revitalizaci mok\u0159ad\u016f a obnov\u011b prameni\u0161\u0165 se mlad\u00ed v\u011bnovali p\u0159i mezin\u00e1rodn\u00edm kempu"},"content":{"rendered":"<p><img loading=\"lazy\" decoding=\"async\" class=\"aligncenter wp-image-320385 size-full\" src=\"https:\/\/zakrasnejsivimperk.cz\/wp-content\/uploads\/2024\/09\/04\/na-mysli-mokrady-2.jpg\" alt=\"\" width=\"1213\" height=\"809\" srcset=\"https:\/\/zakrasnejsivimperk.cz\/wp-content\/uploads\/2024\/09\/04\/na-mysli-mokrady-2.jpg 1213w, https:\/\/zakrasnejsivimperk.cz\/wp-content\/uploads\/2024\/09\/04\/na-mysli-mokrady-2-300x200.jpg 300w, https:\/\/zakrasnejsivimperk.cz\/wp-content\/uploads\/2024\/09\/04\/na-mysli-mokrady-2-1024x683.jpg 1024w, https:\/\/zakrasnejsivimperk.cz\/wp-content\/uploads\/2024\/09\/04\/na-mysli-mokrady-2-768x512.jpg 768w, https:\/\/zakrasnejsivimperk.cz\/wp-content\/uploads\/2024\/09\/04\/na-mysli-mokrady-2-535x357.jpg 535w, https:\/\/zakrasnejsivimperk.cz\/wp-content\/uploads\/2024\/09\/04\/na-mysli-mokrady-2-724x483.jpg 724w\" sizes=\"(max-width: 1213px) 100vw, 1213px\" \/><\/p>\n<p>&nbsp;<\/p>\n<h6>Na 30 mlad\u00fdch lid\u00ed z osmi zem\u00ed se zapojilo do revitalizac\u00ed mok\u0159ad\u016f a obnovy prameni\u0161\u0165 na mezin\u00e1rodn\u00edm dobrovolnick\u00e9m kempu v NP \u0160umava. Ten se mimo jin\u00e9 v\u011bnoval i rozvoji p\u0159eshrani\u010dn\u00ed spolupr\u00e1ce s N\u011bmeckem a byl podpo\u0159en \u010cesko \u2013 n\u011bmeck\u00fdm fondem budoucnosti. Program spole\u010dn\u011b se Spr\u00e1vou N\u00e1rodn\u00edho parku \u0160umava uspo\u0159\u00e1dala organizace Na mysli, kter\u00e1 se t\u00e9mat\u016fm souvisej\u00edc\u00edm s klimatickou zm\u011bnou a environment\u00e1ln\u00edmu vzd\u011bl\u00e1v\u00e1n\u00ed v\u011bnuje dlouhodob\u011b.<\/h6>\n<p><img loading=\"lazy\" decoding=\"async\" class=\"size-medium wp-image-317406 alignright\" src=\"https:\/\/zakrasnejsivimperk.cz\/wp-content\/uploads\/2024\/08\/12\/na-mysli-logo-300x300.png\" alt=\"\" width=\"300\" height=\"300\" srcset=\"https:\/\/zakrasnejsivimperk.cz\/wp-content\/uploads\/2024\/08\/12\/na-mysli-logo-300x300.png 300w, https:\/\/zakrasnejsivimperk.cz\/wp-content\/uploads\/2024\/08\/12\/na-mysli-logo-150x150.png 150w, https:\/\/zakrasnejsivimperk.cz\/wp-content\/uploads\/2024\/08\/12\/na-mysli-logo-768x768.png 768w, https:\/\/zakrasnejsivimperk.cz\/wp-content\/uploads\/2024\/08\/12\/na-mysli-logo-357x357.png 357w, https:\/\/zakrasnejsivimperk.cz\/wp-content\/uploads\/2024\/08\/12\/na-mysli-logo-483x483.png 483w, https:\/\/zakrasnejsivimperk.cz\/wp-content\/uploads\/2024\/08\/12\/na-mysli-logo-210x210.png 210w, https:\/\/zakrasnejsivimperk.cz\/wp-content\/uploads\/2024\/08\/12\/na-mysli-logo.png 1022w\" sizes=\"(max-width: 300px) 100vw, 300px\" \/>Mezin\u00e1rodn\u00ed skupina dobrovoln\u00edk\u016f z \u010ceska, N\u011bmecka, Francie, USA, Nep\u00e1lu a dal\u0161\u00edch zem\u00ed b\u011bhem t\u00fddne postavila nov\u00e9 d\u0159ev\u011bn\u00e9 p\u0159ehr\u00e1dky na um\u011bl\u00fdch meliora\u010dn\u00edch kan\u00e1lech v ra\u0161elinn\u00fdch smr\u010din\u00e1ch u Filipovy Huti, rozn\u00e1\u0161ela materi\u00e1l na stavbu dal\u0161\u00edch hr\u00e1zek do oblast\u00ed, kam se ned\u00e1 dostat s t\u011b\u017ekou technikou a pom\u00e1hala s ter\u00e9nn\u00edmi \u00fapravami a modelov\u00e1n\u00edm obnoven\u00fdch potok\u016f na prameni\u0161t\u00edch u Kvildy. Pr\u00e1v\u011b obnova nivn\u00edch mok\u0159ad\u016f a zv\u00fd\u0161en\u00ed kapacity pro zadr\u017een\u00ed vody v krajin\u011b mimo lidsk\u00e1 s\u00eddla je kl\u00ed\u010dovou prevenc\u00ed p\u0159ed v\u011bt\u0161\u00edmi povod\u0148ov\u00fdmi \u0161kodami, je\u017e v posledn\u00edch letech st\u00e1le \u010dast\u011bji tr\u00e1p\u00ed obyvatele ohro\u017een\u00fdch m\u011bst a obc\u00ed. V\u00fdsledkem revitaliza\u010dn\u00edch \u00faprav d\u0159\u00edve odvod\u0148ovan\u00fdch oblast\u00ed je nav\u00edc i rozvoj biologick\u00e9 rozmanitosti, co\u017e d\u00e1le napom\u016f\u017ee celkov\u00e9 odolnosti ekosyst\u00e9mu v\u016f\u010di zm\u011bn\u00e1m, kter\u00e9 s sebou klimatick\u00e1 krize p\u0159in\u00e1\u0161\u00ed.<\/p>\n<p>Doprovodn\u00fd program pro \u00fa\u010dastn\u00edky kempu nab\u00eddl i n\u00e1zorn\u00e9 uk\u00e1zky udr\u017eiteln\u00e9ho lesnick\u00e9ho managementu, adapta\u010dn\u00edch opat\u0159en\u00ed na klimatickou zm\u011bnu, ale i exkurze do nejcenn\u011bj\u0161\u00edch lokalit n\u00e1rodn\u00edho parku, ornitologick\u00e9 workshopy a \u0159adu navazuj\u00edc\u00edch p\u0159edn\u00e1\u0161ek, kter\u00e9 se vztahovaly k N\u00e1rodn\u00edmu parku \u0160umava a jeho faun\u011b a flo\u0159e.<\/p>\n<p><em>\u201eDobrovoln\u00edci jsou d\u016fle\u017eitou sou\u010d\u00e1st\u00ed projektu LIFE for MIRES, d\u00edky kter\u00e9mu se n\u00e1m za posledn\u00edch 6 let poda\u0159ilo obnovit celou \u0159adu p\u016fvodn\u00edch mok\u0159ad\u016f na \u00fazem\u00ed \u0160umavy. P\u0159i pr\u00e1ci jim z\u00e1rove\u0148 vysv\u011btlujeme v\u0161echny principy obnovy mok\u0159ad\u016f v horsk\u00fdch oblastech. Mezi \u00fa\u010dastn\u00edky kempu byli i studenti p\u0159\u00edrodov\u011bdn\u00fdch obor\u016f nebo pr\u00e1va v oblasti ochrany p\u0159\u00edrody. Aktivn\u00ed zapojen\u00ed do obnovy mok\u0159ad\u016f a odborn\u00e9 exkurze jim tak byly zdrojem inspirace pro mo\u017enosti zm\u00edr\u0148ov\u00e1n\u00ed dopad\u016f extr\u00e9mn\u00edch v\u00fdkyv\u016f po\u010das\u00ed posledn\u00edch let,\u201c<\/em> popisuje Luk\u00e1\u0161 Linhart ze Spr\u00e1vy N\u00e1rodn\u00edho parku \u0160umava.<\/p>\n<p><em>\u201eKemp pro m\u011b byl \u00fa\u017easn\u00fdm z\u00e1\u017eitkem. Nikdy p\u0159edt\u00edm jsem ra\u0161elini\u0161t\u011b nevid\u011bla a kr\u00e1sou zdej\u0161\u00ed p\u0159\u00edrody jsem byla doslova okouzlena. Nejv\u00edce oce\u0148uji mo\u017enost propojen\u00ed s lidmi z r\u016fzn\u00fdch zem\u00ed, z\u00e1\u017eitek ze spole\u010dn\u00e9 pr\u00e1ce a exkurz\u00ed. Bylo tak\u00e9 skv\u011bl\u00e9 vid\u011bt v\u00fdsledek na\u0161\u00ed pr\u00e1ce za pouh\u00fd t\u00fdden a z\u00edskat spoustu informac\u00ed o tom, pro\u010d to, co d\u011bl\u00e1me, m\u00e1 smysl. Moc jsem si to u\u017eila a nikdy nezapomenu na ty m\u011bkou\u010dk\u00e9, na\u010dechran\u00e9 ra\u0161elin\u00edky,\u201d<\/em> \u0159\u00edk\u00e1 n\u011bmeck\u00e1 dobrovolnice Annika Adam, kter\u00e1 pl\u00e1nuje p\u0159ijet na dobrovolnick\u00fd kemp i za rok.<\/p>\n<p>&nbsp;<\/p>\n<ul>\n<li><strong>Mezin\u00e1rodn\u00ed dobrovolnick\u00e9 kempy<\/strong> jsou jednou z aktivit organizace Na mysli, kter\u00e1 se v\u011bnuje vzd\u011bl\u00e1v\u00e1n\u00ed a osv\u011bt\u011b o klimatick\u00e9 zm\u011bn\u011b. Na mysli je z\u00e1rove\u0148 \u010desk\u00fdm koordin\u00e1torem Evropsk\u00e9ho klimatick\u00e9ho paktu. Jedn\u00edm z jeho pil\u00ed\u0159\u016f je i ambasadorsk\u00fd program, a pr\u00e1v\u011b dv\u011b jeho ambasadorky se z\u00fa\u010dastnily mezin\u00e1rodn\u00edho dobrovolnick\u00e9ho kempu v NP \u0160umava ji\u017e podruh\u00e9. Organizace Na mysli ji\u017e p\u0159ipravuje dal\u0161\u00ed mezin\u00e1rodn\u00ed kemp, kter\u00fd se uskute\u010dn\u00ed v srpnu 2025.<\/li>\n<\/ul>\n<p>&nbsp;<\/p>\n<p><strong>Text a foto: Ond\u0159ej HAMPL, ACCEDO\u00a0Czech Republic Communications s.r.o.<\/strong><\/p>\n<p>&nbsp;<\/p>\n<p><img loading=\"lazy\" decoding=\"async\" class=\"aligncenter wp-image-320388 size-full\" src=\"https:\/\/zakrasnejsivimperk.cz\/wp-content\/uploads\/2024\/09\/04\/na-mysli-mokrady-5.jpg\" alt=\"\" width=\"605\" height=\"807\" srcset=\"https:\/\/zakrasnejsivimperk.cz\/wp-content\/uploads\/2024\/09\/04\/na-mysli-mokrady-5.jpg 605w, https:\/\/zakrasnejsivimperk.cz\/wp-content\/uploads\/2024\/09\/04\/na-mysli-mokrady-5-225x300.jpg 225w, https:\/\/zakrasnejsivimperk.cz\/wp-content\/uploads\/2024\/09\/04\/na-mysli-mokrady-5-268x357.jpg 268w, https:\/\/zakrasnejsivimperk.cz\/wp-content\/uploads\/2024\/09\/04\/na-mysli-mokrady-5-362x483.jpg 362w\" sizes=\"(max-width: 605px) 100vw, 605px\" \/><\/p>\n<p>&nbsp;<\/p>\n<p><img loading=\"lazy\" decoding=\"async\" class=\"aligncenter wp-image-320384 size-full\" src=\"https:\/\/zakrasnejsivimperk.cz\/wp-content\/uploads\/2024\/09\/04\/na-mysli-mokrady-1.jpg\" alt=\"\" width=\"605\" height=\"807\" srcset=\"https:\/\/zakrasnejsivimperk.cz\/wp-content\/uploads\/2024\/09\/04\/na-mysli-mokrady-1.jpg 605w, https:\/\/zakrasnejsivimperk.cz\/wp-content\/uploads\/2024\/09\/04\/na-mysli-mokrady-1-225x300.jpg 225w, https:\/\/zakrasnejsivimperk.cz\/wp-content\/uploads\/2024\/09\/04\/na-mysli-mokrady-1-268x357.jpg 268w, https:\/\/zakrasnejsivimperk.cz\/wp-content\/uploads\/2024\/09\/04\/na-mysli-mokrady-1-362x483.jpg 362w\" sizes=\"(max-width: 605px) 100vw, 605px\" \/><\/p>\n<p>&nbsp;<\/p>\n<p><img loading=\"lazy\" decoding=\"async\" class=\"aligncenter wp-image-320387 size-full\" src=\"https:\/\/zakrasnejsivimperk.cz\/wp-content\/uploads\/2024\/09\/04\/na-mysli-mokrady-4.jpg\" alt=\"\" width=\"807\" height=\"605\" srcset=\"https:\/\/zakrasnejsivimperk.cz\/wp-content\/uploads\/2024\/09\/04\/na-mysli-mokrady-4.jpg 807w, https:\/\/zakrasnejsivimperk.cz\/wp-content\/uploads\/2024\/09\/04\/na-mysli-mokrady-4-300x225.jpg 300w, https:\/\/zakrasnejsivimperk.cz\/wp-content\/uploads\/2024\/09\/04\/na-mysli-mokrady-4-768x576.jpg 768w, https:\/\/zakrasnejsivimperk.cz\/wp-content\/uploads\/2024\/09\/04\/na-mysli-mokrady-4-476x357.jpg 476w, https:\/\/zakrasnejsivimperk.cz\/wp-content\/uploads\/2024\/09\/04\/na-mysli-mokrady-4-644x483.jpg 644w\" sizes=\"(max-width: 807px) 100vw, 807px\" \/><\/p>\n<p>&nbsp;<\/p>\n<p><img loading=\"lazy\" decoding=\"async\" class=\"aligncenter wp-image-320386 size-full\" src=\"https:\/\/zakrasnejsivimperk.cz\/wp-content\/uploads\/2024\/09\/04\/na-mysli-mokrady-3.jpg\" alt=\"\" width=\"807\" height=\"605\" srcset=\"https:\/\/zakrasnejsivimperk.cz\/wp-content\/uploads\/2024\/09\/04\/na-mysli-mokrady-3.jpg 807w, https:\/\/zakrasnejsivimperk.cz\/wp-content\/uploads\/2024\/09\/04\/na-mysli-mokrady-3-300x225.jpg 300w, https:\/\/zakrasnejsivimperk.cz\/wp-content\/uploads\/2024\/09\/04\/na-mysli-mokrady-3-768x576.jpg 768w, https:\/\/zakrasnejsivimperk.cz\/wp-content\/uploads\/2024\/09\/04\/na-mysli-mokrady-3-476x357.jpg 476w, https:\/\/zakrasnejsivimperk.cz\/wp-content\/uploads\/2024\/09\/04\/na-mysli-mokrady-3-644x483.jpg 644w\" sizes=\"(max-width: 807px) 100vw, 807px\" \/><\/p>\n<hr \/>\n<p>&nbsp;<\/p>\n","protected":false},"excerpt":{"rendered":"<p>&nbsp; Na <\/p>\n","protected":false},"author":2,"featured_media":320385,"comment_status":"open","ping_status":"open","sticky":false,"template":"","format":"gallery","meta":{"footnotes":""},"categories":[69],"tags":[],"jetpack_featured_media_url":"https:\/\/zakrasnejsivimperk.cz\/wp-content\/uploads\/2024\/09\/04\/na-mysli-mokrady-2.jpg","_links":{"self":[{"href":"https:\/\/zakrasnejsivimperk.cz\/index.php?rest_route=\/wp\/v2\/posts\/320382"}],"collection":[{"href":"https:\/\/zakrasnejsivimperk.cz\/index.php?rest_route=\/wp\/v2\/posts"}],"about":[{"href":"https:\/\/zakrasnejsivimperk.cz\/index.php?rest_route=\/wp\/v2\/types\/post"}],"author":[{"embeddable":true,"href":"https:\/\/zakrasnejsivimperk.cz\/index.php?rest_route=\/wp\/v2\/users\/2"}],"replies":[{"embeddable":true,"href":"https:\/\/zakrasnejsivimperk.cz\/index.php?rest_route=%2Fwp%2Fv2%2Fcomments&post=320382"}],"version-history":[{"count":6,"href":"https:\/\/zakrasnejsivimperk.cz\/index.php?rest_route=\/wp\/v2\/posts\/320382\/revisions"}],"predecessor-version":[{"id":320618,"href":"https:\/\/zakrasnejsivimperk.cz\/index.php?rest_route=\/wp\/v2\/posts\/320382\/revisions\/320618"}],"wp:featuredmedia":[{"embeddable":true,"href":"https:\/\/zakrasnejsivimperk.cz\/index.php?rest_route=\/wp\/v2\/media\/320385"}],"wp:attachment":[{"href":"https:\/\/zakrasnejsivimperk.cz\/index.php?rest_route=%2Fwp%2Fv2%2Fmedia&parent=320382"}],"wp:term":[{"taxonomy":"category","embeddable":true,"href":"https:\/\/zakrasnejsivimperk.cz\/index.php?rest_route=%2Fwp%2Fv2%2Fcategories&post=320382"},{"taxonomy":"post_tag","embeddable":true,"href":"https:\/\/zakrasnejsivimperk.cz\/index.php?rest_route=%2Fwp%2Fv2%2Ftags&post=320382"}],"curies":[{"name":"wp","href":"https:\/\/api.w.org\/{rel}","templated":true}]}}