{"id":320043,"date":"2024-09-03T14:42:50","date_gmt":"2024-09-03T13:42:50","guid":{"rendered":"https:\/\/zakrasnejsivimperk.cz\/?p=320043"},"modified":"2024-09-04T10:56:30","modified_gmt":"2024-09-04T09:56:30","slug":"nase-mesto-vimperk-komentovane-informace-z-jednani-mestske-rady-27-8","status":"publish","type":"post","link":"https:\/\/zakrasnejsivimperk.cz\/?p=320043","title":{"rendered":"NA\u0160E M\u011aSTO VIMPERK: Komentovan\u00e9 informace z jedn\u00e1n\u00ed m\u011bstsk\u00e9 rady 27. 8."},"content":{"rendered":"<figure id=\"attachment_188761\" aria-describedby=\"caption-attachment-188761\" style=\"width: 1078px\" class=\"wp-caption aligncenter\"><img loading=\"lazy\" decoding=\"async\" class=\"wp-image-188761 size-full\" src=\"https:\/\/zakrasnejsivimperk.cz\/wp-content\/uploads\/2020\/04\/06\/foto-radnice-informuje.jpg\" alt=\"\" width=\"1078\" height=\"503\" srcset=\"https:\/\/zakrasnejsivimperk.cz\/wp-content\/uploads\/2020\/04\/06\/foto-radnice-informuje.jpg 1078w, https:\/\/zakrasnejsivimperk.cz\/wp-content\/uploads\/2020\/04\/06\/foto-radnice-informuje-300x140.jpg 300w, https:\/\/zakrasnejsivimperk.cz\/wp-content\/uploads\/2020\/04\/06\/foto-radnice-informuje-768x358.jpg 768w, https:\/\/zakrasnejsivimperk.cz\/wp-content\/uploads\/2020\/04\/06\/foto-radnice-informuje-1024x478.jpg 1024w, https:\/\/zakrasnejsivimperk.cz\/wp-content\/uploads\/2020\/04\/06\/foto-radnice-informuje-765x357.jpg 765w, https:\/\/zakrasnejsivimperk.cz\/wp-content\/uploads\/2020\/04\/06\/foto-radnice-informuje-1035x483.jpg 1035w\" sizes=\"(max-width: 1078px) 100vw, 1078px\" \/><figcaption id=\"caption-attachment-188761\" class=\"wp-caption-text\">Ilustra\u010dn\u00ed foto: (red) &#8211; Za kr\u00e1sn\u011bj\u0161\u00ed Vimperk<\/figcaption><\/figure>\n<hr \/>\n<p>&nbsp;<\/p>\n<p><strong>Rozpo\u010dtov\u00e1 opat\u0159en\u00ed \u2013 dotace na energetickou koncepci.<\/strong>\u00a0Do m\u011bstsk\u00e9ho rozpo\u010dtu byly v\u010dlen\u011bny 423 tis\u00edce K\u010d z\u00a0dotace ministerstva pr\u016fmyslu a obchodu, kterou se poda\u0159ilo z\u00edskat d\u00edky \u010dinnosti odboru rozvoje. Dotace je ur\u010dena na zpracov\u00e1n\u00ed energetick\u00e9 koncepce m\u011bsta a pokryje v\u011bt\u0161inu n\u00e1klad\u016f \u2013 koncepci pro m\u011bsto za 470 tis. K\u010d zpracov\u00e1v\u00e1 spole\u010dnost ENERKOM \u0160umava, z. s., a hotov\u00e1 m\u00e1 b\u00fdt do 31. 12. 2025. D\u00e1le v\u00a0rozpo\u010dtu p\u0159ibyl v\u00fddaj na vybaven\u00ed m\u011bstsk\u00e9 policie ve v\u00fd\u0161i 24 tis. K\u010d. Ostatn\u00ed schv\u00e1len\u00e1 rozpo\u010dtov\u00e1 opat\u0159en\u00ed v\u00a0objemu 74,4 tis. K\u010d se t\u00fdkaj\u00ed pouze polo\u017ekov\u00fdch zm\u011bn v\u00a0r\u00e1mci rozpo\u010dtu a nemaj\u00ed vliv na jeho objem. (Usnesen\u00ed \u010d. 813)<\/p>\n<p><strong>Rekonstrukce h\u0159i\u0161t\u011b u M\u0160 M\u00edrov\u00e1.\u00a0<\/strong>Rada m\u011bsta z\u00a0pozice z\u0159izovatele povolila p\u0159\u00edsp\u011bvkov\u00e9 organizaci m\u011bsta Mate\u0159sk\u00e1 \u0161kola Klostermannova, aby pou\u017eila 265 z\u00a0515 tis. K\u010d v rezervn\u00edm fondu \u0161koly na obnovu p\u00edskovi\u0161t\u011b na odlou\u010den\u00e9m pracovi\u0161ti M\u00edrov\u00e1 442. (Usnesen\u00ed \u010d. 814)<\/p>\n<p><strong>Zm\u011bna smlouvy na recyklaci textilu.<\/strong> Radn\u00ed schv\u00e1lili \u0161est\u00fd dodatek ke smlouv\u011b se spole\u010dnost\u00ed Dimatex CS, kter\u00e1 m\u00e1 na \u00fazem\u00ed m\u011bsta 6 kontejner\u016f na sb\u011br textilu ur\u010den\u00e9ho k\u00a0recyklaci. Jeliko\u017e cena t\u00e9to suroviny na sv\u011btov\u00fdch trz\u00edch poklesla, po\u017e\u00e1dala firma o zv\u00fd\u0161en\u00ed ceny za um\u00edst\u011bn\u00ed jednoho kontejneru z\u00a0500 K\u010d na 1000 K\u010d bez DPH ro\u010dn\u011b. V\u00a0minulosti m\u011bsto platilo za svoz textilu k\u00a0recyklaci nap\u0159. 1500, 800 nebo i 0 K\u010d za kontejner ro\u010dn\u011b podle situace na trhu. Vimper\u00e1ci maj\u00ed mo\u017enost t\u0159\u00eddit textil ji\u017e od roku 2014. Od 1. 1. 2025 budou m\u00edt v\u0161echny obce povinnost z\u0159\u00eddit m\u00edsto na t\u0159\u00edd\u011bn\u00ed textilu. (Usnesen\u00ed \u010d. 815)<\/p>\n<p><strong>V\u00fdjimka z\u00a0po\u010dtu d\u011bt\u00ed.\u00a0<\/strong>Mate\u0159sk\u00e1 \u0161kola 1. m\u00e1je po\u017e\u00e1dala o v\u00fdjimku z\u00a0nejvy\u0161\u0161\u00edho po\u010dtu d\u011bt\u00ed ve 2. a 3. t\u0159\u00edd\u011b z\u00a024 na 25. Schv\u00e1leno. V\u00a01. t\u0159\u00edd\u011b je pouze 20 d\u011bt\u00ed. (Usnesen\u00ed \u010d. 816)<\/p>\n<p><strong>Pozemek pro ryb\u00e1\u0159e.\u00a0<\/strong>M\u011bsto roz\u0161\u00ed\u0159ilo pozemky, kter\u00e9 pronaj\u00edm\u00e1 m\u00edstn\u00ed organizaci \u010cesk\u00e9ho ryb\u00e1\u0159sk\u00e9ho svazu o dv\u011b parcely (\u010d. 645\/19 a 645\/27) o celkov\u00e9 v\u00fdm\u011b\u0159e 689 m2, kter\u00e9 u\u017e de facto jsou sou\u010d\u00e1st\u00ed ryb\u00e1\u0159sk\u00e9ho are\u00e1lu v ulici Nad Stadionem. Jedn\u00e1 se o koryto strouhy, kter\u00e1 vede are\u00e1lem, a pozemky na jej\u00edch b\u0159ez\u00edch. Ryb\u00e1\u0159i budou zaji\u0161\u0165ovat jejich \u00fadr\u017ebu a \u010di\u0161t\u011bn\u00ed strouhy, aby p\u0159i de\u0161t\u00edch voda nep\u0159et\u00e9kala na sousedn\u00ed tenisov\u00e9 kurty. (Usnesen\u00ed \u010d. 824)<\/p>\n<p><strong>Parcelbox rad\u011bji v\u00a0retail parku.<\/strong> Spole\u010dnost PPL CZ po\u017e\u00e1dala m\u011bsto o pron\u00e1jem n\u011bjak\u00e9ho pozemku v\u00a0oblasti ulic \u0160pidrova a Pod Homolkou, na kter\u00fd by mohla um\u00edstit sv\u016fj v\u00fddejn\u00ed box. Radn\u00ed doporu\u010dili firm\u011b jako vhodn\u011bj\u0161\u00ed m\u00edsto pro parcelbox are\u00e1l budouc\u00edho\u00a0Retail parku Vimperk. (Usnesen\u00ed \u010d. 826)<\/p>\n<p><strong>Kalolis obnov\u00ed \u010cEVAK.<\/strong>\u00a0Ve\u0159ejnou zak\u00e1zku na obnovu kalolisu ve vimpersk\u00e9 \u010dist\u00edrn\u011b odpadn\u00edch vod z\u00edskala ze \u010dty\u0159 uchaze\u010d\u016f spole\u010dnost \u010cEVAK za nejni\u017e\u0161\u00ed nab\u00eddnutou cenu 5,754 mil. K\u010d bez DPH. (Usnesen\u00ed \u010d. 832)<\/p>\n<p><strong>M\u011brn\u00fd profil na Voly\u0148ce zajist\u00ed Stavimperk.<\/strong>\u00a0Ve\u0159ejnou zak\u00e1zku na z\u0159\u00edzen\u00ed m\u011brn\u00e9ho profilu na Voly\u0148ce ve vimpersk\u00e9 \u00fapravn\u011b vod z\u00edskala jako jedin\u00fd p\u0159ihl\u00e1\u0161en\u00fd \u00fa\u010dastn\u00edk zad\u00e1vac\u00edho \u0159\u00edzen\u00ed spole\u010dnost Stavimperk s\u00a0nab\u00eddkovou cenou 1,219 mil K\u010d bez DPH. (Usnesen\u00ed \u010d. 834)<\/p>\n<p><strong>P\u0159\u00edprava ve\u0159ejn\u00e9 zak\u00e1zky na pumptrack.<\/strong>\u00a0Dal\u0161\u00ed krok k\u00a0cyklistick\u00e9 ter\u00e9nn\u00ed dr\u00e1ze u Voly\u0148ky u\u010din\u011bn \u2013 rada m\u011bsta ulo\u017eila odboru investic a \u00fadr\u017eby p\u0159ipravit vyps\u00e1n\u00ed ve\u0159ejn\u00e9 zak\u00e1zky na dodavatele stavby a z\u00e1rove\u0148 i jmenovala hodnot\u00edc\u00ed komisi. Je\u0161t\u011b je v\u0161ak nutn\u00e9 zajistit financov\u00e1n\u00ed, proto\u017ee o\u010dek\u00e1van\u00e9 n\u00e1klady jsou p\u0159es 10 mil. K\u010d bez DPH \u2013 m\u011bsto po\u017e\u00e1d\u00e1 o dotaci z\u00a0N\u00e1rodn\u00ed sportovn\u00ed agentury, p\u0159i\u010dem\u017e s\u00a0ji\u017e vybran\u00fdm dodavatelem z\u00edsk\u00e1 vy\u0161\u0161\u00ed bodov\u00e9 hodnocen\u00ed \u017e\u00e1dosti.\u00a0(Usnesen\u00ed \u010d. 838 a 839)<\/p>\n<p>&nbsp;<\/p>\n<p>Ostatn\u00ed m\u00e9n\u011b v\u00fdznamn\u00e9 a provozn\u00ed z\u00e1le\u017eitosti, kter\u00e9 radn\u00ed projedn\u00e1vali, najdete ve zve\u0159ejn\u011bn\u00e9m a dle z\u00e1kona anonymizovan\u00e9m\u00a0<a href=\"https:\/\/www.vimperk.cz\/assets\/File.ashx?id_org=18208&amp;id_dokumenty=35906\" target=\"_blank\" rel=\"noopener\"><b>z\u00e1pisu ze zased\u00e1n\u00ed 27. 8. 2024<\/b><\/a>.<\/p>\n<p>&nbsp;<\/p>\n<p><strong>Milan BRABEC, vedouc\u00ed komunikace m\u011bsta<\/strong><\/p>\n<hr \/>\n<p>&nbsp;<\/p>\n","protected":false},"excerpt":{"rendered":"<p>&nbsp; Rozpo\u010dtov\u00e1 <\/p>\n","protected":false},"author":2,"featured_media":188761,"comment_status":"open","ping_status":"open","sticky":false,"template":"","format":"gallery","meta":{"footnotes":""},"categories":[115],"tags":[],"jetpack_featured_media_url":"https:\/\/zakrasnejsivimperk.cz\/wp-content\/uploads\/2020\/04\/06\/foto-radnice-informuje.jpg","_links":{"self":[{"href":"https:\/\/zakrasnejsivimperk.cz\/index.php?rest_route=\/wp\/v2\/posts\/320043"}],"collection":[{"href":"https:\/\/zakrasnejsivimperk.cz\/index.php?rest_route=\/wp\/v2\/posts"}],"about":[{"href":"https:\/\/zakrasnejsivimperk.cz\/index.php?rest_route=\/wp\/v2\/types\/post"}],"author":[{"embeddable":true,"href":"https:\/\/zakrasnejsivimperk.cz\/index.php?rest_route=\/wp\/v2\/users\/2"}],"replies":[{"embeddable":true,"href":"https:\/\/zakrasnejsivimperk.cz\/index.php?rest_route=%2Fwp%2Fv2%2Fcomments&post=320043"}],"version-history":[{"count":3,"href":"https:\/\/zakrasnejsivimperk.cz\/index.php?rest_route=\/wp\/v2\/posts\/320043\/revisions"}],"predecessor-version":[{"id":320179,"href":"https:\/\/zakrasnejsivimperk.cz\/index.php?rest_route=\/wp\/v2\/posts\/320043\/revisions\/320179"}],"wp:featuredmedia":[{"embeddable":true,"href":"https:\/\/zakrasnejsivimperk.cz\/index.php?rest_route=\/wp\/v2\/media\/188761"}],"wp:attachment":[{"href":"https:\/\/zakrasnejsivimperk.cz\/index.php?rest_route=%2Fwp%2Fv2%2Fmedia&parent=320043"}],"wp:term":[{"taxonomy":"category","embeddable":true,"href":"https:\/\/zakrasnejsivimperk.cz\/index.php?rest_route=%2Fwp%2Fv2%2Fcategories&post=320043"},{"taxonomy":"post_tag","embeddable":true,"href":"https:\/\/zakrasnejsivimperk.cz\/index.php?rest_route=%2Fwp%2Fv2%2Ftags&post=320043"}],"curies":[{"name":"wp","href":"https:\/\/api.w.org\/{rel}","templated":true}]}}