{"id":31998,"date":"2015-09-26T07:54:31","date_gmt":"2015-09-26T06:54:31","guid":{"rendered":"http:\/\/zakrasnejsivimperk.cz\/?p=31998"},"modified":"2015-09-26T11:28:19","modified_gmt":"2015-09-26T10:28:19","slug":"neslychane-bis-oznacila-jihoceske-zastupitele-za-podezrelou-organizovanou-skupinu","status":"publish","type":"post","link":"https:\/\/zakrasnejsivimperk.cz\/?p=31998","title":{"rendered":"NEV\u011a\u0158\u00cdME: BIS ozna\u010dila jiho\u010desk\u00e9 zastupitele za podez\u0159elou organizovanou skupinu"},"content":{"rendered":"<p style=\"text-align: justify;\">\u010cESK\u00c9 BUD\u011aJOVICE &#8211; Hejtman Ji\u0159\u00ed Zimola na v\u010derej\u0161\u00edm (24. z\u00e1\u0159\u00ed &#8211; pozn. red.) zased\u00e1n\u00ed krajsk\u00e9ho zastupitelstva upozornil kolegy na v\u00fdro\u010dn\u00ed zpr\u00e1vu Bezpe\u010dnostn\u00ed informa\u010dn\u00ed slu\u017eby za rok 2014. &#8220;Zab\u00fdv\u00e1 se tam z\u00e1konem o N\u00e1rodn\u00edm parku \u0160umava a n\u00e1s ozna\u010duje za organizovanou skupinu ve zlo\u010dinn\u00e9m smyslu, proto\u017ee \u00fadajn\u011b nahr\u00e1v\u00e1me developer\u016fm a t\u011b\u017ea\u0159\u016fm d\u0159eva,&#8221; upozornil hejtman kolegy, aby si zpr\u00e1vu p\u0159e\u010detli.\u00a0Hejtman Zimola \u0159ekl, \u017ee se ofici\u00e1ln\u011b proti v\u00fdro\u010dn\u00ed zpr\u00e1v\u011b ohrad\u00ed, jeliko\u017e je p\u0159esv\u011bd\u010den, \u017ee obce v\u011bd\u00ed l\u00e9pe, co je pro jejich \u017eivot a rozvoj u\u017eite\u010dn\u011bj\u0161\u00ed, ne\u017e agenti BIS.<\/p>\n<p style=\"text-align: justify;\"><strong><a href=\"http:\/\/www.jcted.cz\/taborsko\/bis-oznacila-jihoceske-zastupitele-za-podezrelou-organizovanou-skupinu\/\" target=\"_blank\">CEL\u00dd \u010cL\u00c1NEK<\/a><\/strong><\/p>\n<p>&nbsp;<\/p>\n<p>&nbsp;<\/p>\n<p>&nbsp;<\/p>\n<p>&nbsp;<\/p>\n<p>&nbsp;<\/p>\n","protected":false},"excerpt":{"rendered":"<p>\u010cESK\u00c9 BUD\u011aJOVICE <\/p>\n","protected":false},"author":2,"featured_media":31999,"comment_status":"open","ping_status":"open","sticky":false,"template":"","format":"standard","meta":{"footnotes":""},"categories":[7],"tags":[],"jetpack_featured_media_url":"https:\/\/zakrasnejsivimperk.cz\/wp-content\/uploads\/2015\/09\/26\/krajske-zastupitelstvo.jpg","_links":{"self":[{"href":"https:\/\/zakrasnejsivimperk.cz\/index.php?rest_route=\/wp\/v2\/posts\/31998"}],"collection":[{"href":"https:\/\/zakrasnejsivimperk.cz\/index.php?rest_route=\/wp\/v2\/posts"}],"about":[{"href":"https:\/\/zakrasnejsivimperk.cz\/index.php?rest_route=\/wp\/v2\/types\/post"}],"author":[{"embeddable":true,"href":"https:\/\/zakrasnejsivimperk.cz\/index.php?rest_route=\/wp\/v2\/users\/2"}],"replies":[{"embeddable":true,"href":"https:\/\/zakrasnejsivimperk.cz\/index.php?rest_route=%2Fwp%2Fv2%2Fcomments&post=31998"}],"version-history":[{"count":10,"href":"https:\/\/zakrasnejsivimperk.cz\/index.php?rest_route=\/wp\/v2\/posts\/31998\/revisions"}],"predecessor-version":[{"id":32019,"href":"https:\/\/zakrasnejsivimperk.cz\/index.php?rest_route=\/wp\/v2\/posts\/31998\/revisions\/32019"}],"wp:featuredmedia":[{"embeddable":true,"href":"https:\/\/zakrasnejsivimperk.cz\/index.php?rest_route=\/wp\/v2\/media\/31999"}],"wp:attachment":[{"href":"https:\/\/zakrasnejsivimperk.cz\/index.php?rest_route=%2Fwp%2Fv2%2Fmedia&parent=31998"}],"wp:term":[{"taxonomy":"category","embeddable":true,"href":"https:\/\/zakrasnejsivimperk.cz\/index.php?rest_route=%2Fwp%2Fv2%2Fcategories&post=31998"},{"taxonomy":"post_tag","embeddable":true,"href":"https:\/\/zakrasnejsivimperk.cz\/index.php?rest_route=%2Fwp%2Fv2%2Ftags&post=31998"}],"curies":[{"name":"wp","href":"https:\/\/api.w.org\/{rel}","templated":true}]}}