{"id":319364,"date":"2024-08-29T13:25:06","date_gmt":"2024-08-29T12:25:06","guid":{"rendered":"https:\/\/zakrasnejsivimperk.cz\/?p=319364"},"modified":"2024-08-29T13:25:06","modified_gmt":"2024-08-29T12:25:06","slug":"jizni-cechy-co-se-deje-v-prachaticich-informace-o-jednani-rady-mesta-26-8","status":"publish","type":"post","link":"https:\/\/zakrasnejsivimperk.cz\/?p=319364","title":{"rendered":"JI\u017dN\u00cd \u010cECHY: Co se d\u011bje v Prachatic\u00edch. Informace o jedn\u00e1n\u00ed rady m\u011bsta \u2013 26. 8."},"content":{"rendered":"<figure id=\"attachment_312430\" aria-describedby=\"caption-attachment-312430\" style=\"width: 1100px\" class=\"wp-caption aligncenter\"><img loading=\"lazy\" decoding=\"async\" class=\"wp-image-312430 size-full\" src=\"https:\/\/zakrasnejsivimperk.cz\/wp-content\/uploads\/2024\/06\/27\/prachatice-060624-parkan.jpg\" alt=\"\" width=\"1100\" height=\"682\" srcset=\"https:\/\/zakrasnejsivimperk.cz\/wp-content\/uploads\/2024\/06\/27\/prachatice-060624-parkan.jpg 1100w, https:\/\/zakrasnejsivimperk.cz\/wp-content\/uploads\/2024\/06\/27\/prachatice-060624-parkan-300x186.jpg 300w, https:\/\/zakrasnejsivimperk.cz\/wp-content\/uploads\/2024\/06\/27\/prachatice-060624-parkan-1024x635.jpg 1024w, https:\/\/zakrasnejsivimperk.cz\/wp-content\/uploads\/2024\/06\/27\/prachatice-060624-parkan-768x476.jpg 768w, https:\/\/zakrasnejsivimperk.cz\/wp-content\/uploads\/2024\/06\/27\/prachatice-060624-parkan-576x357.jpg 576w, https:\/\/zakrasnejsivimperk.cz\/wp-content\/uploads\/2024\/06\/27\/prachatice-060624-parkan-779x483.jpg 779w\" sizes=\"(max-width: 1100px) 100vw, 1100px\" \/><figcaption id=\"caption-attachment-312430\" class=\"wp-caption-text\">Prachatice \/ Foto: (red) \u2013 Za kr\u00e1sn\u011bj\u0161\u00ed Vimperk<\/figcaption><\/figure>\n<hr \/>\n<p>&nbsp;<\/p>\n<h6><b>Nejv\u011bt\u0161\u00ed investi\u010dn\u00ed akce posledn\u00edch let vstupuje do sv\u00e9 realiza\u010dn\u00ed f\u00e1ze<\/b><\/h6>\n<p>Rada m\u011bsta na z\u00e1klad\u011b z\u00e1v\u011br\u016f hodnot\u00edc\u00ed komise v\u00a0r\u00e1mci otev\u0159en\u00e9ho zad\u00e1vac\u00edho \u0159\u00edzen\u00ed nadlimitn\u00ed ve\u0159ejn\u00e9 zak\u00e1zky rozhodla o v\u00edt\u011bzn\u00e9m zhotoviteli Multifunk\u010dn\u00edho knihovnick\u00e9ho a vzd\u011bl\u00e1vac\u00edho centra Prachatice. T\u00edm se v\u00a0p\u0159\u00edpad\u011b \u00fasp\u011b\u0161n\u00e9ho dokon\u010den\u00ed v\u0161ech pot\u0159ebn\u00fdch procesn\u00edch krok\u016f stane sdru\u017een\u00ed Spole\u010dnosti Knihovna Prachatice se s\u00eddlem spr\u00e1vce spole\u010dnosti AUB\u00d6CK s.r.o., Po\u0159\u00ed\u010d\u00ed 247, 373 82 Bor\u0161ov nad Vltavou, I\u010c:260 89\u00a0785. Nab\u00eddkov\u00e1 cena zak\u00e1zky realizovan\u00e9 metodou Design-Build \u010din\u00ed 199.408.000 K\u010d v\u010d. DPH. P\u0159ibli\u017en\u011b t\u0159etinu t\u00e9to \u010d\u00e1stky pokr\u00fdv\u00e1 dotace IROP. Dal\u0161\u00ed n\u00e1klady ve v\u00fd\u0161i cca 13 mil. K\u010d p\u0159ipadnou dle p\u0159edpokladu na n\u00e1bytek a modern\u00ed vybaven\u00ed objektu. Podstatnou \u010d\u00e1st t\u011bchto v\u00fddaj\u016f by op\u011bt mohla pokr\u00fdt dotace.<\/p>\n<p><em>\u201eProjekt si v\u00a0b\u0159eznu roku 2023 z\u00edskal \u0161irokou podporu zastupitelstva m\u011bsta, kdy pro jeho realizaci hlasovali v\u0161ichni tehdy p\u0159\u00edtomn\u00ed zastupitel\u00e9,\u201c<\/em> podotkl starosta m\u011bsta Ing. Jan Bauer. Pakli\u017ee bude se zhotovitelem v\u00a0z\u00e1\u0159\u00ed podepsan\u00e1 smlouva, o\u010dek\u00e1v\u00e1 se term\u00edn dokon\u010den\u00ed v\u00a0polovin\u011b roku 2026. T\u00edm by byl vy\u0159e\u0161en nejen probl\u00e9m neut\u011b\u0161en\u00e9ho stavu st\u00e1vaj\u00edc\u00ed knihovny, kter\u00fd ji\u017e nevyhovuje po v\u0161ech str\u00e1nk\u00e1ch v\u010detn\u011b bezbari\u00e9rovosti, energetick\u00e9 n\u00e1ro\u010dnosti a atraktivnosti, ale rovn\u011b\u017e probl\u00e9m zch\u00e1tral\u00e9 budovy b\u00fdval\u00e9 hasi\u010d\u00e1rny situovan\u00e9 v\u00a0\u0161ir\u0161\u00edm okruhu pam\u00e1tkov\u00e9 rezervace, kter\u00e1 v\u00a0posledn\u00edch letech slou\u017eila nejv\u00edce holub\u016fm a p\u0159\u00edle\u017eitostn\u00fdm nocle\u017en\u00edk\u016fm. A to v\u0161e jen n\u011bkolik krok\u016f od reziden\u010dn\u00edho bydlen\u00ed a zejm\u00e9na historick\u00e9 budovy gymn\u00e1zia. To by tedy nov\u011b mohlo doplnit skute\u010dn\u011b d\u016fstojn\u00e9 a architektonicky vzne\u0161en\u00e9 vzd\u011bl\u00e1vac\u00ed centrum se z\u00e1zem\u00edm pro \u010dten\u00e1\u0159e, studenty, \u00fa\u010dastn\u00edky university t\u0159et\u00edho v\u011bku atd.<\/p>\n<p><em>\u201eV\u00a0objektu s\u00a0modern\u00edmi technologiemi se budou nach\u00e1zet nejen tis\u00edce knih, ale t\u00e9\u017e kav\u00e1rna, p\u0159edn\u00e1\u0161kov\u00fd s\u00e1l a prostory pro konference \u010di skupinov\u00e1 setk\u00e1n\u00ed. V\u00a0podzem\u00ed pak budou vybudovan\u00e1 parkovac\u00ed st\u00e1tn\u00ed pro person\u00e1l, hosty \u010di z\u00e1sobov\u00e1n\u00ed. Tedy nen\u00ed to \u201ejen\u201c knihovna, ale cel\u00fd knihovnick\u00fd a vzd\u011bl\u00e1vac\u00ed komplex. A investice do vzd\u011bl\u00e1n\u00ed b\u00fdv\u00e1 tou nejlep\u0161\u00ed investic\u00ed. V\u011b\u0159\u00edm, \u017ee obdobn\u011b tomu bude rovn\u011b\u017e u investice do tohoto vzd\u011bl\u00e1vac\u00edho centra. Financov\u00e1n\u00ed by m\u011blo b\u00fdt rozlo\u017een\u00e9 ve t\u0159ech letech, kdy nejv\u00edce bude rozpo\u010det m\u011bsta zat\u00ed\u017een pr\u00e1v\u011b v\u00a0roce 2026,\u201c<\/em> shrnul starosta m\u011bsta.<\/p>\n<p>&nbsp;<\/p>\n<h6><b>Fotovoltaick\u00e9 elektr\u00e1rny na \u010disti\u010dce odpadn\u00edch vod a na plaveck\u00e9m baz\u00e9nu<\/b><\/h6>\n<p>Vedouc\u00ed odboru projektov\u00e9ho \u0159\u00edzen\u00ed, investic a rozvoje sezn\u00e1mil radn\u00ed s pr\u016fb\u011bhem v\u00fdstavby fotovoltaick\u00fdch elektr\u00e1ren na ve\u0159ejn\u00fdch budov\u00e1ch ve vlastnictv\u00ed m\u011bsta Prachatice, konkr\u00e9tn\u011b na budov\u011b \u010cisti\u010dky odpadn\u00edch vod a Sportovn\u011b relaxa\u010dn\u00edho centra. Instalace fotovoltaick\u00e9 elektr\u00e1rny na \u010cisti\u010dce odpadn\u00edch vod Prachatice je \u00fasp\u011b\u0161n\u011b dokon\u010dena a je nyn\u00ed zapojena v\u00a0re\u017eimu tzv. zku\u0161ebn\u00edho provozu. Jedn\u00e1 se o prvn\u00ed realizaci vedouc\u00ed k\u00a0napln\u011bn\u00ed M\u00edstn\u00ed energetick\u00e9 koncepce, jej\u00edm\u017e c\u00edlem je optimalizace v\u00fdroby a spot\u0159eby energie na m\u011bstsk\u00fdch budov\u00e1ch.<\/p>\n<p>\u010cisti\u010dka odpadn\u00edch vod v Prachatic\u00edch je nyn\u00ed vybavena modern\u00edmi sol\u00e1rn\u00edmi panely, kter\u00e9 budou p\u0159isp\u00edvat ke sni\u017eov\u00e1n\u00ed energetick\u00e9 n\u00e1ro\u010dnosti a zlep\u0161ov\u00e1n\u00ed ekologick\u00e9 stopy m\u011bsta. &#8220;<em>Instalace t\u00e9to fotovoltaick\u00e9 elektr\u00e1rny je prvn\u00edm krokem v na\u0161em pl\u00e1nu vyu\u017e\u00edt obnoviteln\u00e9 zdroje energie na ve\u0159ejn\u00fdch budov\u00e1ch. O\u010dek\u00e1v\u00e1me, \u017ee tato technologie p\u0159inese v\u00fdrazn\u00e9 \u00faspory v n\u00e1kladech na energii a z\u00e1rove\u0148 podpo\u0159\u00ed energetickou udr\u017eitelnost na\u0161eho m\u011bsta,<\/em>&#8221; zhodnotil spu\u0161t\u011bn\u00ed fotovoltaick\u00e9 elektr\u00e1rny Jan Bauer.<\/p>\n<p>Pr\u00e1ce na v\u00fdstavb\u011b dal\u0161\u00ed fotovoltaick\u00e9 elektr\u00e1rny na objektu plaveck\u00e9ho baz\u00e9nu byly zah\u00e1jena 27. srpna 2024 a p\u0159edpoklad kompletn\u00edho dokon\u010den\u00ed je v polovin\u011b z\u00e1\u0159\u00ed leto\u0161n\u00edho roku. Tento projekt je druhou f\u00e1z\u00ed v r\u00e1mci v\u00fdb\u011brov\u00e9ho \u0159\u00edzen\u00ed na instalaci mal\u00fdch fotovoltaick\u00fdch elektr\u00e1ren na m\u011bstsk\u00fdch budov\u00e1ch. <em>\u201eSportovn\u00ed relaxa\u010dn\u00ed centrum je dal\u0161\u00ed kl\u00ed\u010dovou lokalitou pro na\u0161i energetickou koncepci. V\u011b\u0159\u00edme, \u017ee i zde dos\u00e1hneme skv\u011bl\u00fdch v\u00fdsledk\u016f a p\u0159isp\u011bjeme k dal\u0161\u00edmu sn\u00ed\u017een\u00ed energetick\u00e9 spot\u0159eby,\u201c<\/em> zhodnotil zah\u00e1jen\u00ed druh\u00e9 realizace Jan Bauer. M\u011bsto Prachatice pracuje na p\u0159\u00edprav\u011b dal\u0161\u00edch projekt\u016f mal\u00fdch fotovoltaick\u00fdch elektr\u00e1ren, kter\u00e9 p\u0159inesou dlouhodob\u00e9 energetick\u00e9 \u00faspory a pozitivn\u00ed dopady na \u017eivotn\u00ed prost\u0159ed\u00ed. Na tento projekt z\u00edskalo m\u011bsto Prachatice dotaci z\u00a0moderniza\u010dn\u00edho fondu SF\u017dP, kdy maxim\u00e1ln\u00ed v\u00fd\u0161e dotace p\u0159i spln\u011bn\u00ed p\u0159\u00edslu\u0161n\u00fdch podm\u00ednek ze smlouvy \u010din\u00ed 1,296 mil K\u010d.<\/p>\n<p>&nbsp;<\/p>\n<h6><b>Dal\u0161\u00ed investi\u010dn\u00ed akce m\u011bsta podpo\u0159eny radou m\u011bsta<\/b><\/h6>\n<p>V\u00a0r\u00e1mci rozpo\u010dtov\u00fdch opat\u0159en\u00ed doporu\u010den\u00fdch zastupitelstvu m\u011bsta ke schv\u00e1len\u00ed postoupili radn\u00ed do dal\u0161\u00ed f\u00e1ze d\u016fle\u017eit\u00e9 investi\u010dn\u00ed projekty m\u011bsta Prachatice. V\u00a0p\u0159\u00edpad\u011b jejich podpo\u0159en\u00ed na z\u00e1\u0159ijov\u00e9m jedn\u00e1n\u00ed zastupitelstva m\u011bsta bude je\u0161t\u011b na podzim zah\u00e1jena v lokalit\u011b u b\u00fdval\u00e9ho \u0160kv\u00e1rov\u00e9ho h\u0159i\u0161t\u011b na okraji prachatick\u00e9ho s\u00eddli\u0161t\u011b v\u00fdstavba nov\u00e9ho chodn\u00edku s\u00a0ve\u0159ejn\u00fdm osv\u011btlen\u00ed a nov\u00fdch parkovac\u00edch m\u00edst. T\u00edm dojde ke zv\u00fd\u0161en\u00ed bezpe\u010dnosti pohybu chodc\u016f a roz\u0161\u00ed\u0159en\u00ed kapacity pro parkov\u00e1n\u00ed v\u00a0bl\u00edzkosti s\u00eddli\u0161t\u011b. \u00a0D\u00e1le bude zad\u00e1no vypracov\u00e1n\u00ed kompletn\u00ed projektov\u00e9 dokumentace a in\u017een\u00fdrsk\u00e9 \u010dinnosti na akci \u201eVjezd na parkovi\u0161t\u011b, parkovi\u0161t\u011b a vstup na h\u0159bitov v\u00a0Prachatic\u00edch I. a II. etapa, kdy I. etapa zahrnuje sjezd z komunikace II\/141 na parkovi\u0161t\u011b a samotn\u00e9 parkovi\u0161t\u011b u h\u0159bitova, II. etapa \u0159e\u0161\u00ed samotn\u00fd vstup na h\u0159bitov. Rada m\u011bsta pak schv\u00e1lila rovn\u011b\u017e investici do Rekonstrukce laborato\u0159e chemie na Z\u0160 a MM\u0160 Prachatice, N\u00e1rodn\u00ed 1018.<\/p>\n<p>&nbsp;<\/p>\n<h6><b>Horsk\u00e1 L&#8217;Etape Czech Republic 2025 odstartuje znovu v Prachatic\u00edch<\/b><\/h6>\n<div>Rada m\u011bsta vzala na v\u011bdom\u00ed pod\u011bkov\u00e1n\u00ed organiz\u00e1tor\u016f horsk\u00e9 etapy L\u2019etape Czech republic by Tour de France a s\u00a0pot\u011b\u0161en\u00edm p\u0159ijala informaci, \u017ee jsou organiz\u00e1to\u0159i p\u0159ipraveni uspo\u0159\u00e1dat druh\u00fd ro\u010dn\u00edk op\u011bt v\u00a0Prachatic\u00edch. Z\u00e1m\u011brem veden\u00ed m\u011bsta je, aby se do budoucna jednalo o pravideln\u00fd cyklistick\u00fd z\u00e1vod, kter\u00fd n\u00e1m v\u017edy na jeden v\u00edkend v\u00a0roce \u017eiv\u011b zprost\u0159edkuje atmosf\u00e9ru slavn\u00e9 Tour de France. Tento z\u00e1m\u011br podporuje rovn\u011b\u017e aktu\u00e1ln\u00ed usnesen\u00ed rady m\u011bsta. <em>\u201eM\u00e1m up\u0159\u00edmnou radost, \u017ee na\u0161e m\u011bsto, n\u00e1\u0161 region a zejm\u00e9na na\u0161i ob\u010dan\u00e9 vytvo\u0159ili skv\u011bl\u00e9 z\u00e1zem\u00ed a \u00fachvatnou atmosf\u00e9ru pro podnik takov\u00e9ho form\u00e1tu. Jednalo se o po\u0159adatelsky velmi profesion\u00e1ln\u00ed sportovn\u00ed akci, kter\u00e9 se Prachatice staly d\u016fstojn\u00fdm partnerem. A nyn\u00ed se p\u0159ed n\u00e1mi otv\u00edr\u00e1 mo\u017enost druh\u00e9ho ro\u010dn\u00edku. Ten se rod\u00ed mimo jin\u00e9 z\u00a0euforie toho pr\u00e1v\u011b skon\u010den\u00e9ho. Je tak p\u0159ed n\u00e1mi p\u0159\u00edle\u017eitost nav\u00e1zat na leto\u0161n\u00ed \u00fasp\u011bch a z\u00e1rove\u0148 p\u0159\u00edle\u017eitost \u0159adu v\u011bc\u00ed je\u0161t\u011b vylep\u0161it. Pro v\u0161echny cyklisty pak \u0161ance po\u0159\u00e1dn\u011b natr\u00e9novat, aby se za rok mohli op\u011bt state\u010dn\u011b poprat se \u0161umavsk\u00fdmi kopci pot\u00e9, co na v\u00fdst\u0159el opust\u00ed renesan\u010dn\u00ed kulisy Velk\u00e9ho n\u00e1m\u011bst\u00ed. Osobn\u011b se velmi t\u011b\u0161\u00edm,\u201c<\/em> zhodnotil jak leto\u0161n\u00ed, tak i p\u0159ipravovan\u00fd druh\u00fd ro\u010dn\u00edk Horsk\u00e9 L&#8217;Etape Czech Republic starosta Jan Bauer.<\/div>\n<p>&nbsp;<\/p>\n<p>Rada m\u011bsta mimo jin\u00e9 odsouhlasila realizaci projektu &#8220;Zkvalit\u0148ov\u00e1n\u00ed vzd\u011bl\u00e1v\u00e1n\u00ed na Z\u0160 Zlat\u00e1 stezka II v\u00a0podob\u011b modernizaci dvou u\u010deben, a to odborn\u00e9 u\u010debny d\u00edlen a modernizaci u\u010debny \u0161koln\u00edch dru\u017ein.<\/p>\n<p>Radn\u00ed jmenovali do funkce vedouc\u00ed Odboru spr\u00e1vn\u00edch \u010dinnost\u00ed a evidenc\u00ed M\u011bstsk\u00e9ho \u00fa\u0159adu Prachatice pan\u00ed Mgr. Milu\u0161i Schwingerovou, s \u00fa\u010dinnost\u00ed od 1.9.2024 a projednali Opakovan\u00e9 zve\u0159ejn\u011bn\u00ed z\u00e1m\u011bru t\u00fdkaj\u00edc\u00edho se prodeje bytov\u00e9 jednotky Vokova ulice v\u00a0Prachatic\u00edch. D\u00e1le radn\u00ed na sv\u00e9m pond\u011bln\u00edm jedn\u00e1n\u00ed podpo\u0159ili zejm\u00e9na organiza\u010dn\u011b a z\u00e1\u0161titou starosty m\u011bsta kon\u00e1n\u00ed rallye automobilov\u00fdch veter\u00e1n\u016f XV. South Bohemia Classic v sobotu 7. z\u00e1\u0159\u00ed 2024. Prachatice se tak stanou jedn\u00edm z nejv\u00fdznamn\u011bj\u0161\u00edch bod\u016f na trase druh\u00e9 etapy popul\u00e1rn\u00edho motoristick\u00e9ho podniku, kter\u00e9ho se letos z\u00fa\u010dastn\u00ed rekordn\u00ed po\u010det 160 pos\u00e1dek.<\/p>\n<p>&nbsp;<\/p>\n<p><strong>Jana HULE\u0160OV\u00c1, M\u011bsto Prachatice<\/strong><\/p>\n<hr \/>\n<p>&nbsp;<\/p>\n<h6>Informovali jsme:<\/h6>\n<h4><a href=\"https:\/\/zakrasnejsivimperk.cz\/?p=319096\" target=\"_blank\" rel=\"noopener\">JI\u017dN\u00cd \u010cECHY: Stavba\u0159i na t\u0159i dny uzav\u0159ou silnici z Prachatic na Lib\u00ednsk\u00e9 Sedlo<\/a><\/h4>\n<h4><a href=\"https:\/\/zakrasnejsivimperk.cz\/?p=317672\" target=\"_blank\" rel=\"noopener\">JI\u017dN\u00cd \u010cECHY: Prachatick\u00e9 Kole\u010dko bude slou\u017eit lidem, kte\u0159\u00ed se po nehod\u011b, \u00farazu \u010di nemoci ocitli na voz\u00ed\u010dku<\/a><\/h4>\n<h4><a href=\"https:\/\/zakrasnejsivimperk.cz\/?p=316967\" target=\"_blank\" rel=\"noopener\">JI\u017dN\u00cd \u010cECHY: Prachatick\u00e1 nemocnice po rekonstrukci znovu otev\u00edr\u00e1 porodn\u00ed s\u00e1ly<\/a><\/h4>\n<h4><a href=\"https:\/\/zakrasnejsivimperk.cz\/?p=315416\" target=\"_blank\" rel=\"noopener\">JI\u017dN\u00cd \u010cECHY: Co se d\u011bje v Prachatic\u00edch. Informace o jedn\u00e1n\u00ed rady m\u011bsta \u2013 22. 7.<\/a><\/h4>\n<h4><a href=\"https:\/\/zakrasnejsivimperk.cz\/?p=312427\" target=\"_blank\" rel=\"noopener\">JI\u017dN\u00cd \u010cECHY: Co se d\u011bje v Prachatic\u00edch. Informace o jedn\u00e1n\u00ed rady m\u011bsta \u2013 24. 6.<\/a><\/h4>\n<h4><a href=\"https:\/\/zakrasnejsivimperk.cz\/?p=311044\" target=\"_blank\" rel=\"noopener\">JI\u017dN\u00cd \u010cECHY: Co se d\u011bje v Prachatic\u00edch. Informace o jedn\u00e1n\u00ed rady m\u011bsta \u2013 10. 6.<\/a><\/h4>\n<h4 class=\"entry-title\"><a href=\"https:\/\/zakrasnejsivimperk.cz\/?p=309241\" target=\"_blank\" rel=\"noopener\">JI\u017dN\u00cd \u010cECHY: Co se d\u011bje v Prachatic\u00edch. Informace o jedn\u00e1n\u00ed rady m\u011bsta \u2013 27. 5.<\/a><\/h4>\n<h4><a href=\"https:\/\/zakrasnejsivimperk.cz\/?p=308244\" target=\"_blank\" rel=\"noopener\">JI\u017dN\u00cd \u010cECHY: Prachatice maj\u00ed novou kv\u011btinovou v\u00fdzdobu v centru m\u011bsta<\/a><\/h4>\n<h4><a href=\"https:\/\/zakrasnejsivimperk.cz\/?p=306574\" target=\"_blank\" rel=\"noopener\">JI\u017dN\u00cd \u010cECHY: Co se d\u011bje v Prachatic\u00edch. Informace o jedn\u00e1n\u00ed rady m\u011bsta 29. 4.<\/a><\/h4>\n<h4><a href=\"https:\/\/zakrasnejsivimperk.cz\/?p=306137\" target=\"_blank\" rel=\"noopener\">JI\u017dN\u00cd \u010cECHY: Co se d\u011bje v Prachatic\u00edch. Informace o jedn\u00e1n\u00ed zastupitel\u016f 29. 4.<\/a><\/h4>\n<h4><a href=\"https:\/\/zakrasnejsivimperk.cz\/?p=306578\" target=\"_blank\" rel=\"noopener\">JI\u017dN\u00cd \u010cECHY: Uzav\u0159en\u00edm Po\u0161tovn\u00ed ulice vznikl klidn\u00fd ve\u0159ejn\u00fd prostor v centru<\/a><\/h4>\n<h4><a href=\"https:\/\/zakrasnejsivimperk.cz\/?p=299453\" target=\"_blank\" rel=\"noopener\">JI\u017dN\u00cd \u010cECHY: Prachatice op\u011bt odpust\u00ed poplatek za provozov\u00e1n\u00ed p\u0159edzahr\u00e1dek<\/a><\/h4>\n<h4><a href=\"https:\/\/zakrasnejsivimperk.cz\/?p=305487\" target=\"_blank\" rel=\"noopener\">JI\u017dN\u00cd \u010cECHY: Oprava unik\u00e1tn\u00edch slune\u010dn\u00edch hodin na Mal\u00e9m n\u00e1m\u011bst\u00ed v Prachatic\u00edch je dokon\u010dena<\/a><\/h4>\n<h4><a href=\"https:\/\/zakrasnejsivimperk.cz\/?p=303157\" target=\"_blank\" rel=\"noopener\">JI\u017dN\u00cd \u010cECHY: Prachatice v sobotu slavnostn\u011b otev\u0159ely kongresov\u00e9 centrum, jak\u00e9 Vimperk m\u016f\u017ee jen z\u00e1vid\u011bt<\/a><\/h4>\n<hr \/>\n<p>&nbsp;<\/p>\n","protected":false},"excerpt":{"rendered":"<p>&nbsp; Nejv\u011bt\u0161\u00ed <\/p>\n","protected":false},"author":2,"featured_media":312430,"comment_status":"open","ping_status":"open","sticky":false,"template":"","format":"gallery","meta":{"footnotes":""},"categories":[24],"tags":[],"jetpack_featured_media_url":"https:\/\/zakrasnejsivimperk.cz\/wp-content\/uploads\/2024\/06\/27\/prachatice-060624-parkan.jpg","_links":{"self":[{"href":"https:\/\/zakrasnejsivimperk.cz\/index.php?rest_route=\/wp\/v2\/posts\/319364"}],"collection":[{"href":"https:\/\/zakrasnejsivimperk.cz\/index.php?rest_route=\/wp\/v2\/posts"}],"about":[{"href":"https:\/\/zakrasnejsivimperk.cz\/index.php?rest_route=\/wp\/v2\/types\/post"}],"author":[{"embeddable":true,"href":"https:\/\/zakrasnejsivimperk.cz\/index.php?rest_route=\/wp\/v2\/users\/2"}],"replies":[{"embeddable":true,"href":"https:\/\/zakrasnejsivimperk.cz\/index.php?rest_route=%2Fwp%2Fv2%2Fcomments&post=319364"}],"version-history":[{"count":1,"href":"https:\/\/zakrasnejsivimperk.cz\/index.php?rest_route=\/wp\/v2\/posts\/319364\/revisions"}],"predecessor-version":[{"id":319368,"href":"https:\/\/zakrasnejsivimperk.cz\/index.php?rest_route=\/wp\/v2\/posts\/319364\/revisions\/319368"}],"wp:featuredmedia":[{"embeddable":true,"href":"https:\/\/zakrasnejsivimperk.cz\/index.php?rest_route=\/wp\/v2\/media\/312430"}],"wp:attachment":[{"href":"https:\/\/zakrasnejsivimperk.cz\/index.php?rest_route=%2Fwp%2Fv2%2Fmedia&parent=319364"}],"wp:term":[{"taxonomy":"category","embeddable":true,"href":"https:\/\/zakrasnejsivimperk.cz\/index.php?rest_route=%2Fwp%2Fv2%2Fcategories&post=319364"},{"taxonomy":"post_tag","embeddable":true,"href":"https:\/\/zakrasnejsivimperk.cz\/index.php?rest_route=%2Fwp%2Fv2%2Ftags&post=319364"}],"curies":[{"name":"wp","href":"https:\/\/api.w.org\/{rel}","templated":true}]}}