{"id":319096,"date":"2024-08-27T08:58:02","date_gmt":"2024-08-27T07:58:02","guid":{"rendered":"https:\/\/zakrasnejsivimperk.cz\/?p=319096"},"modified":"2024-08-28T18:24:11","modified_gmt":"2024-08-28T17:24:11","slug":"jizni-cechy-stavbari-na-tri-dny-uzavrou-silnici-z-prachatic-na-libinske-sedlo","status":"publish","type":"post","link":"https:\/\/zakrasnejsivimperk.cz\/?p=319096","title":{"rendered":"JI\u017dN\u00cd \u010cECHY: Stavba\u0159i na t\u0159i dny uzav\u0159ou silnici z Prachatic na Lib\u00ednsk\u00e9 Sedlo"},"content":{"rendered":"<figure id=\"attachment_319097\" aria-describedby=\"caption-attachment-319097\" style=\"width: 1100px\" class=\"wp-caption aligncenter\"><img loading=\"lazy\" decoding=\"async\" class=\"wp-image-319097 size-full\" src=\"https:\/\/zakrasnejsivimperk.cz\/wp-content\/uploads\/2024\/08\/26\/americka-zatacka-foto-stanislav-novotny.jpg\" alt=\"\" width=\"1100\" height=\"619\" srcset=\"https:\/\/zakrasnejsivimperk.cz\/wp-content\/uploads\/2024\/08\/26\/americka-zatacka-foto-stanislav-novotny.jpg 1100w, https:\/\/zakrasnejsivimperk.cz\/wp-content\/uploads\/2024\/08\/26\/americka-zatacka-foto-stanislav-novotny-300x169.jpg 300w, https:\/\/zakrasnejsivimperk.cz\/wp-content\/uploads\/2024\/08\/26\/americka-zatacka-foto-stanislav-novotny-1024x576.jpg 1024w, https:\/\/zakrasnejsivimperk.cz\/wp-content\/uploads\/2024\/08\/26\/americka-zatacka-foto-stanislav-novotny-768x432.jpg 768w, https:\/\/zakrasnejsivimperk.cz\/wp-content\/uploads\/2024\/08\/26\/americka-zatacka-foto-stanislav-novotny-634x357.jpg 634w, https:\/\/zakrasnejsivimperk.cz\/wp-content\/uploads\/2024\/08\/26\/americka-zatacka-foto-stanislav-novotny-858x483.jpg 858w\" sizes=\"(max-width: 1100px) 100vw, 1100px\" \/><figcaption id=\"caption-attachment-319097\" class=\"wp-caption-text\">Foto: Stanislav NOVOTN\u00dd<\/figcaption><\/figure>\n<p>&nbsp;<\/p>\n<h6>Stavba \u201eSilnice II\/141 &#8211; stoupac\u00ed pruhy Lib\u00ednsk\u00e9 Sedlo &#8211; \u00fasek 2\u201c, kterou prov\u00e1d\u00ed firma STRABAG Silnice a.s. vyu\u017e\u00edv\u00e1 v sou\u010dasn\u00e9 dob\u011b \u010d\u00e1ste\u010dnou uzav\u00edrku, \u0159\u00edzenou kyvadlov\u011b pomoc\u00ed semaforov\u00e9 sv\u011bteln\u00e9 signalizace. Sm\u011brem na Volary po II\/141 je tedy trasa pro vozidla do 15 t pr\u016fjezdn\u00e1.<\/h6>\n<p>N\u00e1kladn\u00ed automobily nad 15t jedouc\u00ed sm\u011br Volary a Str\u00e1\u017en\u00fd jsou odklon\u011bny od Prachatic na kruhov\u00e9 k\u0159i\u017eovatce u T\u011b\u0161ovic na \u00a0silnici II\/145 sm\u011brem Husinec a Vimperk. Pokra\u010duj\u00ed d\u00e1le po I\/4 sm\u011br Str\u00e1\u017en\u00fd pop\u0159\u00edpad\u011b I\/39 sm\u011br Volary.<\/p>\n<p>Stavebn\u00ed realizace stoupac\u00edch pruh\u016f sm\u011b\u0159uje ke sv\u00e9mu dokon\u010den\u00ed a v jej\u00edm z\u00e1v\u011bru bude polo\u017eena fin\u00e1ln\u00ed obrusn\u00e1 vrstva. Technologie pokl\u00e1dky vy\u017eaduje celkovou uzav\u00edrku silnice pro v\u0161echny automobily, v\u010detn\u011b autobusov\u00e9 dopravy, na nezbytn\u011b kr\u00e1tkou dobu.<\/p>\n<h6>Celkov\u00e1 uzav\u00edrka prob\u011bhne od 30.8. do 1.9., tedy od p\u00e1tku do ned\u011ble, aby omezen\u00ed na silnici bylo co nejmen\u0161\u00ed.<\/h6>\n<p>Obj\u00edzdn\u00e1 trasa pro automobily bude vedena po silnici II\/143 z Prachatic sm\u011brem na Chroboly a d\u00e1le po II\/165 na Kti\u0161 a Zbytiny. N\u00e1kladn\u00ed automobilov\u00e1 doprava bude vyu\u017e\u00edvat st\u00e1le stejnou obj\u00edzdnou trasu sm\u011br Vimperk.<\/p>\n<p>Od 2.9. bude stavba nad\u00e1le v provozu za \u010d\u00e1ste\u010dn\u00e9 uzav\u00edrky a\u017e do 10.9. kdy by m\u011bla b\u00fdt dle p\u0159edpokladu zhotovitele zcela dokon\u010dena, a to s v\u00fdznamn\u00fdm \u010dasov\u00fdm p\u0159edstihem.<\/p>\n<p><strong>(tz-j\u010d)<\/strong><\/p>\n<hr \/>\n<p>&nbsp;<\/p>\n<h6>Informovali jsme:<\/h6>\n<h4><a href=\"https:\/\/zakrasnejsivimperk.cz\/?p=316967\" target=\"_blank\" rel=\"noopener\">JI\u017dN\u00cd \u010cECHY: Prachatick\u00e1 nemocnice po rekonstrukci znovu otev\u00edr\u00e1 porodn\u00ed s\u00e1ly<\/a><\/h4>\n<h4><a href=\"https:\/\/zakrasnejsivimperk.cz\/?p=315416\" target=\"_blank\" rel=\"noopener\">JI\u017dN\u00cd \u010cECHY: Co se d\u011bje v Prachatic\u00edch. Informace o jedn\u00e1n\u00ed rady m\u011bsta \u2013 22. 7.<\/a><\/h4>\n<h4><a href=\"https:\/\/zakrasnejsivimperk.cz\/?p=312427\" target=\"_blank\" rel=\"noopener\">JI\u017dN\u00cd \u010cECHY: Co se d\u011bje v Prachatic\u00edch. Informace o jedn\u00e1n\u00ed rady m\u011bsta \u2013 24. 6.<\/a><\/h4>\n<h4><a href=\"https:\/\/zakrasnejsivimperk.cz\/?p=311044\" target=\"_blank\" rel=\"noopener\">JI\u017dN\u00cd \u010cECHY: Co se d\u011bje v Prachatic\u00edch. Informace o jedn\u00e1n\u00ed rady m\u011bsta \u2013 10. 6.<\/a><\/h4>\n<h4 class=\"entry-title\"><a href=\"https:\/\/zakrasnejsivimperk.cz\/?p=309241\" target=\"_blank\" rel=\"noopener\">JI\u017dN\u00cd \u010cECHY: Co se d\u011bje v Prachatic\u00edch. Informace o jedn\u00e1n\u00ed rady m\u011bsta \u2013 27. 5.<\/a><\/h4>\n<h4><a href=\"https:\/\/zakrasnejsivimperk.cz\/?p=308244\" target=\"_blank\" rel=\"noopener\">JI\u017dN\u00cd \u010cECHY: Prachatice maj\u00ed novou kv\u011btinovou v\u00fdzdobu v centru m\u011bsta<\/a><\/h4>\n<h4><a href=\"https:\/\/zakrasnejsivimperk.cz\/?p=306574\" target=\"_blank\" rel=\"noopener\">JI\u017dN\u00cd \u010cECHY: Co se d\u011bje v Prachatic\u00edch. Informace o jedn\u00e1n\u00ed rady m\u011bsta 29. 4.<\/a><\/h4>\n<h4><a href=\"https:\/\/zakrasnejsivimperk.cz\/?p=306137\" target=\"_blank\" rel=\"noopener\">JI\u017dN\u00cd \u010cECHY: Co se d\u011bje v Prachatic\u00edch. Informace o jedn\u00e1n\u00ed zastupitel\u016f 29. 4.<\/a><\/h4>\n<h4><a href=\"https:\/\/zakrasnejsivimperk.cz\/?p=306578\" target=\"_blank\" rel=\"noopener\">JI\u017dN\u00cd \u010cECHY: Uzav\u0159en\u00edm Po\u0161tovn\u00ed ulice vznikl klidn\u00fd ve\u0159ejn\u00fd prostor v centru<\/a><\/h4>\n<h4><a href=\"https:\/\/zakrasnejsivimperk.cz\/?p=299453\" target=\"_blank\" rel=\"noopener\">JI\u017dN\u00cd \u010cECHY: Prachatice op\u011bt odpust\u00ed poplatek za provozov\u00e1n\u00ed p\u0159edzahr\u00e1dek<\/a><\/h4>\n<h4><a href=\"https:\/\/zakrasnejsivimperk.cz\/?p=305487\" target=\"_blank\" rel=\"noopener\">JI\u017dN\u00cd \u010cECHY: Oprava unik\u00e1tn\u00edch slune\u010dn\u00edch hodin na Mal\u00e9m n\u00e1m\u011bst\u00ed v Prachatic\u00edch je dokon\u010dena<\/a><\/h4>\n<h4><a href=\"https:\/\/zakrasnejsivimperk.cz\/?p=303157\" target=\"_blank\" rel=\"noopener\">JI\u017dN\u00cd \u010cECHY: Prachatice v sobotu slavnostn\u011b otev\u0159ely kongresov\u00e9 centrum, jak\u00e9 Vimperk m\u016f\u017ee jen z\u00e1vid\u011bt<\/a><\/h4>\n<hr \/>\n<p>&nbsp;<\/p>\n","protected":false},"excerpt":{"rendered":"<p>&nbsp; Stavba <\/p>\n","protected":false},"author":2,"featured_media":319097,"comment_status":"open","ping_status":"open","sticky":false,"template":"","format":"gallery","meta":{"footnotes":""},"categories":[69],"tags":[],"jetpack_featured_media_url":"https:\/\/zakrasnejsivimperk.cz\/wp-content\/uploads\/2024\/08\/26\/americka-zatacka-foto-stanislav-novotny.jpg","_links":{"self":[{"href":"https:\/\/zakrasnejsivimperk.cz\/index.php?rest_route=\/wp\/v2\/posts\/319096"}],"collection":[{"href":"https:\/\/zakrasnejsivimperk.cz\/index.php?rest_route=\/wp\/v2\/posts"}],"about":[{"href":"https:\/\/zakrasnejsivimperk.cz\/index.php?rest_route=\/wp\/v2\/types\/post"}],"author":[{"embeddable":true,"href":"https:\/\/zakrasnejsivimperk.cz\/index.php?rest_route=\/wp\/v2\/users\/2"}],"replies":[{"embeddable":true,"href":"https:\/\/zakrasnejsivimperk.cz\/index.php?rest_route=%2Fwp%2Fv2%2Fcomments&post=319096"}],"version-history":[{"count":2,"href":"https:\/\/zakrasnejsivimperk.cz\/index.php?rest_route=\/wp\/v2\/posts\/319096\/revisions"}],"predecessor-version":[{"id":319366,"href":"https:\/\/zakrasnejsivimperk.cz\/index.php?rest_route=\/wp\/v2\/posts\/319096\/revisions\/319366"}],"wp:featuredmedia":[{"embeddable":true,"href":"https:\/\/zakrasnejsivimperk.cz\/index.php?rest_route=\/wp\/v2\/media\/319097"}],"wp:attachment":[{"href":"https:\/\/zakrasnejsivimperk.cz\/index.php?rest_route=%2Fwp%2Fv2%2Fmedia&parent=319096"}],"wp:term":[{"taxonomy":"category","embeddable":true,"href":"https:\/\/zakrasnejsivimperk.cz\/index.php?rest_route=%2Fwp%2Fv2%2Fcategories&post=319096"},{"taxonomy":"post_tag","embeddable":true,"href":"https:\/\/zakrasnejsivimperk.cz\/index.php?rest_route=%2Fwp%2Fv2%2Ftags&post=319096"}],"curies":[{"name":"wp","href":"https:\/\/api.w.org\/{rel}","templated":true}]}}