{"id":317994,"date":"2024-08-17T11:46:31","date_gmt":"2024-08-17T10:46:31","guid":{"rendered":"https:\/\/zakrasnejsivimperk.cz\/?p=317994"},"modified":"2024-08-17T11:46:31","modified_gmt":"2024-08-17T10:46:31","slug":"sumava-javornik-kaple-sv-antonina-paduanskeho","status":"publish","type":"post","link":"https:\/\/zakrasnejsivimperk.cz\/?p=317994","title":{"rendered":"\u0160UMAVA: Javorn\u00edk &#8211; kaple sv. Anton\u00edna Padu\u00e1nsk\u00e9ho"},"content":{"rendered":"<figure id=\"attachment_317995\" aria-describedby=\"caption-attachment-317995\" style=\"width: 825px\" class=\"wp-caption aligncenter\"><img loading=\"lazy\" decoding=\"async\" class=\"wp-image-317995 size-full\" src=\"https:\/\/zakrasnejsivimperk.cz\/wp-content\/uploads\/2024\/08\/17\/javornik-160824-41-kaple.jpg\" alt=\"\" width=\"825\" height=\"1100\" srcset=\"https:\/\/zakrasnejsivimperk.cz\/wp-content\/uploads\/2024\/08\/17\/javornik-160824-41-kaple.jpg 825w, https:\/\/zakrasnejsivimperk.cz\/wp-content\/uploads\/2024\/08\/17\/javornik-160824-41-kaple-225x300.jpg 225w, https:\/\/zakrasnejsivimperk.cz\/wp-content\/uploads\/2024\/08\/17\/javornik-160824-41-kaple-768x1024.jpg 768w, https:\/\/zakrasnejsivimperk.cz\/wp-content\/uploads\/2024\/08\/17\/javornik-160824-41-kaple-268x357.jpg 268w, https:\/\/zakrasnejsivimperk.cz\/wp-content\/uploads\/2024\/08\/17\/javornik-160824-41-kaple-362x483.jpg 362w\" sizes=\"(max-width: 825px) 100vw, 825px\" \/><figcaption id=\"caption-attachment-317995\" class=\"wp-caption-text\">Foto: (red) &#8211; Za kr\u00e1sn\u011bj\u0161\u00ed Vimperk<\/figcaption><\/figure>\n<p>&nbsp;<\/p>\n<h2 style=\"text-align: center;\"><a href=\"https:\/\/www.sumavanet.cz\/javornik-kaple-svantonina-paduanskeho.s-3649-RECSRE\" target=\"_blank\" rel=\"noopener\">V\u00edce o kapli sv. Anton\u00edna Padu\u00e1nsk\u00e9ho<\/a><\/h2>\n<hr \/>\n<p>&nbsp;<\/p>\n","protected":false},"excerpt":{"rendered":"<p>&nbsp; V\u00edce <\/p>\n","protected":false},"author":2,"featured_media":317995,"comment_status":"open","ping_status":"open","sticky":false,"template":"","format":"gallery","meta":{"footnotes":""},"categories":[168],"tags":[],"jetpack_featured_media_url":"https:\/\/zakrasnejsivimperk.cz\/wp-content\/uploads\/2024\/08\/17\/javornik-160824-41-kaple.jpg","_links":{"self":[{"href":"https:\/\/zakrasnejsivimperk.cz\/index.php?rest_route=\/wp\/v2\/posts\/317994"}],"collection":[{"href":"https:\/\/zakrasnejsivimperk.cz\/index.php?rest_route=\/wp\/v2\/posts"}],"about":[{"href":"https:\/\/zakrasnejsivimperk.cz\/index.php?rest_route=\/wp\/v2\/types\/post"}],"author":[{"embeddable":true,"href":"https:\/\/zakrasnejsivimperk.cz\/index.php?rest_route=\/wp\/v2\/users\/2"}],"replies":[{"embeddable":true,"href":"https:\/\/zakrasnejsivimperk.cz\/index.php?rest_route=%2Fwp%2Fv2%2Fcomments&post=317994"}],"version-history":[{"count":1,"href":"https:\/\/zakrasnejsivimperk.cz\/index.php?rest_route=\/wp\/v2\/posts\/317994\/revisions"}],"predecessor-version":[{"id":317996,"href":"https:\/\/zakrasnejsivimperk.cz\/index.php?rest_route=\/wp\/v2\/posts\/317994\/revisions\/317996"}],"wp:featuredmedia":[{"embeddable":true,"href":"https:\/\/zakrasnejsivimperk.cz\/index.php?rest_route=\/wp\/v2\/media\/317995"}],"wp:attachment":[{"href":"https:\/\/zakrasnejsivimperk.cz\/index.php?rest_route=%2Fwp%2Fv2%2Fmedia&parent=317994"}],"wp:term":[{"taxonomy":"category","embeddable":true,"href":"https:\/\/zakrasnejsivimperk.cz\/index.php?rest_route=%2Fwp%2Fv2%2Fcategories&post=317994"},{"taxonomy":"post_tag","embeddable":true,"href":"https:\/\/zakrasnejsivimperk.cz\/index.php?rest_route=%2Fwp%2Fv2%2Ftags&post=317994"}],"curies":[{"name":"wp","href":"https:\/\/api.w.org\/{rel}","templated":true}]}}