{"id":31797,"date":"2015-09-24T10:43:24","date_gmt":"2015-09-24T09:43:24","guid":{"rendered":"http:\/\/zakrasnejsivimperk.cz\/?p=31797"},"modified":"2015-09-24T10:44:15","modified_gmt":"2015-09-24T09:44:15","slug":"idnes-auta-stoji-u-pasova-hranice-projedeme-rikaji-ridici-dojizdejici-za-praci-do-bavorska","status":"publish","type":"post","link":"https:\/\/zakrasnejsivimperk.cz\/?p=31797","title":{"rendered":"iDNES: Auta stoj\u00ed u Pasova, hranice projedeme, \u0159\u00edkaj\u00ed \u0159idi\u010di doj\u00ed\u017ed\u011bj\u00edc\u00ed za prac\u00ed do Bavorska a Rakouska"},"content":{"rendered":"<p style=\"text-align: justify;\">Omezuj\u00ed n\u00e1s \u010dast\u011bj\u0161\u00ed kontroly a n\u00e1razov\u00e9 kolony, shoduj\u00ed se Jiho\u010de\u0161i, kte\u0159\u00ed denn\u011b vyr\u00e1\u017eej\u00ed za prac\u00ed do Bavorska nebo Horn\u00edho Rakouska. Kv\u016fli uprchlick\u00e9 krizi se toti\u017e policist\u00e9 vr\u00e1tili k hranic\u00edm. Pendler\u016fm z Prachaticka \u010di \u010ceskokrumlovska hroz\u00ed nejv\u011bt\u0161\u00ed zdr\u017een\u00ed na d\u00e1lnici na Pasov.\u00a0\u201eZdr\u017een\u00ed samoz\u0159ejm\u011b z\u00e1vis\u00ed na denn\u00ed dob\u011b. T\u0159eba v noci p\u0159i cest\u011b z odpoledn\u00ed sm\u011bny se ned\u00e1 mluvit o ztr\u00e1t\u011b \u010dasu. P\u0159i odpoledn\u00ed \u0161pi\u010dce je zdr\u017een\u00ed p\u011bt, maxim\u00e1ln\u011b deset minut. Policie si nav\u00e1d\u00ed osobn\u00ed auta zvl\u00e1\u0161\u0165 od n\u00e1kladn\u00ed dopravy, co\u017e urychluje kontroly,\u201c popsal Martin Tome\u0161ek z Kaplice, kter\u00fd denn\u011b proj\u00ed\u017ed\u00ed p\u0159es hrani\u010dn\u00ed p\u0159echod v Doln\u00edm Dvo\u0159i\u0161ti.<\/p>\n<p><strong><a href=\"http:\/\/budejovice.idnes.cz\/dojizdejici-za-praci-0l6-\/budejovice-zpravy.aspx?c=A150923_2193685_budejovice-zpravy_epkub\" target=\"_blank\">CEL\u00dd \u010cL\u00c1NEK<\/a><\/strong><\/p>\n<p><strong>Foto: archiv redakce<\/strong><\/p>\n<p>&nbsp;<\/p>\n<p>&nbsp;<\/p>\n<p>&nbsp;<\/p>\n<p>&nbsp;<\/p>\n","protected":false},"excerpt":{"rendered":"<p>Omezuj\u00ed n\u00e1s <\/p>\n","protected":false},"author":2,"featured_media":31798,"comment_status":"open","ping_status":"open","sticky":false,"template":"","format":"standard","meta":{"footnotes":""},"categories":[7],"tags":[],"jetpack_featured_media_url":"https:\/\/zakrasnejsivimperk.cz\/wp-content\/uploads\/2015\/09\/23\/nemecka-policie.jpg","_links":{"self":[{"href":"https:\/\/zakrasnejsivimperk.cz\/index.php?rest_route=\/wp\/v2\/posts\/31797"}],"collection":[{"href":"https:\/\/zakrasnejsivimperk.cz\/index.php?rest_route=\/wp\/v2\/posts"}],"about":[{"href":"https:\/\/zakrasnejsivimperk.cz\/index.php?rest_route=\/wp\/v2\/types\/post"}],"author":[{"embeddable":true,"href":"https:\/\/zakrasnejsivimperk.cz\/index.php?rest_route=\/wp\/v2\/users\/2"}],"replies":[{"embeddable":true,"href":"https:\/\/zakrasnejsivimperk.cz\/index.php?rest_route=%2Fwp%2Fv2%2Fcomments&post=31797"}],"version-history":[{"count":4,"href":"https:\/\/zakrasnejsivimperk.cz\/index.php?rest_route=\/wp\/v2\/posts\/31797\/revisions"}],"predecessor-version":[{"id":31845,"href":"https:\/\/zakrasnejsivimperk.cz\/index.php?rest_route=\/wp\/v2\/posts\/31797\/revisions\/31845"}],"wp:featuredmedia":[{"embeddable":true,"href":"https:\/\/zakrasnejsivimperk.cz\/index.php?rest_route=\/wp\/v2\/media\/31798"}],"wp:attachment":[{"href":"https:\/\/zakrasnejsivimperk.cz\/index.php?rest_route=%2Fwp%2Fv2%2Fmedia&parent=31797"}],"wp:term":[{"taxonomy":"category","embeddable":true,"href":"https:\/\/zakrasnejsivimperk.cz\/index.php?rest_route=%2Fwp%2Fv2%2Fcategories&post=31797"},{"taxonomy":"post_tag","embeddable":true,"href":"https:\/\/zakrasnejsivimperk.cz\/index.php?rest_route=%2Fwp%2Fv2%2Ftags&post=31797"}],"curies":[{"name":"wp","href":"https:\/\/api.w.org\/{rel}","templated":true}]}}