{"id":317894,"date":"2024-08-16T19:12:07","date_gmt":"2024-08-16T18:12:07","guid":{"rendered":"https:\/\/zakrasnejsivimperk.cz\/?p=317894"},"modified":"2024-08-19T13:44:12","modified_gmt":"2024-08-19T12:44:12","slug":"nase-mesto-vimperk-fotografie-ze-stareho-alba-vimperska-osmdesata-6","status":"publish","type":"post","link":"https:\/\/zakrasnejsivimperk.cz\/?p=317894","title":{"rendered":"NA\u0160E M\u011aSTO VIMPERK: Fotografie ze star\u00e9ho alba \u2013 Vimpersk\u00e1 osmdes\u00e1t\u00e1"},"content":{"rendered":"<h6 style=\"text-align: center;\">V\u00fdstavba s\u00eddli\u0161t\u011b M\u00edru <em>(za\u010d\u00e1tek osmdes\u00e1t\u00fdch let)<\/em>:<\/h6>\n<p><img loading=\"lazy\" decoding=\"async\" class=\"aligncenter wp-image-317895 size-full\" src=\"https:\/\/zakrasnejsivimperk.cz\/wp-content\/uploads\/2024\/08\/15\/sidliste-miru.jpg\" alt=\"\" width=\"1100\" height=\"669\" srcset=\"https:\/\/zakrasnejsivimperk.cz\/wp-content\/uploads\/2024\/08\/15\/sidliste-miru.jpg 1100w, https:\/\/zakrasnejsivimperk.cz\/wp-content\/uploads\/2024\/08\/15\/sidliste-miru-300x182.jpg 300w, https:\/\/zakrasnejsivimperk.cz\/wp-content\/uploads\/2024\/08\/15\/sidliste-miru-1024x623.jpg 1024w, https:\/\/zakrasnejsivimperk.cz\/wp-content\/uploads\/2024\/08\/15\/sidliste-miru-768x467.jpg 768w, https:\/\/zakrasnejsivimperk.cz\/wp-content\/uploads\/2024\/08\/15\/sidliste-miru-587x357.jpg 587w, https:\/\/zakrasnejsivimperk.cz\/wp-content\/uploads\/2024\/08\/15\/sidliste-miru-794x483.jpg 794w\" sizes=\"(max-width: 1100px) 100vw, 1100px\" \/><\/p>\n<p>&nbsp;<\/p>\n<p><strong>Foto: Zden\u011bk JUNGVIRT<\/strong><\/p>\n<p>&nbsp;<\/p>\n<p style=\"text-align: center;\"><strong>Autor u\u017e nezn\u00e1 p\u0159esnou dataci tohoto a dal\u0161\u00edch zde pod t\u00edmto titulkem zve\u0159ej\u0148ovan\u00fdch sn\u00edmk\u016f, p\u0159esto se domn\u00edv\u00e1, \u017ee by nem\u011bly z\u016fstat pouze v jeho archivu, ale \u017ee mohou zaj\u00edmat i mnoh\u00e9 \u010dten\u00e1\u0159e.<\/strong><\/p>\n<hr \/>\n<p>&nbsp;<\/p>\n","protected":false},"excerpt":{"rendered":"<p>V\u00fdstavba s\u00eddli\u0161t\u011b <\/p>\n","protected":false},"author":2,"featured_media":317897,"comment_status":"open","ping_status":"open","sticky":false,"template":"","format":"gallery","meta":{"footnotes":""},"categories":[74,86],"tags":[],"jetpack_featured_media_url":"https:\/\/zakrasnejsivimperk.cz\/wp-content\/uploads\/2024\/08\/15\/ram-sidliste-miru.jpg","_links":{"self":[{"href":"https:\/\/zakrasnejsivimperk.cz\/index.php?rest_route=\/wp\/v2\/posts\/317894"}],"collection":[{"href":"https:\/\/zakrasnejsivimperk.cz\/index.php?rest_route=\/wp\/v2\/posts"}],"about":[{"href":"https:\/\/zakrasnejsivimperk.cz\/index.php?rest_route=\/wp\/v2\/types\/post"}],"author":[{"embeddable":true,"href":"https:\/\/zakrasnejsivimperk.cz\/index.php?rest_route=\/wp\/v2\/users\/2"}],"replies":[{"embeddable":true,"href":"https:\/\/zakrasnejsivimperk.cz\/index.php?rest_route=%2Fwp%2Fv2%2Fcomments&post=317894"}],"version-history":[{"count":1,"href":"https:\/\/zakrasnejsivimperk.cz\/index.php?rest_route=\/wp\/v2\/posts\/317894\/revisions"}],"predecessor-version":[{"id":317898,"href":"https:\/\/zakrasnejsivimperk.cz\/index.php?rest_route=\/wp\/v2\/posts\/317894\/revisions\/317898"}],"wp:featuredmedia":[{"embeddable":true,"href":"https:\/\/zakrasnejsivimperk.cz\/index.php?rest_route=\/wp\/v2\/media\/317897"}],"wp:attachment":[{"href":"https:\/\/zakrasnejsivimperk.cz\/index.php?rest_route=%2Fwp%2Fv2%2Fmedia&parent=317894"}],"wp:term":[{"taxonomy":"category","embeddable":true,"href":"https:\/\/zakrasnejsivimperk.cz\/index.php?rest_route=%2Fwp%2Fv2%2Fcategories&post=317894"},{"taxonomy":"post_tag","embeddable":true,"href":"https:\/\/zakrasnejsivimperk.cz\/index.php?rest_route=%2Fwp%2Fv2%2Ftags&post=317894"}],"curies":[{"name":"wp","href":"https:\/\/api.w.org\/{rel}","templated":true}]}}