{"id":317828,"date":"2024-08-15T16:00:57","date_gmt":"2024-08-15T15:00:57","guid":{"rendered":"https:\/\/zakrasnejsivimperk.cz\/?p=317828"},"modified":"2024-08-15T16:09:27","modified_gmt":"2024-08-15T15:09:27","slug":"policie-cr-cykliste-obcas-zapominaji-ze-se-jich-dopravni-predpisy-tykaji-stejne-jako-ridicu-motorovych-vozidel","status":"publish","type":"post","link":"https:\/\/zakrasnejsivimperk.cz\/?p=317828","title":{"rendered":"POLICIE \u010cR: Cyklist\u00e9 ob\u010das zapom\u00ednaj\u00ed na dodr\u017eov\u00e1n\u00ed dopravn\u00edch p\u0159edpis\u016f"},"content":{"rendered":"<p><img loading=\"lazy\" decoding=\"async\" class=\"aligncenter wp-image-317829 size-full\" src=\"https:\/\/zakrasnejsivimperk.cz\/wp-content\/uploads\/2024\/08\/15\/policiiste-a-cyklisti.jpg\" alt=\"\" width=\"1600\" height=\"901\" srcset=\"https:\/\/zakrasnejsivimperk.cz\/wp-content\/uploads\/2024\/08\/15\/policiiste-a-cyklisti.jpg 1600w, https:\/\/zakrasnejsivimperk.cz\/wp-content\/uploads\/2024\/08\/15\/policiiste-a-cyklisti-300x169.jpg 300w, https:\/\/zakrasnejsivimperk.cz\/wp-content\/uploads\/2024\/08\/15\/policiiste-a-cyklisti-1024x577.jpg 1024w, https:\/\/zakrasnejsivimperk.cz\/wp-content\/uploads\/2024\/08\/15\/policiiste-a-cyklisti-768x432.jpg 768w, https:\/\/zakrasnejsivimperk.cz\/wp-content\/uploads\/2024\/08\/15\/policiiste-a-cyklisti-1536x865.jpg 1536w, https:\/\/zakrasnejsivimperk.cz\/wp-content\/uploads\/2024\/08\/15\/policiiste-a-cyklisti-634x357.jpg 634w, https:\/\/zakrasnejsivimperk.cz\/wp-content\/uploads\/2024\/08\/15\/policiiste-a-cyklisti-858x483.jpg 858w\" sizes=\"(max-width: 1600px) 100vw, 1600px\" \/><\/p>\n<p>&nbsp;<\/p>\n<h6>\u0160umava je po cel\u00fd rok obl\u00edbenou turistickou destinac\u00ed. V\u00a0letn\u00ed sez\u00f3n\u011b nav\u00edc v hojn\u00e9 m\u00ed\u0159e p\u0159ib\u00fdv\u00e1 tak\u00e9 cyklist\u016f, kte\u0159\u00ed r\u00e1di vyu\u017e\u00edvaj\u00ed tamn\u00ed cyklostezky. V\u00a0r\u00e1mci preventivn\u00ed akce se pr\u00e1v\u011b na cyklisty ve \u010dtvrtek dopoledne zam\u011b\u0159ili v\u00a0obci Nov\u00e1 Pec policist\u00e9 z\u00a0\u00dazemn\u00edho odboru policie Prachatice. Ti na m\u00edst\u011b cyklist\u016fm na j\u00edzdn\u00edch kolech a kolob\u011b\u017ek\u00e1ch p\u0159ed\u00e1vali d\u016fle\u017eit\u00e9 informace formou preventivn\u00edch let\u00e1k\u016f a sami je upozor\u0148ovali na mo\u017en\u00e1 bezpe\u010dnostn\u00ed rizika v\u00a0silni\u010dn\u00edm provozu, spojen\u00e1 nap\u0159\u00edklad s jejich \u0161patnou viditelnost\u00ed, po\u017e\u00edv\u00e1n\u00edm alkoholu a jin\u00fdch n\u00e1vykov\u00fdch l\u00e1tek p\u0159ed a b\u011bhem j\u00edzdy \u010di s p\u0159ece\u0148ov\u00e1n\u00edm sv\u00fdch schopnost\u00ed.<\/h6>\n<p>P\u0159isp\u011bt ke sn\u00ed\u017een\u00ed nehodovosti a zejm\u00e9na z\u00e1va\u017en\u00fdm n\u00e1sledk\u016fm dopravn\u00edch nehod cyklist\u016f, zap\u0159\u00ed\u010din\u011bn\u00fdch jejich nespr\u00e1vn\u00fdm chov\u00e1n\u00edm a nepou\u017e\u00edv\u00e1n\u00edm bezpe\u010dnostn\u00edch prvk\u016f chce i letos projekt\u00a0<strong><a href=\"https:\/\/www.nakolejensprilbou.cz\/\" target=\"_blank\" rel=\"noopener\">Na kole jen s p\u0159ilbou<\/a><\/strong>.<\/p>\n<p>V\u00a0\u00fater\u00fd po t\u0159iadvac\u00e1t\u00e9 hodin\u011b kontrolovali volar\u0161t\u00ed policist\u00e9 cyklistu, jedouc\u00edho po ulici Bud\u011bjovick\u00e1 ve Volarech, kter\u00e9mu orienta\u010dn\u00ed dechovou zkou\u0161kou nam\u011b\u0159ili p\u0159es jedno a p\u016fl promile alkoholu v\u00a0dechu. Cyklista na sebe s\u00e1m upozornil t\u00edm, \u017ee \u0159\u00e1dn\u011b nesv\u00edtil a nav\u00edc se nedr\u017eel \u0159\u00edd\u00edtek, a to i kdy\u017e u\u017e vid\u011bl policisty. Nyn\u00ed mu hroz\u00ed nemal\u00e1 finan\u010dn\u00ed sankce ve spr\u00e1vn\u00edm \u0159\u00edzen\u00ed.<\/p>\n<p>V\u00a0souvislosti nejen s\u00a0t\u00edmto p\u0159\u00edpadem upozor\u0148ujeme v\u0161echny cyklisty, aby nezapom\u00ednali na to, \u017ee jakmile usednou na kolo, st\u00e1vaj\u00ed se \u00fa\u010dastn\u00edkem silni\u010dn\u00edho provozu a mus\u00ed dodr\u017eovat pravidla silni\u010dn\u00edho provozu, tak jako \u0159idi\u010di motorov\u00fdch vozidel. A jedn\u00edm z\u00a0nich je\u00a0z\u00e1kaz pit\u00ed alkoholu! Od 1. ledna 2024 se cyklista p\u0159i j\u00edzd\u011b pod vlivem alkoholu dopou\u0161t\u00ed p\u0159estupku na \u00faseku dopravy, za kter\u00fd mu hroz\u00ed ve spr\u00e1vn\u00edm \u0159\u00edzen\u00ed pokuta od 7 do 25 tis\u00edc korun. Pokuta od 25 do 75 tis\u00edc korun hroz\u00ed i v\u00a0situaci, kdy se cyklista odm\u00edtne podrobit dechov\u00e9 zkou\u0161ce.<\/p>\n<p>Prachati\u010dt\u00ed dopravn\u00ed policist\u00e9 eviduj\u00ed za rok 2023 celkem11 dopravn\u00edch nehod \u00a0cyklist\u016f, z\u00a0toho dv\u011b na elektrokole. B\u011bhem t\u011bchto nehod bohu\u017eel jeden cyklista zem\u0159el, jeden se t\u011b\u017ece zranil a \u0161est jich utrp\u011blo zran\u011bn\u00ed lehk\u00e1. D\u00e1le policist\u00e9 eviduj\u00ed dv\u011b dopravn\u00ed nehody na kolob\u011b\u017ece, z\u00a0toho jednu na elektrokolob\u011b\u017ece, p\u0159i kter\u00fdch v\u0161ichni t\u0159i \u0159idi\u010di utrp\u011bli lehk\u00e1 zran\u011bn\u00ed.<\/p>\n<p>V\u00a0leto\u0161n\u00edm roce zat\u00edm policist\u00e9 na okrese Prachatice\u00a0eviduj\u00ed celkem 11 dopravn\u00edch nehod cyklist\u016f, z\u00a0toho \u010dty\u0159i nehody se staly na elektrokole. Ani jedna z\u00a0t\u011bchto nehod se neobe\u0161la bez zran\u011bn\u00ed. P\u011bt cyklist\u016f se zranilo t\u011b\u017ece. D\u00e1le policist\u00e9 eviduj\u00ed jednu dopravn\u00ed nehodu na elektrokolob\u011b\u017ece, p\u0159i kter\u00e9 \u0159idi\u010d utrp\u011bl lehk\u00e9 zran\u011bn\u00ed.<\/p>\n<h6>Mezi nej\u010dast\u011bj\u0161\u00ed ne\u0161vary cyklist\u016f pat\u0159\u00ed:<\/h6>\n<ul>\n<li>j\u00edzda bez helmy &#8211; a\u010dkoli je u n\u00e1s povinn\u00e1 pouze pro cyklisty do 18 let a osoby star\u0161\u00edho v\u011bku ji p\u0159i j\u00edzd\u011b na kole nemus\u00ed m\u00edt, statistick\u00e1 \u010d\u00edsla t\u00fdkaj\u00edc\u00ed se smrteln\u00fdch \u00faraz\u016f cyklist\u016f v d\u016fsledku poran\u011bn\u00ed hlavy jsou v\u00edce ne\u017e alarmuj\u00edc\u00ed<\/li>\n<li>j\u00edzda po chodn\u00edku\u00a0\u00a0\u00a0&#8211; chodn\u00edk sm\u00ed k\u00a0j\u00edzd\u011b na kole vyu\u017e\u00edvat pouze cyklista mlad\u0161\u00ed 10 let,\u00a0\u00a0i pokud j\u00edzdn\u00ed kolo po chodn\u00edku pouze vedete, nesm\u00edte ohrozit chodce<\/li>\n<li>j\u00edzda po p\u0159echodu pro chodce &#8211; p\u0159echod pro chodce nen\u00ed ur\u010den pro jedouc\u00ed cyklisty<\/li>\n<li>nepou\u017e\u00edv\u00e1n\u00ed cyklistick\u00e9 stezky &#8211;\u00a0\u00a0je-li na trase, kudy se cyklista pohybuje, odd\u011blen pruh pro cyklisty, je cyklista tuto stezku povinen pou\u017e\u00edt<\/li>\n<li>nerespektov\u00e1n\u00ed dopravn\u00edch zna\u010dek a sv\u011bteln\u00e9 signalizace &#8211;\u00a0a\u010dkoli cyklista \u0159\u00edd\u00ed nemotorov\u00e9 vozidlo, je dle z\u00e1kona pova\u017eov\u00e1n za \u0159idi\u010de<\/li>\n<li>j\u00edzda bez p\u0159edepsan\u00e9ho osv\u011btlen\u00ed a reflexn\u00edch prvk\u016f za sn\u00ed\u017een\u00e9 viditelnosti (v noci, v\u00a0mlze, za de\u0161t\u011b apod.) &#8211; zde plat\u00ed pravidlo \u201evid\u011bt a b\u00fdt vid\u011bn\u201c<\/li>\n<li>j\u00edzda pod vlivem alkoholu &#8211; cyklista jako \u0159idi\u010d nesm\u00ed po\u017e\u00edt alkoholick\u00fd n\u00e1poj nebo u\u017e\u00edt n\u00e1vykovou l\u00e1tku p\u0159ed j\u00edzdou ani b\u011bhem n\u00ed.<\/li>\n<\/ul>\n<p><strong>Text a foto: POLICIE \u010cR<\/strong><\/p>\n<hr \/>\n<p>&nbsp;<\/p>\n","protected":false},"excerpt":{"rendered":"<p>&nbsp; \u0160umava <\/p>\n","protected":false},"author":2,"featured_media":317829,"comment_status":"open","ping_status":"open","sticky":false,"template":"","format":"gallery","meta":{"footnotes":""},"categories":[13],"tags":[],"jetpack_featured_media_url":"https:\/\/zakrasnejsivimperk.cz\/wp-content\/uploads\/2024\/08\/15\/policiiste-a-cyklisti.jpg","_links":{"self":[{"href":"https:\/\/zakrasnejsivimperk.cz\/index.php?rest_route=\/wp\/v2\/posts\/317828"}],"collection":[{"href":"https:\/\/zakrasnejsivimperk.cz\/index.php?rest_route=\/wp\/v2\/posts"}],"about":[{"href":"https:\/\/zakrasnejsivimperk.cz\/index.php?rest_route=\/wp\/v2\/types\/post"}],"author":[{"embeddable":true,"href":"https:\/\/zakrasnejsivimperk.cz\/index.php?rest_route=\/wp\/v2\/users\/2"}],"replies":[{"embeddable":true,"href":"https:\/\/zakrasnejsivimperk.cz\/index.php?rest_route=%2Fwp%2Fv2%2Fcomments&post=317828"}],"version-history":[{"count":7,"href":"https:\/\/zakrasnejsivimperk.cz\/index.php?rest_route=\/wp\/v2\/posts\/317828\/revisions"}],"predecessor-version":[{"id":317836,"href":"https:\/\/zakrasnejsivimperk.cz\/index.php?rest_route=\/wp\/v2\/posts\/317828\/revisions\/317836"}],"wp:featuredmedia":[{"embeddable":true,"href":"https:\/\/zakrasnejsivimperk.cz\/index.php?rest_route=\/wp\/v2\/media\/317829"}],"wp:attachment":[{"href":"https:\/\/zakrasnejsivimperk.cz\/index.php?rest_route=%2Fwp%2Fv2%2Fmedia&parent=317828"}],"wp:term":[{"taxonomy":"category","embeddable":true,"href":"https:\/\/zakrasnejsivimperk.cz\/index.php?rest_route=%2Fwp%2Fv2%2Fcategories&post=317828"},{"taxonomy":"post_tag","embeddable":true,"href":"https:\/\/zakrasnejsivimperk.cz\/index.php?rest_route=%2Fwp%2Fv2%2Ftags&post=317828"}],"curies":[{"name":"wp","href":"https:\/\/api.w.org\/{rel}","templated":true}]}}