{"id":317817,"date":"2024-08-16T19:10:05","date_gmt":"2024-08-16T18:10:05","guid":{"rendered":"https:\/\/zakrasnejsivimperk.cz\/?p=317817"},"modified":"2024-08-16T19:10:05","modified_gmt":"2024-08-16T18:10:05","slug":"jizni-cechy-navstevnici-se-k-hoslovickemu-mlynu-dostanou-po-nove-ceste","status":"publish","type":"post","link":"https:\/\/zakrasnejsivimperk.cz\/?p=317817","title":{"rendered":"JI\u017dN\u00cd \u010cECHY: N\u00e1v\u0161t\u011bvn\u00edci se k hoslovick\u00e9mu ml\u00fdnu dostanou po nov\u00e9 cest\u011b"},"content":{"rendered":"<p><img loading=\"lazy\" decoding=\"async\" class=\"aligncenter wp-image-317821 size-full\" src=\"https:\/\/zakrasnejsivimperk.cz\/wp-content\/uploads\/2024\/08\/15\/hoslovice-mlyn.jpg\" alt=\"\" width=\"2048\" height=\"1536\" srcset=\"https:\/\/zakrasnejsivimperk.cz\/wp-content\/uploads\/2024\/08\/15\/hoslovice-mlyn.jpg 2048w, https:\/\/zakrasnejsivimperk.cz\/wp-content\/uploads\/2024\/08\/15\/hoslovice-mlyn-300x225.jpg 300w, https:\/\/zakrasnejsivimperk.cz\/wp-content\/uploads\/2024\/08\/15\/hoslovice-mlyn-1024x768.jpg 1024w, https:\/\/zakrasnejsivimperk.cz\/wp-content\/uploads\/2024\/08\/15\/hoslovice-mlyn-768x576.jpg 768w, https:\/\/zakrasnejsivimperk.cz\/wp-content\/uploads\/2024\/08\/15\/hoslovice-mlyn-1536x1152.jpg 1536w, https:\/\/zakrasnejsivimperk.cz\/wp-content\/uploads\/2024\/08\/15\/hoslovice-mlyn-476x357.jpg 476w, https:\/\/zakrasnejsivimperk.cz\/wp-content\/uploads\/2024\/08\/15\/hoslovice-mlyn-644x483.jpg 644w\" sizes=\"(max-width: 2048px) 100vw, 2048px\" \/><\/p>\n<p>&nbsp;<\/p>\n<h6><img loading=\"lazy\" decoding=\"async\" class=\"size-medium wp-image-313629 alignright\" src=\"https:\/\/zakrasnejsivimperk.cz\/wp-content\/uploads\/2024\/07\/11\/muzeum-st-130-300x133.jpg\" alt=\"\" width=\"300\" height=\"133\" srcset=\"https:\/\/zakrasnejsivimperk.cz\/wp-content\/uploads\/2024\/07\/11\/muzeum-st-130-300x133.jpg 300w, https:\/\/zakrasnejsivimperk.cz\/wp-content\/uploads\/2024\/07\/11\/muzeum-st-130.jpg 309w\" sizes=\"(max-width: 300px) 100vw, 300px\" \/>Ve vodn\u00edm ml\u00fdn\u011b v Hoslovic\u00edch za\u010dala stavba nov\u00e9 komunikace s parkovi\u0161t\u011bm, kter\u00e1 v\u0161em n\u00e1v\u0161t\u011bvn\u00edk\u016fm zp\u0159\u00edjemn\u00ed cestu ke ml\u00fdnu. Cesta povede mimovesnici Hoslovice a zakon\u010d\u00ed ji parkovi\u0161t\u011b pod obc\u00ed. Vodn\u00ed ml\u00fdn tak bude nov\u011b v doch\u00e1zkov\u00e9 vzd\u00e1lenosti jen cca 450 m po rovin\u011b. Douf\u00e1me, \u017ee nov\u00e1 p\u0159\u00edstupov\u00e1 cesta v\u0161em zp\u0159\u00edjemn\u00ed z\u00e1\u017eitek z n\u00e1v\u0161t\u011bvy t\u00e9to n\u00e1rodn\u00ed kulturn\u00ed pam\u00e1tky.<\/h6>\n<p><strong>Text a foto: MUZEUM ST\u0158EDN\u00cdHO POOTAV\u00cd STRAKONICE<\/strong><\/p>\n<p>&nbsp;<\/p>\n<p><img loading=\"lazy\" decoding=\"async\" class=\"alignnone wp-image-317820 size-full\" src=\"https:\/\/zakrasnejsivimperk.cz\/wp-content\/uploads\/2024\/08\/15\/hoslovice-nova-cesta-3.jpg\" alt=\"\" width=\"2048\" height=\"1536\" srcset=\"https:\/\/zakrasnejsivimperk.cz\/wp-content\/uploads\/2024\/08\/15\/hoslovice-nova-cesta-3.jpg 2048w, https:\/\/zakrasnejsivimperk.cz\/wp-content\/uploads\/2024\/08\/15\/hoslovice-nova-cesta-3-300x225.jpg 300w, https:\/\/zakrasnejsivimperk.cz\/wp-content\/uploads\/2024\/08\/15\/hoslovice-nova-cesta-3-1024x768.jpg 1024w, https:\/\/zakrasnejsivimperk.cz\/wp-content\/uploads\/2024\/08\/15\/hoslovice-nova-cesta-3-768x576.jpg 768w, https:\/\/zakrasnejsivimperk.cz\/wp-content\/uploads\/2024\/08\/15\/hoslovice-nova-cesta-3-1536x1152.jpg 1536w, https:\/\/zakrasnejsivimperk.cz\/wp-content\/uploads\/2024\/08\/15\/hoslovice-nova-cesta-3-476x357.jpg 476w, https:\/\/zakrasnejsivimperk.cz\/wp-content\/uploads\/2024\/08\/15\/hoslovice-nova-cesta-3-644x483.jpg 644w\" sizes=\"(max-width: 2048px) 100vw, 2048px\" \/><\/p>\n<p>&nbsp;<\/p>\n<p><img loading=\"lazy\" decoding=\"async\" class=\"aligncenter wp-image-317818 size-full\" src=\"https:\/\/zakrasnejsivimperk.cz\/wp-content\/uploads\/2024\/08\/15\/hoslovice-nova-cesta-1.jpg\" alt=\"\" width=\"1083\" height=\"906\" srcset=\"https:\/\/zakrasnejsivimperk.cz\/wp-content\/uploads\/2024\/08\/15\/hoslovice-nova-cesta-1.jpg 1083w, https:\/\/zakrasnejsivimperk.cz\/wp-content\/uploads\/2024\/08\/15\/hoslovice-nova-cesta-1-300x251.jpg 300w, https:\/\/zakrasnejsivimperk.cz\/wp-content\/uploads\/2024\/08\/15\/hoslovice-nova-cesta-1-1024x857.jpg 1024w, https:\/\/zakrasnejsivimperk.cz\/wp-content\/uploads\/2024\/08\/15\/hoslovice-nova-cesta-1-768x642.jpg 768w, https:\/\/zakrasnejsivimperk.cz\/wp-content\/uploads\/2024\/08\/15\/hoslovice-nova-cesta-1-427x357.jpg 427w, https:\/\/zakrasnejsivimperk.cz\/wp-content\/uploads\/2024\/08\/15\/hoslovice-nova-cesta-1-577x483.jpg 577w\" sizes=\"(max-width: 1083px) 100vw, 1083px\" \/><\/p>\n<hr \/>\n<p>&nbsp;<\/p>\n","protected":false},"excerpt":{"rendered":"<p>&nbsp; Ve <\/p>\n","protected":false},"author":2,"featured_media":317822,"comment_status":"open","ping_status":"open","sticky":false,"template":"","format":"gallery","meta":{"footnotes":""},"categories":[10],"tags":[],"jetpack_featured_media_url":"https:\/\/zakrasnejsivimperk.cz\/wp-content\/uploads\/2024\/08\/15\/hoslovice-nova-cesta-3-tt.jpg","_links":{"self":[{"href":"https:\/\/zakrasnejsivimperk.cz\/index.php?rest_route=\/wp\/v2\/posts\/317817"}],"collection":[{"href":"https:\/\/zakrasnejsivimperk.cz\/index.php?rest_route=\/wp\/v2\/posts"}],"about":[{"href":"https:\/\/zakrasnejsivimperk.cz\/index.php?rest_route=\/wp\/v2\/types\/post"}],"author":[{"embeddable":true,"href":"https:\/\/zakrasnejsivimperk.cz\/index.php?rest_route=\/wp\/v2\/users\/2"}],"replies":[{"embeddable":true,"href":"https:\/\/zakrasnejsivimperk.cz\/index.php?rest_route=%2Fwp%2Fv2%2Fcomments&post=317817"}],"version-history":[{"count":1,"href":"https:\/\/zakrasnejsivimperk.cz\/index.php?rest_route=\/wp\/v2\/posts\/317817\/revisions"}],"predecessor-version":[{"id":317823,"href":"https:\/\/zakrasnejsivimperk.cz\/index.php?rest_route=\/wp\/v2\/posts\/317817\/revisions\/317823"}],"wp:featuredmedia":[{"embeddable":true,"href":"https:\/\/zakrasnejsivimperk.cz\/index.php?rest_route=\/wp\/v2\/media\/317822"}],"wp:attachment":[{"href":"https:\/\/zakrasnejsivimperk.cz\/index.php?rest_route=%2Fwp%2Fv2%2Fmedia&parent=317817"}],"wp:term":[{"taxonomy":"category","embeddable":true,"href":"https:\/\/zakrasnejsivimperk.cz\/index.php?rest_route=%2Fwp%2Fv2%2Fcategories&post=317817"},{"taxonomy":"post_tag","embeddable":true,"href":"https:\/\/zakrasnejsivimperk.cz\/index.php?rest_route=%2Fwp%2Fv2%2Ftags&post=317817"}],"curies":[{"name":"wp","href":"https:\/\/api.w.org\/{rel}","templated":true}]}}