{"id":317672,"date":"2024-08-14T16:29:36","date_gmt":"2024-08-14T15:29:36","guid":{"rendered":"https:\/\/zakrasnejsivimperk.cz\/?p=317672"},"modified":"2024-08-24T12:46:15","modified_gmt":"2024-08-24T11:46:15","slug":"jizni-cechy-misto-zchatrale-hygienicke-stanice-vznikne-zcela-unikatni-projekt-kolecko","status":"publish","type":"post","link":"https:\/\/zakrasnejsivimperk.cz\/?p=317672","title":{"rendered":"JI\u017dN\u00cd \u010cECHY: Prachatick\u00e9 Kole\u010dko bude slou\u017eit lidem, kte\u0159\u00ed se po nehod\u011b, \u00farazu \u010di nemoci ocitli na voz\u00ed\u010dku"},"content":{"rendered":"<p><img loading=\"lazy\" decoding=\"async\" class=\"aligncenter wp-image-317673 size-full\" src=\"https:\/\/zakrasnejsivimperk.cz\/wp-content\/uploads\/2024\/08\/14\/pt-kolecko-1.jpg\" alt=\"\" width=\"2048\" height=\"1562\" srcset=\"https:\/\/zakrasnejsivimperk.cz\/wp-content\/uploads\/2024\/08\/14\/pt-kolecko-1.jpg 2048w, https:\/\/zakrasnejsivimperk.cz\/wp-content\/uploads\/2024\/08\/14\/pt-kolecko-1-300x229.jpg 300w, https:\/\/zakrasnejsivimperk.cz\/wp-content\/uploads\/2024\/08\/14\/pt-kolecko-1-1024x781.jpg 1024w, https:\/\/zakrasnejsivimperk.cz\/wp-content\/uploads\/2024\/08\/14\/pt-kolecko-1-768x586.jpg 768w, https:\/\/zakrasnejsivimperk.cz\/wp-content\/uploads\/2024\/08\/14\/pt-kolecko-1-1536x1172.jpg 1536w, https:\/\/zakrasnejsivimperk.cz\/wp-content\/uploads\/2024\/08\/14\/pt-kolecko-1-468x357.jpg 468w, https:\/\/zakrasnejsivimperk.cz\/wp-content\/uploads\/2024\/08\/14\/pt-kolecko-1-633x483.jpg 633w\" sizes=\"(max-width: 2048px) 100vw, 2048px\" \/><\/p>\n<p>&nbsp;<\/p>\n<h6>U\u017e p\u0159\u00ed\u0161t\u00ed rok vyroste v budov\u011b b\u00fdval\u00e9 prachatick\u00e9 nemocnice v Nemocni\u010dn\u00ed ulici chr\u00e1n\u011bn\u00e9 bydlen\u00ed pro voz\u00ed\u010dk\u00e1\u0159e. Projekt nazvan\u00fd Kole\u010dko, jak\u00fd zat\u00edm nem\u00e1 v \u010cesk\u00e9 republice obdoby, bude slou\u017eit lidem, kte\u0159\u00ed se po nehod\u011b, \u00farazu nebo nemoci ocitli na voz\u00ed\u010dku. Mohou zde z\u016fstat tak dlouho, jak budou pot\u0159ebovat, ne\u017e budou p\u0159ipraveni na novou \u017eivotn\u00ed situaci.<\/h6>\n<p><img loading=\"lazy\" decoding=\"async\" class=\"size-medium wp-image-200261 alignright\" src=\"https:\/\/zakrasnejsivimperk.cz\/wp-content\/uploads\/2020\/08\/14\/jiho\u010desk\u00fd-kraj3-logo-xx-300x136.jpg\" alt=\"\" width=\"300\" height=\"136\" srcset=\"https:\/\/zakrasnejsivimperk.cz\/wp-content\/uploads\/2020\/08\/14\/jiho\u010desk\u00fd-kraj3-logo-xx-300x136.jpg 300w, https:\/\/zakrasnejsivimperk.cz\/wp-content\/uploads\/2020\/08\/14\/jiho\u010desk\u00fd-kraj3-logo-xx-768x349.jpg 768w, https:\/\/zakrasnejsivimperk.cz\/wp-content\/uploads\/2020\/08\/14\/jiho\u010desk\u00fd-kraj3-logo-xx-786x357.jpg 786w, https:\/\/zakrasnejsivimperk.cz\/wp-content\/uploads\/2020\/08\/14\/jiho\u010desk\u00fd-kraj3-logo-xx.jpg 881w\" sizes=\"(max-width: 300px) 100vw, 300px\" \/>Stavbu zah\u00e1jil v \u00fater\u00fd 13. srpna hejtman Jiho\u010desk\u00e9ho kraje Martin Kuba spolu se svou n\u00e1m\u011bstkyn\u00ed pro soci\u00e1ln\u00ed oblast Luci\u00ed Kozlovou, p\u0159edsedou \u010cesk\u00e9ho paralympijsk\u00e9ho v\u00fdboru Zby\u0148kem S\u00fdkorou, starostou Prachatic Janem Bauerem a \u0159editelkou Domova senior\u016f Mistra K\u0159i\u0161\u0165ana Hanou Vojtovou.<\/p>\n<p>\u201e<em>Kdy\u017e za mnou p\u0159i\u0161la Lucka Kozlov\u00e1 s t\u00edm n\u00e1padem, ani chvilku jsem nev\u00e1hal a \u0161li jsme do toho<\/em>,\u201c popsal za\u010d\u00e1tky projektu hejtman Kuba a dodal, \u017ee inspiraci pro ojedin\u011blou stavbu \u010derpali z\u00e1stupci kraje ve \u0160v\u00fdcarsku. \u201eN<em>a p\u0159\u00edprav\u011b projektu s Luckou odvedla obrovsk\u00fd kus pr\u00e1ce pan\u00ed \u0159editelka Hanka Vojtov\u00e1 a velk\u00e9 praktick\u00e9 zku\u0161enosti do toho vnesl Zbyn\u011bk S\u00fdkora. T\u00edm, \u017ee si takovou situaci s\u00e1m pro\u017eil, tak dok\u00e1zal s architekty v projektu doladit ka\u017ed\u00fd detail, aby tu nikomu nic nechyb\u011blo<\/em>,\u201c pokra\u010doval hejtman a ocenil v\u0161echny, kdo na p\u0159\u00edprav\u011b projektu \u0159adu m\u011bs\u00edc\u016f pracovali.<\/p>\n<p>\u201e<em>Pomohlo n\u00e1m i m\u011bsto Prachatice a starosta Honza Bauer. Ti n\u00e1m zdarma p\u0159evedli pozemky, kter\u00e9 jsme k realizaci pot\u0159ebovali. Moc d\u00edky v\u0161em. Mysl\u00edm, \u017ee n\u00e1m na jihu \u010cech vyroste projekt, na kter\u00fd budeme moci b\u00fdt py\u0161n\u00ed<\/em>,\u201c dodal hejtman. Sou\u010d\u00e1st\u00ed bydlen\u00ed podle n\u011bj bude krom\u011b 12 bytov\u00fdch jednotek i rehabilita\u010dn\u00ed t\u011blocvi\u010dna a kav\u00e1rna, kde budou moci lid\u00e9 na voz\u00ed\u010dku pracovat. Na stavbu s celkov\u00fdmi odhadovan\u00fdmi n\u00e1klady ve v\u00fd\u0161i 133 milion\u016f korun se d\u00edky spolupr\u00e1ci s Region\u00e1ln\u00ed rozvojovou agenturou ji\u017en\u00edch \u010cech poda\u0159ilo z N\u00e1rodn\u00edho pl\u00e1nu obnovy z\u00edskat maxim\u00e1ln\u00ed dotaci ve v\u00fd\u0161i 80 milion\u016f korun.<\/p>\n<p>&nbsp;<\/p>\n<p><strong>Text a foto: (tz-j\u010d)<\/strong><\/p>\n<p>&nbsp;<\/p>\n<p><img loading=\"lazy\" decoding=\"async\" class=\"aligncenter wp-image-317674 size-full\" src=\"https:\/\/zakrasnejsivimperk.cz\/wp-content\/uploads\/2024\/08\/14\/pt-kolecko-2.jpg\" alt=\"\" width=\"2048\" height=\"1487\" srcset=\"https:\/\/zakrasnejsivimperk.cz\/wp-content\/uploads\/2024\/08\/14\/pt-kolecko-2.jpg 2048w, https:\/\/zakrasnejsivimperk.cz\/wp-content\/uploads\/2024\/08\/14\/pt-kolecko-2-300x218.jpg 300w, https:\/\/zakrasnejsivimperk.cz\/wp-content\/uploads\/2024\/08\/14\/pt-kolecko-2-1024x744.jpg 1024w, https:\/\/zakrasnejsivimperk.cz\/wp-content\/uploads\/2024\/08\/14\/pt-kolecko-2-768x558.jpg 768w, https:\/\/zakrasnejsivimperk.cz\/wp-content\/uploads\/2024\/08\/14\/pt-kolecko-2-1536x1115.jpg 1536w, https:\/\/zakrasnejsivimperk.cz\/wp-content\/uploads\/2024\/08\/14\/pt-kolecko-2-492x357.jpg 492w, https:\/\/zakrasnejsivimperk.cz\/wp-content\/uploads\/2024\/08\/14\/pt-kolecko-2-665x483.jpg 665w, https:\/\/zakrasnejsivimperk.cz\/wp-content\/uploads\/2024\/08\/14\/pt-kolecko-2-198x143.jpg 198w\" sizes=\"(max-width: 2048px) 100vw, 2048px\" \/><\/p>\n<hr \/>\n<p>&nbsp;<\/p>\n<h6>Informovali jsme:<\/h6>\n<h4><a href=\"https:\/\/zakrasnejsivimperk.cz\/?p=312427\" target=\"_blank\" rel=\"noopener\">JI\u017dN\u00cd \u010cECHY: Co se d\u011bje v Prachatic\u00edch. Informace o jedn\u00e1n\u00ed rady m\u011bsta \u2013 24. 6.<\/a><\/h4>\n<h4><a href=\"https:\/\/zakrasnejsivimperk.cz\/?p=311044\" target=\"_blank\" rel=\"noopener\">JI\u017dN\u00cd \u010cECHY: Co se d\u011bje v Prachatic\u00edch. Informace o jedn\u00e1n\u00ed rady m\u011bsta \u2013 10. 6.<\/a><\/h4>\n<h4 class=\"entry-title\"><a href=\"https:\/\/zakrasnejsivimperk.cz\/?p=309241\" target=\"_blank\" rel=\"noopener\">JI\u017dN\u00cd \u010cECHY: Co se d\u011bje v Prachatic\u00edch. Informace o jedn\u00e1n\u00ed rady m\u011bsta \u2013 27. 5.<\/a><\/h4>\n<h4><a href=\"https:\/\/zakrasnejsivimperk.cz\/?p=308244\" target=\"_blank\" rel=\"noopener\">JI\u017dN\u00cd \u010cECHY: Prachatice maj\u00ed novou kv\u011btinovou v\u00fdzdobu v centru m\u011bsta<\/a><\/h4>\n<h4><a href=\"https:\/\/zakrasnejsivimperk.cz\/?p=306574\" target=\"_blank\" rel=\"noopener\">JI\u017dN\u00cd \u010cECHY: Co se d\u011bje v Prachatic\u00edch. Informace o jedn\u00e1n\u00ed rady m\u011bsta 29. 4.<\/a><\/h4>\n<h4><a href=\"https:\/\/zakrasnejsivimperk.cz\/?p=306137\" target=\"_blank\" rel=\"noopener\">JI\u017dN\u00cd \u010cECHY: Co se d\u011bje v Prachatic\u00edch. Informace o jedn\u00e1n\u00ed zastupitel\u016f 29. 4.<\/a><\/h4>\n<h4><a href=\"https:\/\/zakrasnejsivimperk.cz\/?p=306578\" target=\"_blank\" rel=\"noopener\">JI\u017dN\u00cd \u010cECHY: Uzav\u0159en\u00edm Po\u0161tovn\u00ed ulice vznikl klidn\u00fd ve\u0159ejn\u00fd prostor v centru<\/a><\/h4>\n<h4><a href=\"https:\/\/zakrasnejsivimperk.cz\/?p=299453\" target=\"_blank\" rel=\"noopener\">JI\u017dN\u00cd \u010cECHY: Prachatice op\u011bt odpust\u00ed poplatek za provozov\u00e1n\u00ed p\u0159edzahr\u00e1dek<\/a><\/h4>\n<h4><a href=\"https:\/\/zakrasnejsivimperk.cz\/?p=305487\" target=\"_blank\" rel=\"noopener\">JI\u017dN\u00cd \u010cECHY: Oprava unik\u00e1tn\u00edch slune\u010dn\u00edch hodin na Mal\u00e9m n\u00e1m\u011bst\u00ed v Prachatic\u00edch je dokon\u010dena<\/a><\/h4>\n<h4><a href=\"https:\/\/zakrasnejsivimperk.cz\/?p=303157\" target=\"_blank\" rel=\"noopener\">JI\u017dN\u00cd \u010cECHY: Prachatice v sobotu slavnostn\u011b otev\u0159ely kongresov\u00e9 centrum, jak\u00e9 Vimperk m\u016f\u017ee jen z\u00e1vid\u011bt<\/a><\/h4>\n<hr \/>\n<p>&nbsp;<\/p>\n","protected":false},"excerpt":{"rendered":"<p>&nbsp; U\u017e <\/p>\n","protected":false},"author":2,"featured_media":317673,"comment_status":"open","ping_status":"open","sticky":false,"template":"","format":"gallery","meta":{"footnotes":""},"categories":[10],"tags":[],"jetpack_featured_media_url":"https:\/\/zakrasnejsivimperk.cz\/wp-content\/uploads\/2024\/08\/14\/pt-kolecko-1.jpg","_links":{"self":[{"href":"https:\/\/zakrasnejsivimperk.cz\/index.php?rest_route=\/wp\/v2\/posts\/317672"}],"collection":[{"href":"https:\/\/zakrasnejsivimperk.cz\/index.php?rest_route=\/wp\/v2\/posts"}],"about":[{"href":"https:\/\/zakrasnejsivimperk.cz\/index.php?rest_route=\/wp\/v2\/types\/post"}],"author":[{"embeddable":true,"href":"https:\/\/zakrasnejsivimperk.cz\/index.php?rest_route=\/wp\/v2\/users\/2"}],"replies":[{"embeddable":true,"href":"https:\/\/zakrasnejsivimperk.cz\/index.php?rest_route=%2Fwp%2Fv2%2Fcomments&post=317672"}],"version-history":[{"count":6,"href":"https:\/\/zakrasnejsivimperk.cz\/index.php?rest_route=\/wp\/v2\/posts\/317672\/revisions"}],"predecessor-version":[{"id":318829,"href":"https:\/\/zakrasnejsivimperk.cz\/index.php?rest_route=\/wp\/v2\/posts\/317672\/revisions\/318829"}],"wp:featuredmedia":[{"embeddable":true,"href":"https:\/\/zakrasnejsivimperk.cz\/index.php?rest_route=\/wp\/v2\/media\/317673"}],"wp:attachment":[{"href":"https:\/\/zakrasnejsivimperk.cz\/index.php?rest_route=%2Fwp%2Fv2%2Fmedia&parent=317672"}],"wp:term":[{"taxonomy":"category","embeddable":true,"href":"https:\/\/zakrasnejsivimperk.cz\/index.php?rest_route=%2Fwp%2Fv2%2Fcategories&post=317672"},{"taxonomy":"post_tag","embeddable":true,"href":"https:\/\/zakrasnejsivimperk.cz\/index.php?rest_route=%2Fwp%2Fv2%2Ftags&post=317672"}],"curies":[{"name":"wp","href":"https:\/\/api.w.org\/{rel}","templated":true}]}}