{"id":317528,"date":"2024-08-20T12:23:05","date_gmt":"2024-08-20T11:23:05","guid":{"rendered":"https:\/\/zakrasnejsivimperk.cz\/?p=317528"},"modified":"2024-08-21T13:46:28","modified_gmt":"2024-08-21T12:46:28","slug":"sumava-pozvanka-do-stachu","status":"publish","type":"post","link":"https:\/\/zakrasnejsivimperk.cz\/?p=317528","title":{"rendered":"\u0160UMAVA: Pozv\u00e1nka do Stach\u016f"},"content":{"rendered":"<p><img loading=\"lazy\" decoding=\"async\" class=\"aligncenter wp-image-317529 size-full\" src=\"https:\/\/zakrasnejsivimperk.cz\/wp-content\/uploads\/2024\/08\/13\/plakat-stachy-2408.jpg\" alt=\"\" width=\"1278\" height=\"951\" srcset=\"https:\/\/zakrasnejsivimperk.cz\/wp-content\/uploads\/2024\/08\/13\/plakat-stachy-2408.jpg 1278w, https:\/\/zakrasnejsivimperk.cz\/wp-content\/uploads\/2024\/08\/13\/plakat-stachy-2408-300x223.jpg 300w, https:\/\/zakrasnejsivimperk.cz\/wp-content\/uploads\/2024\/08\/13\/plakat-stachy-2408-1024x762.jpg 1024w, https:\/\/zakrasnejsivimperk.cz\/wp-content\/uploads\/2024\/08\/13\/plakat-stachy-2408-768x571.jpg 768w, https:\/\/zakrasnejsivimperk.cz\/wp-content\/uploads\/2024\/08\/13\/plakat-stachy-2408-480x357.jpg 480w, https:\/\/zakrasnejsivimperk.cz\/wp-content\/uploads\/2024\/08\/13\/plakat-stachy-2408-649x483.jpg 649w\" sizes=\"(max-width: 1278px) 100vw, 1278px\" \/><\/p>\n<hr \/>\n<p>&nbsp;<\/p>\n","protected":false},"excerpt":{"rendered":"<p>&nbsp;<\/p>\n","protected":false},"author":2,"featured_media":317530,"comment_status":"open","ping_status":"open","sticky":false,"template":"","format":"gallery","meta":{"footnotes":""},"categories":[71],"tags":[],"jetpack_featured_media_url":"https:\/\/zakrasnejsivimperk.cz\/wp-content\/uploads\/2024\/08\/13\/ram-stachy-slavnosti.jpg","_links":{"self":[{"href":"https:\/\/zakrasnejsivimperk.cz\/index.php?rest_route=\/wp\/v2\/posts\/317528"}],"collection":[{"href":"https:\/\/zakrasnejsivimperk.cz\/index.php?rest_route=\/wp\/v2\/posts"}],"about":[{"href":"https:\/\/zakrasnejsivimperk.cz\/index.php?rest_route=\/wp\/v2\/types\/post"}],"author":[{"embeddable":true,"href":"https:\/\/zakrasnejsivimperk.cz\/index.php?rest_route=\/wp\/v2\/users\/2"}],"replies":[{"embeddable":true,"href":"https:\/\/zakrasnejsivimperk.cz\/index.php?rest_route=%2Fwp%2Fv2%2Fcomments&post=317528"}],"version-history":[{"count":1,"href":"https:\/\/zakrasnejsivimperk.cz\/index.php?rest_route=\/wp\/v2\/posts\/317528\/revisions"}],"predecessor-version":[{"id":317531,"href":"https:\/\/zakrasnejsivimperk.cz\/index.php?rest_route=\/wp\/v2\/posts\/317528\/revisions\/317531"}],"wp:featuredmedia":[{"embeddable":true,"href":"https:\/\/zakrasnejsivimperk.cz\/index.php?rest_route=\/wp\/v2\/media\/317530"}],"wp:attachment":[{"href":"https:\/\/zakrasnejsivimperk.cz\/index.php?rest_route=%2Fwp%2Fv2%2Fmedia&parent=317528"}],"wp:term":[{"taxonomy":"category","embeddable":true,"href":"https:\/\/zakrasnejsivimperk.cz\/index.php?rest_route=%2Fwp%2Fv2%2Fcategories&post=317528"},{"taxonomy":"post_tag","embeddable":true,"href":"https:\/\/zakrasnejsivimperk.cz\/index.php?rest_route=%2Fwp%2Fv2%2Ftags&post=317528"}],"curies":[{"name":"wp","href":"https:\/\/api.w.org\/{rel}","templated":true}]}}