{"id":31662,"date":"2015-09-22T08:53:22","date_gmt":"2015-09-22T07:53:22","guid":{"rendered":"http:\/\/zakrasnejsivimperk.cz\/?p=31662"},"modified":"2015-09-22T08:58:40","modified_gmt":"2015-09-22T07:58:40","slug":"minuty-vsedniho-dne-nekteri-ridici-se-opet-roztahuji-tam-kde-ma-byt-chodec-panem","status":"publish","type":"post","link":"https:\/\/zakrasnejsivimperk.cz\/?p=31662","title":{"rendered":"MINUTY V\u0160EDN\u00cdHO DNE: N\u011bkte\u0159\u00ed \u0159idi\u010di se op\u011bt roztahuj\u00ed tam, kde m\u00e1 b\u00fdt chodec p\u00e1nem"},"content":{"rendered":"<p style=\"text-align: justify;\"><em>Se za\u010d\u00e1tkem \u0161koln\u00edho roku se op\u011bt n\u011bkte\u0159\u00ed \u0159idi\u010di osobn\u00edch vozidel za\u010d\u00ednaj\u00ed ve Vimperku roztahovat v z\u00e1kazech vjezdu i na jin\u00fdch m\u00edstech ur\u010den\u00fdch pro chodce. Tedy tam, kde by se p\u011b\u0161\u00ed \u010dlov\u011bk m\u011bl c\u00edtit bezpe\u010dn\u011b a ne trnout v obav\u00e1ch, \u017ee mu za z\u00e1dy zask\u0159\u00edpaj\u00ed brzdy auta. T\u0159eba v parku u z\u00e1kladn\u00ed \u0161koly n\u011bkte\u0159\u00ed rodi\u010dov\u00e9 u\u017e od \u010dasn\u00fdch rann\u00edch hodin st\u00e1le nerespektuj\u00ed zna\u010dku dovoluj\u00edc\u00ed vjezd pouze dopravn\u00ed obsluze. V Nerudov\u011b ulici p\u0159ed z\u00e1kladn\u00ed um\u011bleckou \u0161kolou je zase b\u011b\u017enou prax\u00ed parkov\u00e1n\u00ed na chodn\u00edku. Od jednoho \u010dten\u00e1\u0159e, kter\u00fd pravideln\u011b r\u00e1no p\u0159ed osmou hodinou proj\u00ed\u017ed\u00ed Kapl\u00ed\u0159ovo ulic\u00ed kolem hotelu Anna, jsme dostali p\u0159ipom\u00ednku na dopravn\u00ed chaos, kter\u00fd podle jeho m\u00edn\u011bn\u00ed \u00a0v tomto m\u00edst\u011b a v uveden\u00e9 dob\u011b panuje za asistence m\u011bstsk\u00fdch str\u00e1\u017en\u00edk\u016f. Auta pr\u00fd zastavuj\u00ed v nep\u0159edpisov\u00e9 vzd\u00e1lenosti p\u0159ed a za p\u0159echodem pro chodce, parkuj\u00ed na z\u00e1sobovac\u00ed plo\u0161e u hotelu Anna, kde nemaj\u00ed co pohled\u00e1vat, d\u011bti s rodi\u010di vystupuj\u00ed, p\u0159ech\u00e1zej\u00ed, jin\u00e1 auta proj\u00ed\u017ed\u011bj\u00ed. A p\u0159itom je o kousek d\u00e1l nevyu\u017eit\u00e9 velk\u00e9 parkovi\u0161t\u011b v parku. Nevid\u011bli jsme, ale nem\u00e1me d\u016fvod \u010dten\u00e1\u0159i nev\u011b\u0159it. Zept\u00e1me se, co pro zlep\u0161en\u00ed popisovan\u00fdch p\u0159\u00edpad\u016f ud\u011bl\u00e1 m\u011bstsk\u00e1 policie, a to p\u0159\u00edmo jej\u00ed velitelky, starostky m\u011bsta Jaroslavy Martanov\u00e9.<\/em><\/p>\n<p><strong>(zj)\u00a0<\/strong><\/p>\n<p><strong>Ilustra\u010dn\u00ed foto: redakce<\/strong><\/p>\n<p>&nbsp;<\/p>\n<p>&nbsp;<\/p>\n<p>&nbsp;<\/p>\n","protected":false},"excerpt":{"rendered":"<p>Se za\u010d\u00e1tkem <\/p>\n","protected":false},"author":2,"featured_media":31686,"comment_status":"open","ping_status":"open","sticky":false,"template":"","format":"standard","meta":{"footnotes":""},"categories":[7],"tags":[],"jetpack_featured_media_url":"https:\/\/zakrasnejsivimperk.cz\/wp-content\/uploads\/2015\/09\/21\/parkovani.jpg","_links":{"self":[{"href":"https:\/\/zakrasnejsivimperk.cz\/index.php?rest_route=\/wp\/v2\/posts\/31662"}],"collection":[{"href":"https:\/\/zakrasnejsivimperk.cz\/index.php?rest_route=\/wp\/v2\/posts"}],"about":[{"href":"https:\/\/zakrasnejsivimperk.cz\/index.php?rest_route=\/wp\/v2\/types\/post"}],"author":[{"embeddable":true,"href":"https:\/\/zakrasnejsivimperk.cz\/index.php?rest_route=\/wp\/v2\/users\/2"}],"replies":[{"embeddable":true,"href":"https:\/\/zakrasnejsivimperk.cz\/index.php?rest_route=%2Fwp%2Fv2%2Fcomments&post=31662"}],"version-history":[{"count":5,"href":"https:\/\/zakrasnejsivimperk.cz\/index.php?rest_route=\/wp\/v2\/posts\/31662\/revisions"}],"predecessor-version":[{"id":31699,"href":"https:\/\/zakrasnejsivimperk.cz\/index.php?rest_route=\/wp\/v2\/posts\/31662\/revisions\/31699"}],"wp:featuredmedia":[{"embeddable":true,"href":"https:\/\/zakrasnejsivimperk.cz\/index.php?rest_route=\/wp\/v2\/media\/31686"}],"wp:attachment":[{"href":"https:\/\/zakrasnejsivimperk.cz\/index.php?rest_route=%2Fwp%2Fv2%2Fmedia&parent=31662"}],"wp:term":[{"taxonomy":"category","embeddable":true,"href":"https:\/\/zakrasnejsivimperk.cz\/index.php?rest_route=%2Fwp%2Fv2%2Fcategories&post=31662"},{"taxonomy":"post_tag","embeddable":true,"href":"https:\/\/zakrasnejsivimperk.cz\/index.php?rest_route=%2Fwp%2Fv2%2Ftags&post=31662"}],"curies":[{"name":"wp","href":"https:\/\/api.w.org\/{rel}","templated":true}]}}