{"id":315661,"date":"2024-07-29T12:22:35","date_gmt":"2024-07-29T11:22:35","guid":{"rendered":"https:\/\/zakrasnejsivimperk.cz\/?p=315661"},"modified":"2024-07-30T10:53:49","modified_gmt":"2024-07-30T09:53:49","slug":"napsali-jste-nam-letni-tabor-mladych-zdravotniku-s-novymi-kamarady","status":"publish","type":"post","link":"https:\/\/zakrasnejsivimperk.cz\/?p=315661","title":{"rendered":"NAPSALI JSTE N\u00c1M: Letn\u00ed t\u00e1bor mlad\u00fdch zdravotn\u00edk\u016f s nov\u00fdmi kamar\u00e1dy"},"content":{"rendered":"<p><img loading=\"lazy\" decoding=\"async\" class=\"aligncenter wp-image-315673 size-full\" src=\"https:\/\/zakrasnejsivimperk.cz\/wp-content\/uploads\/2024\/07\/28\/letni-tabor-mladych-zdravotniku-21.jpg\" alt=\"\" width=\"1000\" height=\"667\" srcset=\"https:\/\/zakrasnejsivimperk.cz\/wp-content\/uploads\/2024\/07\/28\/letni-tabor-mladych-zdravotniku-21.jpg 1000w, https:\/\/zakrasnejsivimperk.cz\/wp-content\/uploads\/2024\/07\/28\/letni-tabor-mladych-zdravotniku-21-300x200.jpg 300w, https:\/\/zakrasnejsivimperk.cz\/wp-content\/uploads\/2024\/07\/28\/letni-tabor-mladych-zdravotniku-21-768x512.jpg 768w, https:\/\/zakrasnejsivimperk.cz\/wp-content\/uploads\/2024\/07\/28\/letni-tabor-mladych-zdravotniku-21-535x357.jpg 535w, https:\/\/zakrasnejsivimperk.cz\/wp-content\/uploads\/2024\/07\/28\/letni-tabor-mladych-zdravotniku-21-724x483.jpg 724w\" sizes=\"(max-width: 1000px) 100vw, 1000px\" \/><\/p>\n<p>&nbsp;<\/p>\n<h6>Letn\u00ed d\u011btsk\u00fd t\u00e1bor uspo\u0159\u00e1dal letos \u010cesk\u00fd \u010derven\u00fd k\u0159\u00ed\u017e Prachatice p\u0159edev\u0161\u00edm v duchu jednoho ze sv\u00fdch z\u00e1kladn\u00edch princip\u016f, \u201enestrannosti\u201c. Ten \u0159\u00edk\u00e1, \u017ee Mezin\u00e1rodn\u00ed hnut\u00ed \u010cK&amp;\u010cP ne\u010din\u00ed \u017e\u00e1dn\u00e9 rozd\u00edly z hlediska n\u00e1rodnosti, rasy, n\u00e1bo\u017eenstv\u00ed, soci\u00e1ln\u00edho za\u0159azen\u00ed \u010di politick\u00e9 p\u0159\u00edslu\u0161nosti. \u00da\u010dastn\u00edky leto\u0161n\u00edho t\u00e1bora tak byly d\u011bti \u010desk\u00e9ho i ukrajinsk\u00e9ho p\u016fvodu.<\/h6>\n<p><img loading=\"lazy\" decoding=\"async\" class=\"alignright wp-image-308216\" src=\"https:\/\/zakrasnejsivimperk.cz\/wp-content\/uploads\/2024\/05\/20\/cck-logo.png\" alt=\"\" width=\"150\" height=\"154\" \/>A v\u0161echny byly \u00fa\u017easn\u00e9. Bez rozd\u00edlu n\u00e1rodnosti se d\u011bti v\u011bnovaly prvn\u00ed pomoci, absolvovaly teorii i \u0159adu modelov\u00fdch situac\u00ed v rol\u00edch figurant\u016f i z\u00e1chran\u00e1\u0159\u016f. Ned\u00edlnou sou\u010d\u00e1st\u00ed pak byly r\u016fzn\u00e9 hry, sportovn\u00ed a t\u00fdmov\u00e9 aktivity, no\u010dn\u00ed bojovka, a n\u011bkolik zaj\u00edmav\u00fdch host\u016f.<\/p>\n<p>Nav\u0161t\u00edvili n\u00e1s toti\u017e lekto\u0159i na voz\u00ed\u010dku, ambasado\u0159i z projektu VZPoura \u00faraz\u016fm, a sezn\u00e1mili jsme se tak s p\u0159\u00edb\u011bhem motokrosa\u0159e Davida a cyklisty Zby\u0148ka. Ob\u011bma se stal osudov\u00fdm jejich milovan\u00fd sport, ale nezanev\u0159eli na n\u011bj a jin\u00fdm zp\u016fsobem se mu v\u011bnuj\u00ed d\u00e1l. Setk\u00e1n\u00ed s nimi a jejich p\u0159\u00edb\u011bhy bylo siln\u00e9\u2026<\/p>\n<p>Zaj\u00edmav\u00e9 uk\u00e1zky a p\u0159\u00edb\u011bhy n\u00e1m p\u0159inesla tak\u00e9 n\u00e1v\u0161t\u011bva policist\u016f z dopravn\u00edho inspektor\u00e1tu Policie \u010cR a voj\u00e1k\u016f z Krajsk\u00e9ho vojensk\u00e9ho velitelstv\u00ed \u010cesk\u00e9 Bud\u011bjovice. K tomu odpoledne s cirkusov\u00fdmi aktivitami v pod\u00e1n\u00ed SH\u0160 Artego, ve\u010dern\u00ed oh\u0148ov\u00e1 show a pak i posezen\u00ed u t\u00e1bor\u00e1ku kr\u00e1sn\u011b zakon\u010dilo na\u0161e leto\u0161n\u00ed soust\u0159ed\u011bn\u00ed.<\/p>\n<p>R\u00e1di bychom t\u00edmto pod\u011bkovali d\u011btem za p\u0159\u00edjemn\u011b str\u00e1ven\u00fd \u010das, rodi\u010d\u016fm za d\u016fv\u011bru a partner\u016fm za spolupr\u00e1ci.<\/p>\n<p>Letn\u00ed d\u011btsk\u00fd t\u00e1bor byl realizov\u00e1n za podpory Evropsk\u00e9 unie a projektu EU4Health, Fondu humanity \u010cesk\u00e9ho \u010derven\u00e9ho k\u0159\u00ed\u017ee, M\u011bsta Prachatice a \u010cEPS.<\/p>\n<p>&nbsp;<\/p>\n<p><strong>Text a foto: Zuzana PELIK\u00c1NOV\u00c1, Oblastn\u00ed spolek \u010cesk\u00e9ho \u010derven\u00e9ho k\u0159\u00ed\u017ee Prachatice \u00a0<\/strong><\/p>\n<p>&nbsp;<\/p>\n<p><img loading=\"lazy\" decoding=\"async\" class=\"aligncenter wp-image-315682 size-full\" src=\"https:\/\/zakrasnejsivimperk.cz\/wp-content\/uploads\/2024\/07\/28\/letni-tabor-mladych-zdravotniku-38.jpg\" alt=\"\" width=\"1000\" height=\"563\" srcset=\"https:\/\/zakrasnejsivimperk.cz\/wp-content\/uploads\/2024\/07\/28\/letni-tabor-mladych-zdravotniku-38.jpg 1000w, https:\/\/zakrasnejsivimperk.cz\/wp-content\/uploads\/2024\/07\/28\/letni-tabor-mladych-zdravotniku-38-300x169.jpg 300w, https:\/\/zakrasnejsivimperk.cz\/wp-content\/uploads\/2024\/07\/28\/letni-tabor-mladych-zdravotniku-38-768x432.jpg 768w, https:\/\/zakrasnejsivimperk.cz\/wp-content\/uploads\/2024\/07\/28\/letni-tabor-mladych-zdravotniku-38-634x357.jpg 634w, https:\/\/zakrasnejsivimperk.cz\/wp-content\/uploads\/2024\/07\/28\/letni-tabor-mladych-zdravotniku-38-858x483.jpg 858w\" sizes=\"(max-width: 1000px) 100vw, 1000px\" \/><\/p>\n<p>&nbsp;<\/p>\n<p><img loading=\"lazy\" decoding=\"async\" class=\"aligncenter wp-image-315681 size-full\" src=\"https:\/\/zakrasnejsivimperk.cz\/wp-content\/uploads\/2024\/07\/28\/letni-tabor-mladych-zdravotniku-31.jpg\" alt=\"\" width=\"1000\" height=\"750\" srcset=\"https:\/\/zakrasnejsivimperk.cz\/wp-content\/uploads\/2024\/07\/28\/letni-tabor-mladych-zdravotniku-31.jpg 1000w, https:\/\/zakrasnejsivimperk.cz\/wp-content\/uploads\/2024\/07\/28\/letni-tabor-mladych-zdravotniku-31-300x225.jpg 300w, https:\/\/zakrasnejsivimperk.cz\/wp-content\/uploads\/2024\/07\/28\/letni-tabor-mladych-zdravotniku-31-768x576.jpg 768w, https:\/\/zakrasnejsivimperk.cz\/wp-content\/uploads\/2024\/07\/28\/letni-tabor-mladych-zdravotniku-31-476x357.jpg 476w, https:\/\/zakrasnejsivimperk.cz\/wp-content\/uploads\/2024\/07\/28\/letni-tabor-mladych-zdravotniku-31-644x483.jpg 644w\" sizes=\"(max-width: 1000px) 100vw, 1000px\" \/><\/p>\n<p>&nbsp;<\/p>\n<p><img loading=\"lazy\" decoding=\"async\" class=\"aligncenter wp-image-315680 size-full\" src=\"https:\/\/zakrasnejsivimperk.cz\/wp-content\/uploads\/2024\/07\/28\/letni-tabor-mladych-zdravotniku-29.jpg\" alt=\"\" width=\"1000\" height=\"667\" srcset=\"https:\/\/zakrasnejsivimperk.cz\/wp-content\/uploads\/2024\/07\/28\/letni-tabor-mladych-zdravotniku-29.jpg 1000w, https:\/\/zakrasnejsivimperk.cz\/wp-content\/uploads\/2024\/07\/28\/letni-tabor-mladych-zdravotniku-29-300x200.jpg 300w, https:\/\/zakrasnejsivimperk.cz\/wp-content\/uploads\/2024\/07\/28\/letni-tabor-mladych-zdravotniku-29-768x512.jpg 768w, https:\/\/zakrasnejsivimperk.cz\/wp-content\/uploads\/2024\/07\/28\/letni-tabor-mladych-zdravotniku-29-535x357.jpg 535w, https:\/\/zakrasnejsivimperk.cz\/wp-content\/uploads\/2024\/07\/28\/letni-tabor-mladych-zdravotniku-29-724x483.jpg 724w\" sizes=\"(max-width: 1000px) 100vw, 1000px\" \/><\/p>\n<p>&nbsp;<\/p>\n<p><img loading=\"lazy\" decoding=\"async\" class=\"aligncenter wp-image-315679 size-full\" src=\"https:\/\/zakrasnejsivimperk.cz\/wp-content\/uploads\/2024\/07\/28\/letni-tabor-mladych-zdravotniku-27.jpg\" alt=\"\" width=\"1000\" height=\"667\" srcset=\"https:\/\/zakrasnejsivimperk.cz\/wp-content\/uploads\/2024\/07\/28\/letni-tabor-mladych-zdravotniku-27.jpg 1000w, https:\/\/zakrasnejsivimperk.cz\/wp-content\/uploads\/2024\/07\/28\/letni-tabor-mladych-zdravotniku-27-300x200.jpg 300w, https:\/\/zakrasnejsivimperk.cz\/wp-content\/uploads\/2024\/07\/28\/letni-tabor-mladych-zdravotniku-27-768x512.jpg 768w, https:\/\/zakrasnejsivimperk.cz\/wp-content\/uploads\/2024\/07\/28\/letni-tabor-mladych-zdravotniku-27-535x357.jpg 535w, https:\/\/zakrasnejsivimperk.cz\/wp-content\/uploads\/2024\/07\/28\/letni-tabor-mladych-zdravotniku-27-724x483.jpg 724w\" sizes=\"(max-width: 1000px) 100vw, 1000px\" \/><\/p>\n<p>&nbsp;<\/p>\n<p><img loading=\"lazy\" decoding=\"async\" class=\"aligncenter wp-image-315678 size-full\" src=\"https:\/\/zakrasnejsivimperk.cz\/wp-content\/uploads\/2024\/07\/28\/letni-tabor-mladych-zdravotniku-26.jpg\" alt=\"\" width=\"1000\" height=\"667\" srcset=\"https:\/\/zakrasnejsivimperk.cz\/wp-content\/uploads\/2024\/07\/28\/letni-tabor-mladych-zdravotniku-26.jpg 1000w, https:\/\/zakrasnejsivimperk.cz\/wp-content\/uploads\/2024\/07\/28\/letni-tabor-mladych-zdravotniku-26-300x200.jpg 300w, https:\/\/zakrasnejsivimperk.cz\/wp-content\/uploads\/2024\/07\/28\/letni-tabor-mladych-zdravotniku-26-768x512.jpg 768w, https:\/\/zakrasnejsivimperk.cz\/wp-content\/uploads\/2024\/07\/28\/letni-tabor-mladych-zdravotniku-26-535x357.jpg 535w, https:\/\/zakrasnejsivimperk.cz\/wp-content\/uploads\/2024\/07\/28\/letni-tabor-mladych-zdravotniku-26-724x483.jpg 724w\" sizes=\"(max-width: 1000px) 100vw, 1000px\" \/><\/p>\n<p>&nbsp;<\/p>\n<p><img loading=\"lazy\" decoding=\"async\" class=\"alignnone wp-image-315677 size-full\" src=\"https:\/\/zakrasnejsivimperk.cz\/wp-content\/uploads\/2024\/07\/28\/letni-tabor-mladych-zdravotniku-25.jpg\" alt=\"\" width=\"1000\" height=\"667\" srcset=\"https:\/\/zakrasnejsivimperk.cz\/wp-content\/uploads\/2024\/07\/28\/letni-tabor-mladych-zdravotniku-25.jpg 1000w, https:\/\/zakrasnejsivimperk.cz\/wp-content\/uploads\/2024\/07\/28\/letni-tabor-mladych-zdravotniku-25-300x200.jpg 300w, https:\/\/zakrasnejsivimperk.cz\/wp-content\/uploads\/2024\/07\/28\/letni-tabor-mladych-zdravotniku-25-768x512.jpg 768w, https:\/\/zakrasnejsivimperk.cz\/wp-content\/uploads\/2024\/07\/28\/letni-tabor-mladych-zdravotniku-25-535x357.jpg 535w, https:\/\/zakrasnejsivimperk.cz\/wp-content\/uploads\/2024\/07\/28\/letni-tabor-mladych-zdravotniku-25-724x483.jpg 724w\" sizes=\"(max-width: 1000px) 100vw, 1000px\" \/><\/p>\n<p>&nbsp;<\/p>\n<p><img loading=\"lazy\" decoding=\"async\" class=\"aligncenter wp-image-315676 size-full\" src=\"https:\/\/zakrasnejsivimperk.cz\/wp-content\/uploads\/2024\/07\/28\/letni-tabor-mladych-zdravotniku-24.jpg\" alt=\"\" width=\"1000\" height=\"667\" srcset=\"https:\/\/zakrasnejsivimperk.cz\/wp-content\/uploads\/2024\/07\/28\/letni-tabor-mladych-zdravotniku-24.jpg 1000w, https:\/\/zakrasnejsivimperk.cz\/wp-content\/uploads\/2024\/07\/28\/letni-tabor-mladych-zdravotniku-24-300x200.jpg 300w, https:\/\/zakrasnejsivimperk.cz\/wp-content\/uploads\/2024\/07\/28\/letni-tabor-mladych-zdravotniku-24-768x512.jpg 768w, https:\/\/zakrasnejsivimperk.cz\/wp-content\/uploads\/2024\/07\/28\/letni-tabor-mladych-zdravotniku-24-535x357.jpg 535w, https:\/\/zakrasnejsivimperk.cz\/wp-content\/uploads\/2024\/07\/28\/letni-tabor-mladych-zdravotniku-24-724x483.jpg 724w\" sizes=\"(max-width: 1000px) 100vw, 1000px\" \/><\/p>\n<p>&nbsp;<\/p>\n<p><img loading=\"lazy\" decoding=\"async\" class=\"aligncenter wp-image-315675 size-full\" src=\"https:\/\/zakrasnejsivimperk.cz\/wp-content\/uploads\/2024\/07\/28\/letni-tabor-mladych-zdravotniku-23.jpg\" alt=\"\" width=\"1000\" height=\"667\" srcset=\"https:\/\/zakrasnejsivimperk.cz\/wp-content\/uploads\/2024\/07\/28\/letni-tabor-mladych-zdravotniku-23.jpg 1000w, https:\/\/zakrasnejsivimperk.cz\/wp-content\/uploads\/2024\/07\/28\/letni-tabor-mladych-zdravotniku-23-300x200.jpg 300w, https:\/\/zakrasnejsivimperk.cz\/wp-content\/uploads\/2024\/07\/28\/letni-tabor-mladych-zdravotniku-23-768x512.jpg 768w, https:\/\/zakrasnejsivimperk.cz\/wp-content\/uploads\/2024\/07\/28\/letni-tabor-mladych-zdravotniku-23-535x357.jpg 535w, https:\/\/zakrasnejsivimperk.cz\/wp-content\/uploads\/2024\/07\/28\/letni-tabor-mladych-zdravotniku-23-724x483.jpg 724w\" sizes=\"(max-width: 1000px) 100vw, 1000px\" \/><\/p>\n<p>&nbsp;<\/p>\n<p><img loading=\"lazy\" decoding=\"async\" class=\"aligncenter wp-image-315674 size-full\" src=\"https:\/\/zakrasnejsivimperk.cz\/wp-content\/uploads\/2024\/07\/28\/letni-tabor-mladych-zdravotniku-22.jpg\" alt=\"\" width=\"1000\" height=\"667\" srcset=\"https:\/\/zakrasnejsivimperk.cz\/wp-content\/uploads\/2024\/07\/28\/letni-tabor-mladych-zdravotniku-22.jpg 1000w, https:\/\/zakrasnejsivimperk.cz\/wp-content\/uploads\/2024\/07\/28\/letni-tabor-mladych-zdravotniku-22-300x200.jpg 300w, https:\/\/zakrasnejsivimperk.cz\/wp-content\/uploads\/2024\/07\/28\/letni-tabor-mladych-zdravotniku-22-768x512.jpg 768w, https:\/\/zakrasnejsivimperk.cz\/wp-content\/uploads\/2024\/07\/28\/letni-tabor-mladych-zdravotniku-22-535x357.jpg 535w, https:\/\/zakrasnejsivimperk.cz\/wp-content\/uploads\/2024\/07\/28\/letni-tabor-mladych-zdravotniku-22-724x483.jpg 724w\" sizes=\"(max-width: 1000px) 100vw, 1000px\" \/><\/p>\n<p>&nbsp;<\/p>\n<p><img loading=\"lazy\" decoding=\"async\" class=\"aligncenter wp-image-315672 size-full\" src=\"https:\/\/zakrasnejsivimperk.cz\/wp-content\/uploads\/2024\/07\/28\/letni-tabor-mladych-zdravotniku-19.jpg\" alt=\"\" width=\"1000\" height=\"667\" srcset=\"https:\/\/zakrasnejsivimperk.cz\/wp-content\/uploads\/2024\/07\/28\/letni-tabor-mladych-zdravotniku-19.jpg 1000w, https:\/\/zakrasnejsivimperk.cz\/wp-content\/uploads\/2024\/07\/28\/letni-tabor-mladych-zdravotniku-19-300x200.jpg 300w, https:\/\/zakrasnejsivimperk.cz\/wp-content\/uploads\/2024\/07\/28\/letni-tabor-mladych-zdravotniku-19-768x512.jpg 768w, https:\/\/zakrasnejsivimperk.cz\/wp-content\/uploads\/2024\/07\/28\/letni-tabor-mladych-zdravotniku-19-535x357.jpg 535w, https:\/\/zakrasnejsivimperk.cz\/wp-content\/uploads\/2024\/07\/28\/letni-tabor-mladych-zdravotniku-19-724x483.jpg 724w\" sizes=\"(max-width: 1000px) 100vw, 1000px\" \/><\/p>\n<p>&nbsp;<\/p>\n<p><img loading=\"lazy\" decoding=\"async\" class=\"aligncenter wp-image-315671 size-full\" src=\"https:\/\/zakrasnejsivimperk.cz\/wp-content\/uploads\/2024\/07\/28\/letni-tabor-mladych-zdravotniku-17.jpg\" alt=\"\" width=\"1000\" height=\"667\" srcset=\"https:\/\/zakrasnejsivimperk.cz\/wp-content\/uploads\/2024\/07\/28\/letni-tabor-mladych-zdravotniku-17.jpg 1000w, https:\/\/zakrasnejsivimperk.cz\/wp-content\/uploads\/2024\/07\/28\/letni-tabor-mladych-zdravotniku-17-300x200.jpg 300w, https:\/\/zakrasnejsivimperk.cz\/wp-content\/uploads\/2024\/07\/28\/letni-tabor-mladych-zdravotniku-17-768x512.jpg 768w, https:\/\/zakrasnejsivimperk.cz\/wp-content\/uploads\/2024\/07\/28\/letni-tabor-mladych-zdravotniku-17-535x357.jpg 535w, https:\/\/zakrasnejsivimperk.cz\/wp-content\/uploads\/2024\/07\/28\/letni-tabor-mladych-zdravotniku-17-724x483.jpg 724w\" sizes=\"(max-width: 1000px) 100vw, 1000px\" \/><\/p>\n<p>&nbsp;<\/p>\n<p><img loading=\"lazy\" decoding=\"async\" class=\"aligncenter wp-image-315670 size-full\" src=\"https:\/\/zakrasnejsivimperk.cz\/wp-content\/uploads\/2024\/07\/28\/letni-tabor-mladych-zdravotniku-16.jpg\" alt=\"\" width=\"1000\" height=\"667\" srcset=\"https:\/\/zakrasnejsivimperk.cz\/wp-content\/uploads\/2024\/07\/28\/letni-tabor-mladych-zdravotniku-16.jpg 1000w, https:\/\/zakrasnejsivimperk.cz\/wp-content\/uploads\/2024\/07\/28\/letni-tabor-mladych-zdravotniku-16-300x200.jpg 300w, https:\/\/zakrasnejsivimperk.cz\/wp-content\/uploads\/2024\/07\/28\/letni-tabor-mladych-zdravotniku-16-768x512.jpg 768w, https:\/\/zakrasnejsivimperk.cz\/wp-content\/uploads\/2024\/07\/28\/letni-tabor-mladych-zdravotniku-16-535x357.jpg 535w, https:\/\/zakrasnejsivimperk.cz\/wp-content\/uploads\/2024\/07\/28\/letni-tabor-mladych-zdravotniku-16-724x483.jpg 724w\" sizes=\"(max-width: 1000px) 100vw, 1000px\" \/><\/p>\n<p>&nbsp;<\/p>\n<p><img loading=\"lazy\" decoding=\"async\" class=\"aligncenter wp-image-315669 size-full\" src=\"https:\/\/zakrasnejsivimperk.cz\/wp-content\/uploads\/2024\/07\/28\/letni-tabor-mladych-zdravotniku-15.jpg\" alt=\"\" width=\"1000\" height=\"667\" srcset=\"https:\/\/zakrasnejsivimperk.cz\/wp-content\/uploads\/2024\/07\/28\/letni-tabor-mladych-zdravotniku-15.jpg 1000w, https:\/\/zakrasnejsivimperk.cz\/wp-content\/uploads\/2024\/07\/28\/letni-tabor-mladych-zdravotniku-15-300x200.jpg 300w, https:\/\/zakrasnejsivimperk.cz\/wp-content\/uploads\/2024\/07\/28\/letni-tabor-mladych-zdravotniku-15-768x512.jpg 768w, https:\/\/zakrasnejsivimperk.cz\/wp-content\/uploads\/2024\/07\/28\/letni-tabor-mladych-zdravotniku-15-535x357.jpg 535w, https:\/\/zakrasnejsivimperk.cz\/wp-content\/uploads\/2024\/07\/28\/letni-tabor-mladych-zdravotniku-15-724x483.jpg 724w\" sizes=\"(max-width: 1000px) 100vw, 1000px\" \/><\/p>\n<p>&nbsp;<\/p>\n<p><img loading=\"lazy\" decoding=\"async\" class=\"aligncenter wp-image-315668 size-full\" src=\"https:\/\/zakrasnejsivimperk.cz\/wp-content\/uploads\/2024\/07\/28\/letni-tabor-mladych-zdravotniku-14.jpg\" alt=\"\" width=\"1000\" height=\"667\" srcset=\"https:\/\/zakrasnejsivimperk.cz\/wp-content\/uploads\/2024\/07\/28\/letni-tabor-mladych-zdravotniku-14.jpg 1000w, https:\/\/zakrasnejsivimperk.cz\/wp-content\/uploads\/2024\/07\/28\/letni-tabor-mladych-zdravotniku-14-300x200.jpg 300w, https:\/\/zakrasnejsivimperk.cz\/wp-content\/uploads\/2024\/07\/28\/letni-tabor-mladych-zdravotniku-14-768x512.jpg 768w, https:\/\/zakrasnejsivimperk.cz\/wp-content\/uploads\/2024\/07\/28\/letni-tabor-mladych-zdravotniku-14-535x357.jpg 535w, https:\/\/zakrasnejsivimperk.cz\/wp-content\/uploads\/2024\/07\/28\/letni-tabor-mladych-zdravotniku-14-724x483.jpg 724w\" sizes=\"(max-width: 1000px) 100vw, 1000px\" \/><\/p>\n<p>&nbsp;<\/p>\n<p><img loading=\"lazy\" decoding=\"async\" class=\"aligncenter wp-image-315667 size-full\" src=\"https:\/\/zakrasnejsivimperk.cz\/wp-content\/uploads\/2024\/07\/28\/letni-tabor-mladych-zdravotniku-11.jpg\" alt=\"\" width=\"1000\" height=\"667\" srcset=\"https:\/\/zakrasnejsivimperk.cz\/wp-content\/uploads\/2024\/07\/28\/letni-tabor-mladych-zdravotniku-11.jpg 1000w, https:\/\/zakrasnejsivimperk.cz\/wp-content\/uploads\/2024\/07\/28\/letni-tabor-mladych-zdravotniku-11-300x200.jpg 300w, https:\/\/zakrasnejsivimperk.cz\/wp-content\/uploads\/2024\/07\/28\/letni-tabor-mladych-zdravotniku-11-768x512.jpg 768w, https:\/\/zakrasnejsivimperk.cz\/wp-content\/uploads\/2024\/07\/28\/letni-tabor-mladych-zdravotniku-11-535x357.jpg 535w, https:\/\/zakrasnejsivimperk.cz\/wp-content\/uploads\/2024\/07\/28\/letni-tabor-mladych-zdravotniku-11-724x483.jpg 724w\" sizes=\"(max-width: 1000px) 100vw, 1000px\" \/><\/p>\n<p>&nbsp;<\/p>\n<p><img loading=\"lazy\" decoding=\"async\" class=\"aligncenter wp-image-315666 size-full\" src=\"https:\/\/zakrasnejsivimperk.cz\/wp-content\/uploads\/2024\/07\/28\/letni-tabor-mladych-zdravotniku-6.jpg\" alt=\"\" width=\"1000\" height=\"667\" srcset=\"https:\/\/zakrasnejsivimperk.cz\/wp-content\/uploads\/2024\/07\/28\/letni-tabor-mladych-zdravotniku-6.jpg 1000w, https:\/\/zakrasnejsivimperk.cz\/wp-content\/uploads\/2024\/07\/28\/letni-tabor-mladych-zdravotniku-6-300x200.jpg 300w, https:\/\/zakrasnejsivimperk.cz\/wp-content\/uploads\/2024\/07\/28\/letni-tabor-mladych-zdravotniku-6-768x512.jpg 768w, https:\/\/zakrasnejsivimperk.cz\/wp-content\/uploads\/2024\/07\/28\/letni-tabor-mladych-zdravotniku-6-535x357.jpg 535w, https:\/\/zakrasnejsivimperk.cz\/wp-content\/uploads\/2024\/07\/28\/letni-tabor-mladych-zdravotniku-6-724x483.jpg 724w\" sizes=\"(max-width: 1000px) 100vw, 1000px\" \/><\/p>\n<p>&nbsp;<\/p>\n<p><img loading=\"lazy\" decoding=\"async\" class=\"aligncenter wp-image-315665 size-full\" src=\"https:\/\/zakrasnejsivimperk.cz\/wp-content\/uploads\/2024\/07\/28\/letni-tabor-mladych-zdravotniku-5.jpg\" alt=\"\" width=\"1000\" height=\"667\" srcset=\"https:\/\/zakrasnejsivimperk.cz\/wp-content\/uploads\/2024\/07\/28\/letni-tabor-mladych-zdravotniku-5.jpg 1000w, https:\/\/zakrasnejsivimperk.cz\/wp-content\/uploads\/2024\/07\/28\/letni-tabor-mladych-zdravotniku-5-300x200.jpg 300w, https:\/\/zakrasnejsivimperk.cz\/wp-content\/uploads\/2024\/07\/28\/letni-tabor-mladych-zdravotniku-5-768x512.jpg 768w, https:\/\/zakrasnejsivimperk.cz\/wp-content\/uploads\/2024\/07\/28\/letni-tabor-mladych-zdravotniku-5-535x357.jpg 535w, https:\/\/zakrasnejsivimperk.cz\/wp-content\/uploads\/2024\/07\/28\/letni-tabor-mladych-zdravotniku-5-724x483.jpg 724w\" sizes=\"(max-width: 1000px) 100vw, 1000px\" \/><\/p>\n<p>&nbsp;<\/p>\n<p><img loading=\"lazy\" decoding=\"async\" class=\"aligncenter wp-image-315664 size-full\" src=\"https:\/\/zakrasnejsivimperk.cz\/wp-content\/uploads\/2024\/07\/28\/letni-tabor-mladych-zdravotniku-4.jpg\" alt=\"\" width=\"1000\" height=\"667\" srcset=\"https:\/\/zakrasnejsivimperk.cz\/wp-content\/uploads\/2024\/07\/28\/letni-tabor-mladych-zdravotniku-4.jpg 1000w, https:\/\/zakrasnejsivimperk.cz\/wp-content\/uploads\/2024\/07\/28\/letni-tabor-mladych-zdravotniku-4-300x200.jpg 300w, https:\/\/zakrasnejsivimperk.cz\/wp-content\/uploads\/2024\/07\/28\/letni-tabor-mladych-zdravotniku-4-768x512.jpg 768w, https:\/\/zakrasnejsivimperk.cz\/wp-content\/uploads\/2024\/07\/28\/letni-tabor-mladych-zdravotniku-4-535x357.jpg 535w, https:\/\/zakrasnejsivimperk.cz\/wp-content\/uploads\/2024\/07\/28\/letni-tabor-mladych-zdravotniku-4-724x483.jpg 724w\" sizes=\"(max-width: 1000px) 100vw, 1000px\" \/><\/p>\n<p>&nbsp;<\/p>\n<p><img loading=\"lazy\" decoding=\"async\" class=\"aligncenter wp-image-315663 size-full\" src=\"https:\/\/zakrasnejsivimperk.cz\/wp-content\/uploads\/2024\/07\/28\/letni-tabor-mladych-zdravotniku-3.jpg\" alt=\"\" width=\"1000\" height=\"667\" srcset=\"https:\/\/zakrasnejsivimperk.cz\/wp-content\/uploads\/2024\/07\/28\/letni-tabor-mladych-zdravotniku-3.jpg 1000w, https:\/\/zakrasnejsivimperk.cz\/wp-content\/uploads\/2024\/07\/28\/letni-tabor-mladych-zdravotniku-3-300x200.jpg 300w, https:\/\/zakrasnejsivimperk.cz\/wp-content\/uploads\/2024\/07\/28\/letni-tabor-mladych-zdravotniku-3-768x512.jpg 768w, https:\/\/zakrasnejsivimperk.cz\/wp-content\/uploads\/2024\/07\/28\/letni-tabor-mladych-zdravotniku-3-535x357.jpg 535w, https:\/\/zakrasnejsivimperk.cz\/wp-content\/uploads\/2024\/07\/28\/letni-tabor-mladych-zdravotniku-3-724x483.jpg 724w\" sizes=\"(max-width: 1000px) 100vw, 1000px\" \/><\/p>\n<p>&nbsp;<\/p>\n<p><img loading=\"lazy\" decoding=\"async\" class=\"aligncenter wp-image-315662 size-full\" src=\"https:\/\/zakrasnejsivimperk.cz\/wp-content\/uploads\/2024\/07\/28\/letni-tabor-mladych-zdravotniku-2.jpg\" alt=\"\" width=\"1000\" height=\"667\" srcset=\"https:\/\/zakrasnejsivimperk.cz\/wp-content\/uploads\/2024\/07\/28\/letni-tabor-mladych-zdravotniku-2.jpg 1000w, https:\/\/zakrasnejsivimperk.cz\/wp-content\/uploads\/2024\/07\/28\/letni-tabor-mladych-zdravotniku-2-300x200.jpg 300w, https:\/\/zakrasnejsivimperk.cz\/wp-content\/uploads\/2024\/07\/28\/letni-tabor-mladych-zdravotniku-2-768x512.jpg 768w, https:\/\/zakrasnejsivimperk.cz\/wp-content\/uploads\/2024\/07\/28\/letni-tabor-mladych-zdravotniku-2-535x357.jpg 535w, https:\/\/zakrasnejsivimperk.cz\/wp-content\/uploads\/2024\/07\/28\/letni-tabor-mladych-zdravotniku-2-724x483.jpg 724w\" sizes=\"(max-width: 1000px) 100vw, 1000px\" \/><\/p>\n<hr \/>\n<p>&nbsp;<\/p>\n<h6>Informujeme:<\/h6>\n<h4 class=\"entry-title\"><a href=\"https:\/\/zakrasnejsivimperk.cz\/?p=315835\" target=\"_blank\" rel=\"noopener\">NAPSALI JSTE N\u00c1M: Olympi\u00e1da v Bohumilic\u00edch<\/a><\/h4>\n<hr \/>\n<p>&nbsp;<\/p>\n","protected":false},"excerpt":{"rendered":"<p>&nbsp; Letn\u00ed <\/p>\n","protected":false},"author":2,"featured_media":315684,"comment_status":"open","ping_status":"open","sticky":false,"template":"","format":"gallery","meta":{"footnotes":""},"categories":[72,71,101],"tags":[],"jetpack_featured_media_url":"https:\/\/zakrasnejsivimperk.cz\/wp-content\/uploads\/2024\/07\/28\/ram-tabor.jpg","_links":{"self":[{"href":"https:\/\/zakrasnejsivimperk.cz\/index.php?rest_route=\/wp\/v2\/posts\/315661"}],"collection":[{"href":"https:\/\/zakrasnejsivimperk.cz\/index.php?rest_route=\/wp\/v2\/posts"}],"about":[{"href":"https:\/\/zakrasnejsivimperk.cz\/index.php?rest_route=\/wp\/v2\/types\/post"}],"author":[{"embeddable":true,"href":"https:\/\/zakrasnejsivimperk.cz\/index.php?rest_route=\/wp\/v2\/users\/2"}],"replies":[{"embeddable":true,"href":"https:\/\/zakrasnejsivimperk.cz\/index.php?rest_route=%2Fwp%2Fv2%2Fcomments&post=315661"}],"version-history":[{"count":2,"href":"https:\/\/zakrasnejsivimperk.cz\/index.php?rest_route=\/wp\/v2\/posts\/315661\/revisions"}],"predecessor-version":[{"id":315889,"href":"https:\/\/zakrasnejsivimperk.cz\/index.php?rest_route=\/wp\/v2\/posts\/315661\/revisions\/315889"}],"wp:featuredmedia":[{"embeddable":true,"href":"https:\/\/zakrasnejsivimperk.cz\/index.php?rest_route=\/wp\/v2\/media\/315684"}],"wp:attachment":[{"href":"https:\/\/zakrasnejsivimperk.cz\/index.php?rest_route=%2Fwp%2Fv2%2Fmedia&parent=315661"}],"wp:term":[{"taxonomy":"category","embeddable":true,"href":"https:\/\/zakrasnejsivimperk.cz\/index.php?rest_route=%2Fwp%2Fv2%2Fcategories&post=315661"},{"taxonomy":"post_tag","embeddable":true,"href":"https:\/\/zakrasnejsivimperk.cz\/index.php?rest_route=%2Fwp%2Fv2%2Ftags&post=315661"}],"curies":[{"name":"wp","href":"https:\/\/api.w.org\/{rel}","templated":true}]}}