{"id":315416,"date":"2024-07-26T12:29:17","date_gmt":"2024-07-26T11:29:17","guid":{"rendered":"https:\/\/zakrasnejsivimperk.cz\/?p=315416"},"modified":"2024-07-26T12:29:17","modified_gmt":"2024-07-26T11:29:17","slug":"jizni-cechy-co-se-deje-v-prachaticich-informace-o-jednani-rady-mesta-22-7","status":"publish","type":"post","link":"https:\/\/zakrasnejsivimperk.cz\/?p=315416","title":{"rendered":"JI\u017dN\u00cd \u010cECHY: Co se d\u011bje v Prachatic\u00edch. Informace o jedn\u00e1n\u00ed rady m\u011bsta \u2013 22. 7."},"content":{"rendered":"<figure id=\"attachment_279932\" aria-describedby=\"caption-attachment-279932\" style=\"width: 1100px\" class=\"wp-caption aligncenter\"><img loading=\"lazy\" decoding=\"async\" class=\"wp-image-279932 size-full\" src=\"https:\/\/zakrasnejsivimperk.cz\/wp-content\/uploads\/2023\/05\/30\/prachatice-11.jpg\" alt=\"\" width=\"1100\" height=\"595\" srcset=\"https:\/\/zakrasnejsivimperk.cz\/wp-content\/uploads\/2023\/05\/30\/prachatice-11.jpg 1100w, https:\/\/zakrasnejsivimperk.cz\/wp-content\/uploads\/2023\/05\/30\/prachatice-11-300x162.jpg 300w, https:\/\/zakrasnejsivimperk.cz\/wp-content\/uploads\/2023\/05\/30\/prachatice-11-1024x554.jpg 1024w, https:\/\/zakrasnejsivimperk.cz\/wp-content\/uploads\/2023\/05\/30\/prachatice-11-768x415.jpg 768w, https:\/\/zakrasnejsivimperk.cz\/wp-content\/uploads\/2023\/05\/30\/prachatice-11-660x357.jpg 660w, https:\/\/zakrasnejsivimperk.cz\/wp-content\/uploads\/2023\/05\/30\/prachatice-11-893x483.jpg 893w\" sizes=\"(max-width: 1100px) 100vw, 1100px\" \/><figcaption id=\"caption-attachment-279932\" class=\"wp-caption-text\">Prachatice \/ Foto: (red) &#8211; Za kr\u00e1sn\u011bj\u0161\u00ed Vimperk<\/figcaption><\/figure>\n<hr \/>\n<p>&nbsp;<\/p>\n<h6><b>U b\u00fdval\u00e9ho \u0160kv\u00e1rov\u00e9ho h\u0159i\u0161t\u011b vznikne nov\u00fd chodn\u00edk<\/b><\/h6>\n<p>V\u00a0lokalit\u011b u b\u00fdval\u00e9ho \u0160kv\u00e1rov\u00e9ho h\u0159i\u0161t\u011b na okraji prachatick\u00e9ho s\u00eddli\u0161t\u011b dojde ke zv\u00fd\u0161en\u00ed bezpe\u010dnosti pohybu chodc\u016f, vznikne zde nov\u00fd chodn\u00edk s\u00a0ve\u0159ejn\u00fdm osv\u011btlen\u00edm. Radn\u00ed na pond\u011bln\u00edm jedn\u00e1n\u00ed schv\u00e1lili v\u00fdb\u011br zhotovitele, kter\u00fdm se na z\u00e1klad\u011b v\u00fdb\u011brov\u00e9ho \u0159\u00edzen\u00ed stala firma STRABAG Silnice a.s. s\u00a0nab\u00eddkovou cenou 4,28 mil K\u010d bez DPH. Do sout\u011b\u017ee se p\u0159ihl\u00e1sili celkem \u010dty\u0159i uchaze\u010di, hodnot\u00edc\u00edm krit\u00e9riem byla nab\u00eddkov\u00e1 cena.<\/p>\n<p><em>\u201ePo schv\u00e1len\u00ed p\u0159\u00edslu\u0161n\u00e9ho rozpo\u010dtov\u00e9ho opat\u0159en\u00ed zastupitelstvem m\u011bsta v z\u00e1\u0159\u00ed je pl\u00e1nov\u00e1na samotn\u00e1 realizace na p\u0159elom m\u011bs\u00edce \u0159\u00edjna a listopadu leto\u0161n\u00edho roku. Jsem moc r\u00e1d, \u017ee se n\u00e1m poda\u0159\u00ed vybudovat v\u00a0t\u00e9to lokalit\u011b bezpe\u010dn\u00e9 m\u00edsto pro chodce, ve\u0159ejn\u00e9 osv\u011btlen\u00ed pak dod\u00e1 t\u00e9to lokalit\u011b v\u011bt\u0161\u00ed bezpe\u010dnost a \u0159\u00e1d nejen pro samotn\u00e9 chodce, ale i pro \u0159idi\u010de,\u201c<\/em> up\u0159esnil harmonogram t\u00e9to investi\u010dn\u00ed akce starosta Jan Bauer.<\/p>\n<p>&nbsp;<\/p>\n<h6><b>Rekonstrukce prostranstv\u00ed kolem h\u0159bitova postupuje do dal\u0161\u00ed f\u00e1ze projek\u010dn\u00edch prac\u00ed<\/b><\/h6>\n<p>Za\u010d\u00e1tkem leto\u0161n\u00edho roku se radn\u00ed sezn\u00e1mili se zpracovanou Architektonicko-dopravn\u00ed studi\u00ed, kter\u00e1 \u0159e\u0161\u00ed \u0161ir\u0161\u00ed \u00fazem\u00ed h\u0159bitova v\u010detn\u011b parkovi\u0161t\u011b a \u00fapravy dopravn\u00edho napojen\u00ed z\u00a0hlavn\u00ed komunikace II\/141. Studie je rozd\u011blena na n\u011bkolik etap a je z\u00e1kladn\u00edm podkladem pro vypracov\u00e1n\u00ed projektov\u00e9 dokumentace, na z\u00e1klad\u011b kter\u00e9 budou vy\u010d\u00edsleny skute\u010dn\u00e9 n\u00e1klady pro samotnou realizaci pl\u00e1novan\u00fdch \u00faprav.<\/p>\n<p>Aktu\u00e1ln\u011b se radn\u00ed zab\u00fdvali v\u00fdsledkem v\u00fdb\u011brov\u00e9ho \u0159\u00edzen\u00ed na vypracov\u00e1n\u00ed ve\u0159ejn\u00e9 zak\u00e1zky Kompletn\u00ed projektov\u00e1 dokumentace a in\u017een\u00fdrsk\u00e1 \u010dinnost na akci \u201eVjezd na parkovi\u0161t\u011b, parkovi\u0161t\u011b a vstup na h\u0159bitov v\u00a0Prachatic\u00edch I. a II. etapa. Do sout\u011b\u017ee se p\u0159ihl\u00e1sili 4 spole\u010dnosti a na z\u00e1klad\u011b v\u00fdb\u011brov\u00fdch krit\u00e9ri\u00ed nab\u00eddkov\u00e1 cena a kvalita realiza\u010dn\u00edho t\u00fdmu zv\u00edt\u011bzila firma 4roads, s. r. o. s\u00a0nab\u00eddkovou cenou 1, 396 mil K\u010d bez DPH.<\/p>\n<p>P\u0159edpokl\u00e1dan\u00fd term\u00edn ukon\u010den\u00ed projek\u010dn\u00edch prac\u00ed je pl\u00e1nov\u00e1n na II. pololet\u00ed roku 2025. I. etapa zahrnuje sjezd z komunikace II\/141 na parkovi\u0161t\u011b a samotn\u00e9 parkovi\u0161t\u011b u h\u0159bitova, II. etapa \u0159e\u0161\u00ed samotn\u00fd vstup na h\u0159bitov. Samotn\u00e1 realizace t\u00e9to projek\u010dn\u00ed zak\u00e1zky je podm\u00edn\u011bna schv\u00e1len\u00edm rozpo\u010dtov\u00e9ho opat\u0159en\u00ed na z\u00e1\u0159ijov\u00e9m jedn\u00e1n\u00ed zastupitelstva m\u011bsta.<\/p>\n<p><em>\u201eC\u00edlem pl\u00e1novan\u00e9 rekonstrukce je celkov\u00e1 kultivace h\u0159bitova, \u0159e\u0161ena je tzv. nov\u00e1 \u201esekul\u00e1rn\u00ed\u201c \u010d\u00e1st h\u0159bitova a jeho p\u0159edprostor v\u010detn\u011b odstavn\u00e9 parkovac\u00ed plochy. Hlavn\u00ed ambic\u00ed cel\u00e9ho z\u00e1m\u011bru je vn\u00e9st do h\u0159bitova architektonizovan\u00fd \u0159\u00e1d a adekv\u00e1tn\u00ed d\u016fstojnost, kterou dnes st\u00e1vaj\u00edc\u00ed prostory zoufale postr\u00e1daj\u00ed,\u201c<\/em> up\u0159esnil obsah pl\u00e1novan\u00e9 budouc\u00ed rekonstrukce m\u00edstostarosta Jakub Nepustil.<\/p>\n<p>&nbsp;<\/p>\n<h6><b>Vodovod v\u00a0ulici N\u00e1dra\u017en\u00ed projde opravou<\/b><\/h6>\n<p>Vedouc\u00ed odboru komun\u00e1ln\u00edch slu\u017eeb, dopravy a energetiky Lubo\u0161 Kvasni\u010dka informoval radn\u00ed o opakovan\u00fdch poruch\u00e1ch na vodovodn\u00edm \u0159adu v ul. N\u00e1dra\u017en\u00ed, a to v \u00faseku mezi autobusov\u00fdm n\u00e1dra\u017e\u00edm a s\u00eddlem spole\u010dnosti Tepeln\u00e9 hospod\u00e1\u0159stv\u00ed Prachatice s.r.o., ke kter\u00fdm do\u0161lo koncem lo\u0148sk\u00e9ho a za\u010d\u00e1tkem leto\u0161n\u00edho roku. V\u00a0n\u00e1vaznosti na tyto poruchy doch\u00e1zelo k opakovan\u00fdm odst\u00e1vk\u00e1m vody, co\u017e komplikovalo b\u011b\u017en\u00fd provoz napojen\u00fdm odb\u011bratel\u016fm. Vzhledem k opakovan\u00fdm poruch\u00e1m, kter\u00e9 jsou zp\u016fsoben\u00e9 prask\u00e1n\u00edm litinov\u00e9ho vodovodn\u00edho \u0159adu, nechal odbor komun\u00e1ln\u00edch slu\u017eeb, dopravy a energetiky zpracovat projektovou dokumentaci na opravu tohoto \u00faseku vodovodn\u00edho \u0159adu v d\u00e9lce cca 95 m. Rozpo\u010dtov\u00e9 n\u00e1klady t\u00e9to akce \u010din\u00ed 1 864\u00a0301 K\u010d v\u010detn\u011b DPH. Skute\u010dn\u00e9 n\u00e1klady na opravu vzejdou z v\u00fdb\u011brov\u00e9ho \u0159\u00edzen\u00ed.<\/p>\n<p>&nbsp;<\/p>\n<h6><b>Sportovn\u00ed za\u0159\u00edzen\u00ed po\u0159\u00edd\u00ed robotickou seka\u010dku<\/b><\/h6>\n<p>Sportovn\u00ed za\u0159\u00edzen\u00ed zaji\u0161\u0165uje mimo jin\u00e9 provoz M\u011bstsk\u00e9ho stadionu. V r\u00e1mci zkvalitn\u011bn\u00ed \u00fadr\u017eby p\u0159\u00edrodn\u00edho fotbalov\u00e9ho tr\u00e1vn\u00edku se radn\u00ed zab\u00fdvali \u017e\u00e1dost\u00ed Sportovn\u00edho za\u0159\u00edzen\u00ed na n\u00e1kup robotick\u00e9 seka\u010dky. Automatizace se\u010den\u00ed velk\u00fdch travnat\u00fdch ploch redukuje n\u00e1klady, uvol\u0148uje kapacitu person\u00e1lu a sou\u010dasn\u011b zvy\u0161uje u\u017eitn\u00e9 vlastnosti travnat\u00fdch ploch. Samotn\u00fd n\u00e1kup robotick\u00e9 seka\u010dky pro travnat\u00e9 h\u0159i\u0161t\u011b o rozm\u011brech 68 x 105 m vzejde z\u00a0v\u00fdb\u011brov\u00e9ho \u0159\u00edzen\u00ed.<\/p>\n<p><em>\u201eV\u00fdhodou robotick\u00e9 seka\u010dky je mo\u017enost se\u010den\u00ed v no\u010dn\u00edch hodin\u00e1ch a p\u0159i de\u0161ti. Benefitem je tak\u00e9 mo\u017enost mul\u010dov\u00e1n\u00ed, kdy nast\u00e1v\u00e1 m\u00edrn\u00e1 \u00faspora n\u00e1klad\u016f na hnojen\u00ed. Za nejv\u011bt\u0161\u00ed v\u00fdhodu po\u0159\u00edzen\u00ed nov\u00e9 robotick\u00e9 seka\u010dky pova\u017euji \u00fasporu \u010dasu spr\u00e1vc\u016f are\u00e1lu, kte\u0159\u00ed se tak budou moci v\u011bnovat dal\u0161\u00edm rozvojov\u00fdm \u010dinnostem v\u00a0r\u00e1mci Sportovn\u00edho za\u0159\u00edzen\u00ed,\u201c<\/em> zd\u016fvodnil pl\u00e1novan\u00fd n\u00e1kup \u0159editel Sportovn\u00edho za\u0159\u00edzen\u00ed Martin Kutl\u00e1k.<\/p>\n<p>&nbsp;<\/p>\n<p><strong>Jana HULE\u0160OV\u00c1, M\u011bsto Prachatice<\/strong><\/p>\n<hr \/>\n<p>&nbsp;<\/p>\n<h6>Informovali jsme:<\/h6>\n<h4><a href=\"https:\/\/zakrasnejsivimperk.cz\/?p=312427\" target=\"_blank\" rel=\"noopener\">JI\u017dN\u00cd \u010cECHY: Co se d\u011bje v Prachatic\u00edch. Informace o jedn\u00e1n\u00ed rady m\u011bsta \u2013 24. 6.<\/a><\/h4>\n<h4><a href=\"https:\/\/zakrasnejsivimperk.cz\/?p=311044\" target=\"_blank\" rel=\"noopener\">JI\u017dN\u00cd \u010cECHY: Co se d\u011bje v Prachatic\u00edch. Informace o jedn\u00e1n\u00ed rady m\u011bsta \u2013 10. 6.<\/a><\/h4>\n<h4 class=\"entry-title\"><a href=\"https:\/\/zakrasnejsivimperk.cz\/?p=309241\" target=\"_blank\" rel=\"noopener\">JI\u017dN\u00cd \u010cECHY: Co se d\u011bje v Prachatic\u00edch. Informace o jedn\u00e1n\u00ed rady m\u011bsta \u2013 27. 5.<\/a><\/h4>\n<h4><a href=\"https:\/\/zakrasnejsivimperk.cz\/?p=308244\" target=\"_blank\" rel=\"noopener\">JI\u017dN\u00cd \u010cECHY: Prachatice maj\u00ed novou kv\u011btinovou v\u00fdzdobu v centru m\u011bsta<\/a><\/h4>\n<h4><a href=\"https:\/\/zakrasnejsivimperk.cz\/?p=306574\" target=\"_blank\" rel=\"noopener\">JI\u017dN\u00cd \u010cECHY: Co se d\u011bje v Prachatic\u00edch. Informace o jedn\u00e1n\u00ed rady m\u011bsta 29. 4.<\/a><\/h4>\n<h4><a href=\"https:\/\/zakrasnejsivimperk.cz\/?p=306137\" target=\"_blank\" rel=\"noopener\">JI\u017dN\u00cd \u010cECHY: Co se d\u011bje v Prachatic\u00edch. Informace o jedn\u00e1n\u00ed zastupitel\u016f 29. 4.<\/a><\/h4>\n<h4><a href=\"https:\/\/zakrasnejsivimperk.cz\/?p=306578\" target=\"_blank\" rel=\"noopener\">JI\u017dN\u00cd \u010cECHY: Uzav\u0159en\u00edm Po\u0161tovn\u00ed ulice vznikl klidn\u00fd ve\u0159ejn\u00fd prostor v centru<\/a><\/h4>\n<h4><a href=\"https:\/\/zakrasnejsivimperk.cz\/?p=299453\" target=\"_blank\" rel=\"noopener\">JI\u017dN\u00cd \u010cECHY: Prachatice op\u011bt odpust\u00ed poplatek za provozov\u00e1n\u00ed p\u0159edzahr\u00e1dek<\/a><\/h4>\n<h4><a href=\"https:\/\/zakrasnejsivimperk.cz\/?p=305487\" target=\"_blank\" rel=\"noopener\">JI\u017dN\u00cd \u010cECHY: Oprava unik\u00e1tn\u00edch slune\u010dn\u00edch hodin na Mal\u00e9m n\u00e1m\u011bst\u00ed v Prachatic\u00edch je dokon\u010dena<\/a><\/h4>\n<h4><a href=\"https:\/\/zakrasnejsivimperk.cz\/?p=303157\" target=\"_blank\" rel=\"noopener\">JI\u017dN\u00cd \u010cECHY: Prachatice v sobotu slavnostn\u011b otev\u0159ely kongresov\u00e9 centrum, jak\u00e9 Vimperk m\u016f\u017ee jen z\u00e1vid\u011bt<\/a><\/h4>\n<hr \/>\n<p>&nbsp;<\/p>\n","protected":false},"excerpt":{"rendered":"<p>&nbsp; U <\/p>\n","protected":false},"author":2,"featured_media":279932,"comment_status":"open","ping_status":"open","sticky":false,"template":"","format":"gallery","meta":{"footnotes":""},"categories":[10],"tags":[],"jetpack_featured_media_url":"https:\/\/zakrasnejsivimperk.cz\/wp-content\/uploads\/2023\/05\/30\/prachatice-11.jpg","_links":{"self":[{"href":"https:\/\/zakrasnejsivimperk.cz\/index.php?rest_route=\/wp\/v2\/posts\/315416"}],"collection":[{"href":"https:\/\/zakrasnejsivimperk.cz\/index.php?rest_route=\/wp\/v2\/posts"}],"about":[{"href":"https:\/\/zakrasnejsivimperk.cz\/index.php?rest_route=\/wp\/v2\/types\/post"}],"author":[{"embeddable":true,"href":"https:\/\/zakrasnejsivimperk.cz\/index.php?rest_route=\/wp\/v2\/users\/2"}],"replies":[{"embeddable":true,"href":"https:\/\/zakrasnejsivimperk.cz\/index.php?rest_route=%2Fwp%2Fv2%2Fcomments&post=315416"}],"version-history":[{"count":1,"href":"https:\/\/zakrasnejsivimperk.cz\/index.php?rest_route=\/wp\/v2\/posts\/315416\/revisions"}],"predecessor-version":[{"id":315417,"href":"https:\/\/zakrasnejsivimperk.cz\/index.php?rest_route=\/wp\/v2\/posts\/315416\/revisions\/315417"}],"wp:featuredmedia":[{"embeddable":true,"href":"https:\/\/zakrasnejsivimperk.cz\/index.php?rest_route=\/wp\/v2\/media\/279932"}],"wp:attachment":[{"href":"https:\/\/zakrasnejsivimperk.cz\/index.php?rest_route=%2Fwp%2Fv2%2Fmedia&parent=315416"}],"wp:term":[{"taxonomy":"category","embeddable":true,"href":"https:\/\/zakrasnejsivimperk.cz\/index.php?rest_route=%2Fwp%2Fv2%2Fcategories&post=315416"},{"taxonomy":"post_tag","embeddable":true,"href":"https:\/\/zakrasnejsivimperk.cz\/index.php?rest_route=%2Fwp%2Fv2%2Ftags&post=315416"}],"curies":[{"name":"wp","href":"https:\/\/api.w.org\/{rel}","templated":true}]}}