{"id":313746,"date":"2024-07-31T11:42:00","date_gmt":"2024-07-31T10:42:00","guid":{"rendered":"https:\/\/zakrasnejsivimperk.cz\/?p=313746"},"modified":"2024-08-04T10:54:46","modified_gmt":"2024-08-04T09:54:46","slug":"tipy-pro-letni-dny-nezdice-na-sumave","status":"publish","type":"post","link":"https:\/\/zakrasnejsivimperk.cz\/?p=313746","title":{"rendered":"TIPY PRO LETN\u00cd DNY: Nezdice na \u0160umav\u011b"},"content":{"rendered":"<figure id=\"attachment_313750\" aria-describedby=\"caption-attachment-313750\" style=\"width: 1100px\" class=\"wp-caption aligncenter\"><img loading=\"lazy\" decoding=\"async\" class=\"wp-image-313750 size-full\" src=\"https:\/\/zakrasnejsivimperk.cz\/wp-content\/uploads\/2024\/07\/12\/Nezdice-3.jpg\" alt=\"\" width=\"1100\" height=\"718\" srcset=\"https:\/\/zakrasnejsivimperk.cz\/wp-content\/uploads\/2024\/07\/12\/Nezdice-3.jpg 1100w, https:\/\/zakrasnejsivimperk.cz\/wp-content\/uploads\/2024\/07\/12\/Nezdice-3-300x196.jpg 300w, https:\/\/zakrasnejsivimperk.cz\/wp-content\/uploads\/2024\/07\/12\/Nezdice-3-1024x668.jpg 1024w, https:\/\/zakrasnejsivimperk.cz\/wp-content\/uploads\/2024\/07\/12\/Nezdice-3-768x501.jpg 768w, https:\/\/zakrasnejsivimperk.cz\/wp-content\/uploads\/2024\/07\/12\/Nezdice-3-100x65.jpg 100w, https:\/\/zakrasnejsivimperk.cz\/wp-content\/uploads\/2024\/07\/12\/Nezdice-3-547x357.jpg 547w, https:\/\/zakrasnejsivimperk.cz\/wp-content\/uploads\/2024\/07\/12\/Nezdice-3-740x483.jpg 740w\" sizes=\"(max-width: 1100px) 100vw, 1100px\" \/><figcaption id=\"caption-attachment-313750\" class=\"wp-caption-text\">Kapli\u010dka sv. Anton\u00edna<\/figcaption><\/figure>\n<p><img loading=\"lazy\" decoding=\"async\" class=\"aligncenter wp-image-313748 size-full\" src=\"https:\/\/zakrasnejsivimperk.cz\/wp-content\/uploads\/2024\/07\/12\/Nezdice-1.jpg\" alt=\"\" width=\"825\" height=\"1100\" srcset=\"https:\/\/zakrasnejsivimperk.cz\/wp-content\/uploads\/2024\/07\/12\/Nezdice-1.jpg 825w, https:\/\/zakrasnejsivimperk.cz\/wp-content\/uploads\/2024\/07\/12\/Nezdice-1-225x300.jpg 225w, https:\/\/zakrasnejsivimperk.cz\/wp-content\/uploads\/2024\/07\/12\/Nezdice-1-768x1024.jpg 768w, https:\/\/zakrasnejsivimperk.cz\/wp-content\/uploads\/2024\/07\/12\/Nezdice-1-268x357.jpg 268w, https:\/\/zakrasnejsivimperk.cz\/wp-content\/uploads\/2024\/07\/12\/Nezdice-1-362x483.jpg 362w\" sizes=\"(max-width: 825px) 100vw, 825px\" \/><\/p>\n<p>&nbsp;<\/p>\n<p><img loading=\"lazy\" decoding=\"async\" class=\"aligncenter wp-image-313749 size-full\" src=\"https:\/\/zakrasnejsivimperk.cz\/wp-content\/uploads\/2024\/07\/12\/Nezdice-2.jpg\" alt=\"\" width=\"871\" height=\"1100\" srcset=\"https:\/\/zakrasnejsivimperk.cz\/wp-content\/uploads\/2024\/07\/12\/Nezdice-2.jpg 871w, https:\/\/zakrasnejsivimperk.cz\/wp-content\/uploads\/2024\/07\/12\/Nezdice-2-238x300.jpg 238w, https:\/\/zakrasnejsivimperk.cz\/wp-content\/uploads\/2024\/07\/12\/Nezdice-2-811x1024.jpg 811w, https:\/\/zakrasnejsivimperk.cz\/wp-content\/uploads\/2024\/07\/12\/Nezdice-2-768x970.jpg 768w, https:\/\/zakrasnejsivimperk.cz\/wp-content\/uploads\/2024\/07\/12\/Nezdice-2-283x357.jpg 283w, https:\/\/zakrasnejsivimperk.cz\/wp-content\/uploads\/2024\/07\/12\/Nezdice-2-382x483.jpg 382w\" sizes=\"(max-width: 871px) 100vw, 871px\" \/><\/p>\n<p>&nbsp;<\/p>\n<figure id=\"attachment_313751\" aria-describedby=\"caption-attachment-313751\" style=\"width: 1100px\" class=\"wp-caption aligncenter\"><img loading=\"lazy\" decoding=\"async\" class=\"wp-image-313751 size-full\" src=\"https:\/\/zakrasnejsivimperk.cz\/wp-content\/uploads\/2024\/07\/12\/Nezdice-4.jpg\" alt=\"\" width=\"1100\" height=\"780\" srcset=\"https:\/\/zakrasnejsivimperk.cz\/wp-content\/uploads\/2024\/07\/12\/Nezdice-4.jpg 1100w, https:\/\/zakrasnejsivimperk.cz\/wp-content\/uploads\/2024\/07\/12\/Nezdice-4-300x213.jpg 300w, https:\/\/zakrasnejsivimperk.cz\/wp-content\/uploads\/2024\/07\/12\/Nezdice-4-1024x726.jpg 1024w, https:\/\/zakrasnejsivimperk.cz\/wp-content\/uploads\/2024\/07\/12\/Nezdice-4-768x545.jpg 768w, https:\/\/zakrasnejsivimperk.cz\/wp-content\/uploads\/2024\/07\/12\/Nezdice-4-503x357.jpg 503w, https:\/\/zakrasnejsivimperk.cz\/wp-content\/uploads\/2024\/07\/12\/Nezdice-4-681x483.jpg 681w\" sizes=\"(max-width: 1100px) 100vw, 1100px\" \/><figcaption id=\"caption-attachment-313751\" class=\"wp-caption-text\">Stud\u00e1nka u silnice proch\u00e1zej\u00edc\u00ed obc\u00ed<\/figcaption><\/figure>\n<figure id=\"attachment_313572\" aria-describedby=\"caption-attachment-313572\" style=\"width: 1100px\" class=\"wp-caption aligncenter\"><img loading=\"lazy\" decoding=\"async\" class=\"wp-image-313572 size-full\" src=\"https:\/\/zakrasnejsivimperk.cz\/wp-content\/uploads\/2024\/07\/10\/Nezdice-muzeum-17.jpg\" alt=\"\" width=\"1100\" height=\"728\" srcset=\"https:\/\/zakrasnejsivimperk.cz\/wp-content\/uploads\/2024\/07\/10\/Nezdice-muzeum-17.jpg 1100w, https:\/\/zakrasnejsivimperk.cz\/wp-content\/uploads\/2024\/07\/10\/Nezdice-muzeum-17-300x199.jpg 300w, https:\/\/zakrasnejsivimperk.cz\/wp-content\/uploads\/2024\/07\/10\/Nezdice-muzeum-17-1024x678.jpg 1024w, https:\/\/zakrasnejsivimperk.cz\/wp-content\/uploads\/2024\/07\/10\/Nezdice-muzeum-17-768x508.jpg 768w, https:\/\/zakrasnejsivimperk.cz\/wp-content\/uploads\/2024\/07\/10\/Nezdice-muzeum-17-100x65.jpg 100w, https:\/\/zakrasnejsivimperk.cz\/wp-content\/uploads\/2024\/07\/10\/Nezdice-muzeum-17-539x357.jpg 539w, https:\/\/zakrasnejsivimperk.cz\/wp-content\/uploads\/2024\/07\/10\/Nezdice-muzeum-17-730x483.jpg 730w\" sizes=\"(max-width: 1100px) 100vw, 1100px\" \/><figcaption id=\"caption-attachment-313572\" class=\"wp-caption-text\">Infocentrum a Muzeum \u0159emesln\u00e9 v\u00fdroby<\/figcaption><\/figure>\n<p><img loading=\"lazy\" decoding=\"async\" class=\"aligncenter wp-image-313752 size-full\" src=\"https:\/\/zakrasnejsivimperk.cz\/wp-content\/uploads\/2024\/07\/12\/Nezdice-x.jpg\" alt=\"\" width=\"1100\" height=\"631\" srcset=\"https:\/\/zakrasnejsivimperk.cz\/wp-content\/uploads\/2024\/07\/12\/Nezdice-x.jpg 1100w, https:\/\/zakrasnejsivimperk.cz\/wp-content\/uploads\/2024\/07\/12\/Nezdice-x-300x172.jpg 300w, https:\/\/zakrasnejsivimperk.cz\/wp-content\/uploads\/2024\/07\/12\/Nezdice-x-1024x587.jpg 1024w, https:\/\/zakrasnejsivimperk.cz\/wp-content\/uploads\/2024\/07\/12\/Nezdice-x-768x441.jpg 768w, https:\/\/zakrasnejsivimperk.cz\/wp-content\/uploads\/2024\/07\/12\/Nezdice-x-622x357.jpg 622w, https:\/\/zakrasnejsivimperk.cz\/wp-content\/uploads\/2024\/07\/12\/Nezdice-x-842x483.jpg 842w\" sizes=\"(max-width: 1100px) 100vw, 1100px\" \/><\/p>\n<p>&nbsp;<\/p>\n<p><strong>Foto: (red) &#8211; Za kr\u00e1sn\u011bj\u0161\u00ed Vimperk<\/strong><\/p>\n<hr \/>\n<p>&nbsp;<\/p>\n<h6>Dal\u0161\u00ed tipy pro letn\u00ed dny:<\/h6>\n<h4><a href=\"https:\/\/zakrasnejsivimperk.cz\/?p=314912\" target=\"_blank\" rel=\"noopener\">Z\u00e1meck\u00e1 l\u00e9k\u00e1rna T\u0159ebo\u0148<\/a><\/h4>\n<h4><a href=\"https:\/\/zakrasnejsivimperk.cz\/?p=313555\" target=\"_blank\" rel=\"noopener\">Muzeum \u0159emesln\u00e9 v\u00fdroby Nezdice na \u0160umav\u011b<\/a><\/h4>\n<h4><a href=\"https:\/\/zakrasnejsivimperk.cz\/?p=314766\" target=\"_blank\" rel=\"noopener\">Stra\u0161\u00edn \u2013 Infocentrum a mini muze\u00ed\u010dko<\/a><\/h4>\n<h4><a href=\"https:\/\/zakrasnejsivimperk.cz\/?p=313726\" target=\"_blank\" rel=\"noopener\">Stra\u0161\u00edn \u2013 farn\u00ed a poutn\u00ed kostel Narozen\u00ed Panny Marie<\/a><\/h4>\n<h4><a href=\"https:\/\/zakrasnejsivimperk.cz\/?p=312649\" target=\"_blank\" rel=\"noopener\">Obnoven\u00e1 stud\u00e1nka nedaleko Klenovick\u00e9 myslivny u Mi\u010dovic<\/a><\/h4>\n<h4><a href=\"https:\/\/zakrasnejsivimperk.cz\/?p=314687\" target=\"_blank\" rel=\"noopener\">Za dobrodru\u017estv\u00edm a zlatem do J\u00edlov\u00e9ho<\/a><\/h4>\n<h4><a href=\"https:\/\/zakrasnejsivimperk.cz\/?p=312038\" target=\"_blank\" rel=\"noopener\">M\u011bstsk\u00e9 muzeum a galerie Vod\u0148any<\/a><\/h4>\n<hr \/>\n<p>&nbsp;<\/p>\n","protected":false},"excerpt":{"rendered":"<p>&nbsp; &nbsp; <\/p>\n","protected":false},"author":2,"featured_media":313757,"comment_status":"open","ping_status":"open","sticky":false,"template":"","format":"gallery","meta":{"footnotes":""},"categories":[164,71],"tags":[],"jetpack_featured_media_url":"https:\/\/zakrasnejsivimperk.cz\/wp-content\/uploads\/2024\/07\/12\/ram-nezdice.jpg","_links":{"self":[{"href":"https:\/\/zakrasnejsivimperk.cz\/index.php?rest_route=\/wp\/v2\/posts\/313746"}],"collection":[{"href":"https:\/\/zakrasnejsivimperk.cz\/index.php?rest_route=\/wp\/v2\/posts"}],"about":[{"href":"https:\/\/zakrasnejsivimperk.cz\/index.php?rest_route=\/wp\/v2\/types\/post"}],"author":[{"embeddable":true,"href":"https:\/\/zakrasnejsivimperk.cz\/index.php?rest_route=\/wp\/v2\/users\/2"}],"replies":[{"embeddable":true,"href":"https:\/\/zakrasnejsivimperk.cz\/index.php?rest_route=%2Fwp%2Fv2%2Fcomments&post=313746"}],"version-history":[{"count":8,"href":"https:\/\/zakrasnejsivimperk.cz\/index.php?rest_route=\/wp\/v2\/posts\/313746\/revisions"}],"predecessor-version":[{"id":316060,"href":"https:\/\/zakrasnejsivimperk.cz\/index.php?rest_route=\/wp\/v2\/posts\/313746\/revisions\/316060"}],"wp:featuredmedia":[{"embeddable":true,"href":"https:\/\/zakrasnejsivimperk.cz\/index.php?rest_route=\/wp\/v2\/media\/313757"}],"wp:attachment":[{"href":"https:\/\/zakrasnejsivimperk.cz\/index.php?rest_route=%2Fwp%2Fv2%2Fmedia&parent=313746"}],"wp:term":[{"taxonomy":"category","embeddable":true,"href":"https:\/\/zakrasnejsivimperk.cz\/index.php?rest_route=%2Fwp%2Fv2%2Fcategories&post=313746"},{"taxonomy":"post_tag","embeddable":true,"href":"https:\/\/zakrasnejsivimperk.cz\/index.php?rest_route=%2Fwp%2Fv2%2Ftags&post=313746"}],"curies":[{"name":"wp","href":"https:\/\/api.w.org\/{rel}","templated":true}]}}