{"id":313280,"date":"2024-07-07T11:59:00","date_gmt":"2024-07-07T10:59:00","guid":{"rendered":"https:\/\/zakrasnejsivimperk.cz\/?p=313280"},"modified":"2024-07-10T19:51:24","modified_gmt":"2024-07-10T18:51:24","slug":"glosar-volynky-homolkove-7-cervence-2024","status":"publish","type":"post","link":"https:\/\/zakrasnejsivimperk.cz\/?p=313280","title":{"rendered":"GLOS\u00c1\u0158 Voly\u0148ky Homolkov\u00e9: 7. \u010dervence 2024"},"content":{"rendered":"<figure id=\"attachment_251369\" aria-describedby=\"caption-attachment-251369\" style=\"width: 1100px\" class=\"wp-caption aligncenter\"><img loading=\"lazy\" decoding=\"async\" class=\"wp-image-251369 size-full\" src=\"https:\/\/zakrasnejsivimperk.cz\/wp-content\/uploads\/2022\/04\/08\/glos\u00e1\u0159-voly\u0148ky.jpg\" alt=\"\" width=\"1100\" height=\"734\" srcset=\"https:\/\/zakrasnejsivimperk.cz\/wp-content\/uploads\/2022\/04\/08\/glos\u00e1\u0159-voly\u0148ky.jpg 1100w, https:\/\/zakrasnejsivimperk.cz\/wp-content\/uploads\/2022\/04\/08\/glos\u00e1\u0159-voly\u0148ky-300x200.jpg 300w, https:\/\/zakrasnejsivimperk.cz\/wp-content\/uploads\/2022\/04\/08\/glos\u00e1\u0159-voly\u0148ky-768x512.jpg 768w, https:\/\/zakrasnejsivimperk.cz\/wp-content\/uploads\/2022\/04\/08\/glos\u00e1\u0159-voly\u0148ky-1024x683.jpg 1024w, https:\/\/zakrasnejsivimperk.cz\/wp-content\/uploads\/2022\/04\/08\/glos\u00e1\u0159-voly\u0148ky-535x357.jpg 535w, https:\/\/zakrasnejsivimperk.cz\/wp-content\/uploads\/2022\/04\/08\/glos\u00e1\u0159-voly\u0148ky-724x483.jpg 724w\" sizes=\"(max-width: 1100px) 100vw, 1100px\" \/><figcaption id=\"caption-attachment-251369\" class=\"wp-caption-text\">Kol\u00e1\u017e: (red) \u2013 Za kr\u00e1sn\u011bj\u0161\u00ed Vimperk<\/figcaption><\/figure>\n<hr \/>\n<p>&nbsp;<\/p>\n<h4>ad <a href=\"https:\/\/www.czechdesign.cz\/temata-a-rubriky\/kopecek-na-radnicnim-dvore-studujici-fa-cvut-navrhli-a-postavili-vystavni-pavilon-ve-vimperku\" target=\"_blank\" rel=\"noopener\">Kope\u010dek na\u00a0radni\u010dn\u00edm dvo\u0159e. Studuj\u00edc\u00ed FA\u00a0\u010cVUT navrhli a\u00a0postavili v\u00fdstavn\u00ed pavilon ve\u00a0Vimperku <\/a>(czechdesign.cz)<\/h4>\n<h6><em>Pro\u010d chce na\u0161e samospr\u00e1va za\u010d\u00edt spl\u00e1cet spole\u010densk\u00fd mor\u00e1ln\u00ed dluh za zn\u00e1rodn\u011bn\u00ed pouze jednoho podniku? T\u011bch podnik\u016f se stejn\u00fdm osudem bylo na\u00a0 Vimpersku ur\u010dit\u011b v\u00edc. Mimochodem, z jak\u00e9ho titulu n\u00e1s sou\u010dasn\u00edky na\u0161e samospr\u00e1va obvinila ze spole\u010densk\u00e9ho mor\u00e1ln\u00edho dluhu? Nav\u00edc, ona ta spl\u00e1tka m\u00e1 st\u00e1t cca 150 milion\u016f korun z pen\u011bz n\u00e1s v\u0161ech.<\/em><\/h6>\n<p>&nbsp;<\/p>\n<h4>ad <a href=\"https:\/\/mmr.gov.cz\/cs\/ministerstvo\/stavebni-pravo\/pravo-a-legislativa\/novy-stavebni-zakon\" target=\"_blank\" rel=\"noopener\">Nov\u00fd stavebn\u00ed z\u00e1kon<\/a><\/h4>\n<h6><em>Vimpersk\u00fd stavebn\u00ed \u00fa\u0159ad ani ke dni 4. \u010dervence neopravil sv\u00e9 webov\u00e9 str\u00e1nky s ohledem na \u00fa\u010dinnost nov\u00e9ho stavebn\u00edho z\u00e1kona. Co na to \u0159\u00edk\u00e1te, pane tajemn\u00edku a pan\u00ed starostko?<\/em><\/h6>\n<p>&nbsp;<\/p>\n<h4>ad <a href=\"https:\/\/zakrasnejsivimperk.cz\/?p=313058\" target=\"_blank\" rel=\"noopener\">NA\u0160E M\u011aSTO VIMPERK \u2013 P\u0158EDSTAVUJEME: Milan Brabec, nov\u00fd vedouc\u00ed komunikace m\u011bsta Vimperk<\/a><\/h4>\n<h6><em>Pracovn\u00ed n\u00e1pln\u00ed vedouc\u00edho komunikace m\u00e1 b\u00fdt i p\u0159\u00edprava podklad\u016f pro pravideln\u00e9 vyhodnocen\u00ed napl\u0148ov\u00e1n\u00ed marketingov\u00e9 a komunika\u010dn\u00ed strategie, komunika\u010dn\u00edho pl\u00e1nu a pro vyhodnocen\u00ed dodr\u017eov\u00e1n\u00ed nastaven\u00fdch pravidel v oblasti komunikace. Zaj\u00edmalo by mne, kdo m\u00e1 b\u00fdt t\u00edm hodnotitelem. Bude to tajemn\u00edk, starostka, rada, zastupitelstvo, ve\u0159ejnost, extern\u00ed komise nebo kdo vlastn\u011b? Bude pravideln\u00e9 vyhodnocen\u00ed rovn\u011b\u017e zve\u0159ej\u0148ov\u00e1no?<\/em><\/h6>\n<p>&nbsp;<\/p>\n<p><strong>Voly\u0148ka HOMOLKOV\u00c1<\/strong><\/p>\n<hr \/>\n<p>&nbsp;<\/p>\n","protected":false},"excerpt":{"rendered":"<p>&nbsp; ad <\/p>\n","protected":false},"author":2,"featured_media":313282,"comment_status":"open","ping_status":"open","sticky":false,"template":"","format":"gallery","meta":{"footnotes":""},"categories":[11,85,121],"tags":[],"jetpack_featured_media_url":"https:\/\/zakrasnejsivimperk.cz\/wp-content\/uploads\/2024\/07\/07\/glosar-070724.jpg","_links":{"self":[{"href":"https:\/\/zakrasnejsivimperk.cz\/index.php?rest_route=\/wp\/v2\/posts\/313280"}],"collection":[{"href":"https:\/\/zakrasnejsivimperk.cz\/index.php?rest_route=\/wp\/v2\/posts"}],"about":[{"href":"https:\/\/zakrasnejsivimperk.cz\/index.php?rest_route=\/wp\/v2\/types\/post"}],"author":[{"embeddable":true,"href":"https:\/\/zakrasnejsivimperk.cz\/index.php?rest_route=\/wp\/v2\/users\/2"}],"replies":[{"embeddable":true,"href":"https:\/\/zakrasnejsivimperk.cz\/index.php?rest_route=%2Fwp%2Fv2%2Fcomments&post=313280"}],"version-history":[{"count":1,"href":"https:\/\/zakrasnejsivimperk.cz\/index.php?rest_route=\/wp\/v2\/posts\/313280\/revisions"}],"predecessor-version":[{"id":313281,"href":"https:\/\/zakrasnejsivimperk.cz\/index.php?rest_route=\/wp\/v2\/posts\/313280\/revisions\/313281"}],"wp:featuredmedia":[{"embeddable":true,"href":"https:\/\/zakrasnejsivimperk.cz\/index.php?rest_route=\/wp\/v2\/media\/313282"}],"wp:attachment":[{"href":"https:\/\/zakrasnejsivimperk.cz\/index.php?rest_route=%2Fwp%2Fv2%2Fmedia&parent=313280"}],"wp:term":[{"taxonomy":"category","embeddable":true,"href":"https:\/\/zakrasnejsivimperk.cz\/index.php?rest_route=%2Fwp%2Fv2%2Fcategories&post=313280"},{"taxonomy":"post_tag","embeddable":true,"href":"https:\/\/zakrasnejsivimperk.cz\/index.php?rest_route=%2Fwp%2Fv2%2Ftags&post=313280"}],"curies":[{"name":"wp","href":"https:\/\/api.w.org\/{rel}","templated":true}]}}