{"id":31311,"date":"2015-09-17T18:02:11","date_gmt":"2015-09-17T17:02:11","guid":{"rendered":"http:\/\/zakrasnejsivimperk.cz\/?p=31311"},"modified":"2015-09-17T18:02:11","modified_gmt":"2015-09-17T17:02:11","slug":"ceske-noviny-policie-obvinila-sesticlennou-skupinu-z-kuplirstvi-na-prachaticku-a-klatovsku","status":"publish","type":"post","link":"https:\/\/zakrasnejsivimperk.cz\/?p=31311","title":{"rendered":"\u010cESK\u00c9 NOVINY: Policie obvinila \u0161esti\u010dlennou skupinu z kupl\u00ed\u0159stv\u00ed na Prachaticku a Klatovsku"},"content":{"rendered":"<p style=\"text-align: justify;\">\u010cesk\u00e9 Bud\u011bjovice &#8211; Policie obvinila t\u0159i \u010cechy a t\u0159i Ukrajince z kupl\u00ed\u0159stv\u00ed a pran\u00ed \u0161pinav\u00fdch pen\u011bz. Jsou podez\u0159el\u00ed z toho, \u017ee jako organizovan\u00e1 skupina nutili \u017eeny k poskytov\u00e1n\u00ed sexu\u00e1ln\u00edch slu\u017eeb v no\u010dn\u00edch klubech na Prachaticku a Klatovsku. St\u00edhan\u00fdm hroz\u00ed a\u017e 12 let v\u011bzen\u00ed, p\u011bt z nich soud poslal do vazby. \u010cTK to dnes sd\u011blil mluv\u010d\u00ed policejn\u00edho \u00datvaru pro odhalov\u00e1n\u00ed organizovan\u00e9ho zlo\u010dinu (\u00daOOZ) Pavel Hant\u00e1k. <strong><a href=\"http:\/\/www.ceskenoviny.cz\/domov\/zpravy\/policie-obvinila-sesticlennou-skupinu-z-kuplirstvi-na-jihu-cech\/1259461\" target=\"_blank\">CEL\u00dd \u010cL\u00c1NEK<\/a><\/strong><\/p>\n<p>&nbsp;<\/p>\n<p>&nbsp;<\/p>\n<p>&nbsp;<\/p>\n<p>&nbsp;<\/p>\n<p>&nbsp;<\/p>\n<p>&nbsp;<\/p>\n","protected":false},"excerpt":{"rendered":"<p>\u010cesk\u00e9 Bud\u011bjovice <\/p>\n","protected":false},"author":2,"featured_media":31313,"comment_status":"open","ping_status":"open","sticky":false,"template":"","format":"standard","meta":{"footnotes":""},"categories":[7],"tags":[],"jetpack_featured_media_url":"https:\/\/zakrasnejsivimperk.cz\/wp-content\/uploads\/2015\/09\/17\/pouta-ceske-noviny.jpg","_links":{"self":[{"href":"https:\/\/zakrasnejsivimperk.cz\/index.php?rest_route=\/wp\/v2\/posts\/31311"}],"collection":[{"href":"https:\/\/zakrasnejsivimperk.cz\/index.php?rest_route=\/wp\/v2\/posts"}],"about":[{"href":"https:\/\/zakrasnejsivimperk.cz\/index.php?rest_route=\/wp\/v2\/types\/post"}],"author":[{"embeddable":true,"href":"https:\/\/zakrasnejsivimperk.cz\/index.php?rest_route=\/wp\/v2\/users\/2"}],"replies":[{"embeddable":true,"href":"https:\/\/zakrasnejsivimperk.cz\/index.php?rest_route=%2Fwp%2Fv2%2Fcomments&post=31311"}],"version-history":[{"count":2,"href":"https:\/\/zakrasnejsivimperk.cz\/index.php?rest_route=\/wp\/v2\/posts\/31311\/revisions"}],"predecessor-version":[{"id":31314,"href":"https:\/\/zakrasnejsivimperk.cz\/index.php?rest_route=\/wp\/v2\/posts\/31311\/revisions\/31314"}],"wp:featuredmedia":[{"embeddable":true,"href":"https:\/\/zakrasnejsivimperk.cz\/index.php?rest_route=\/wp\/v2\/media\/31313"}],"wp:attachment":[{"href":"https:\/\/zakrasnejsivimperk.cz\/index.php?rest_route=%2Fwp%2Fv2%2Fmedia&parent=31311"}],"wp:term":[{"taxonomy":"category","embeddable":true,"href":"https:\/\/zakrasnejsivimperk.cz\/index.php?rest_route=%2Fwp%2Fv2%2Fcategories&post=31311"},{"taxonomy":"post_tag","embeddable":true,"href":"https:\/\/zakrasnejsivimperk.cz\/index.php?rest_route=%2Fwp%2Fv2%2Ftags&post=31311"}],"curies":[{"name":"wp","href":"https:\/\/api.w.org\/{rel}","templated":true}]}}