{"id":313037,"date":"2024-07-11T12:42:11","date_gmt":"2024-07-11T11:42:11","guid":{"rendered":"https:\/\/zakrasnejsivimperk.cz\/?p=313037"},"modified":"2024-07-12T13:17:30","modified_gmt":"2024-07-12T12:17:30","slug":"jizni-cechy-vitejte-znama-i-nepoznana-mista-naseho-kraje","status":"publish","type":"post","link":"https:\/\/zakrasnejsivimperk.cz\/?p=313037","title":{"rendered":"JI\u017dN\u00cd \u010cECHY: V\u00edtejte! Zn\u00e1m\u00e1 i nepoznan\u00e1 m\u00edsta na\u0161eho kraje"},"content":{"rendered":"<figure id=\"attachment_313042\" aria-describedby=\"caption-attachment-313042\" style=\"width: 1040px\" class=\"wp-caption aligncenter\"><img loading=\"lazy\" decoding=\"async\" class=\"wp-image-313042 size-full\" src=\"https:\/\/zakrasnejsivimperk.cz\/wp-content\/uploads\/2024\/07\/03\/zoo-hluboka.jpg\" alt=\"\" width=\"1040\" height=\"693\" srcset=\"https:\/\/zakrasnejsivimperk.cz\/wp-content\/uploads\/2024\/07\/03\/zoo-hluboka.jpg 1040w, https:\/\/zakrasnejsivimperk.cz\/wp-content\/uploads\/2024\/07\/03\/zoo-hluboka-300x200.jpg 300w, https:\/\/zakrasnejsivimperk.cz\/wp-content\/uploads\/2024\/07\/03\/zoo-hluboka-1024x682.jpg 1024w, https:\/\/zakrasnejsivimperk.cz\/wp-content\/uploads\/2024\/07\/03\/zoo-hluboka-768x512.jpg 768w, https:\/\/zakrasnejsivimperk.cz\/wp-content\/uploads\/2024\/07\/03\/zoo-hluboka-536x357.jpg 536w, https:\/\/zakrasnejsivimperk.cz\/wp-content\/uploads\/2024\/07\/03\/zoo-hluboka-725x483.jpg 725w\" sizes=\"(max-width: 1040px) 100vw, 1040px\" \/><figcaption id=\"caption-attachment-313042\" class=\"wp-caption-text\">Jiho\u010desk\u00e1 zoologick\u00e1 zahrada Hlubok\u00e1 nad Vltavou<\/figcaption><\/figure>\n<p>&nbsp;<\/p>\n<h6>Jiho\u010desk\u00e1 zoologick\u00e1 zahrada v Hlubok\u00e9 nad Vltavou je znovu nejnav\u0161t\u011bvovan\u011bj\u0161\u00edm turistick\u00fdm c\u00edlem v ji\u017en\u00edch \u010cech\u00e1ch. V roce 2023 do n\u00ed zav\u00edtalo p\u0159es 281 tis\u00edc lid\u00ed. Vypl\u00fdv\u00e1 to z dat CzechTourism. L\u00e1kaly i dal\u0161\u00ed zoo, v elitn\u00ed des\u00edtce nechyb\u00ed klasiky jako z\u00e1mky v \u010cesk\u00e9m Krumlov\u011b \u010di Hlubok\u00e9 nad Vltavou. N\u00e1v\u0161t\u011bvn\u00edky v\u0161ak v lo\u0148sk\u00e9m roce v\u00fdrazn\u011b zaujala i Al\u0161ova jiho\u010desk\u00e1 galerie nebo znovu otev\u0159en\u00e1 vila Edvarda Bene\u0161e.<\/h6>\n<p><img loading=\"lazy\" decoding=\"async\" class=\"size-medium wp-image-119660 alignright\" src=\"https:\/\/zakrasnejsivimperk.cz\/wp-content\/uploads\/2018\/01\/11\/jccr-300x225.jpg\" alt=\"\" width=\"300\" height=\"225\" srcset=\"https:\/\/zakrasnejsivimperk.cz\/wp-content\/uploads\/2018\/01\/11\/jccr-300x225.jpg 300w, https:\/\/zakrasnejsivimperk.cz\/wp-content\/uploads\/2018\/01\/11\/jccr-768x576.jpg 768w, https:\/\/zakrasnejsivimperk.cz\/wp-content\/uploads\/2018\/01\/11\/jccr-476x357.jpg 476w, https:\/\/zakrasnejsivimperk.cz\/wp-content\/uploads\/2018\/01\/11\/jccr-644x483.jpg 644w, https:\/\/zakrasnejsivimperk.cz\/wp-content\/uploads\/2018\/01\/11\/jccr.jpg 800w\" sizes=\"(max-width: 300px) 100vw, 300px\" \/><img loading=\"lazy\" decoding=\"async\" class=\"size-medium wp-image-178503 alignleft\" src=\"https:\/\/zakrasnejsivimperk.cz\/wp-content\/uploads\/2019\/12\/03\/ji\u017en\u00ed-\u010dechy-opravdov\u00e1-l\u00e1ska-logo-300x140.png\" alt=\"\" width=\"300\" height=\"140\" srcset=\"https:\/\/zakrasnejsivimperk.cz\/wp-content\/uploads\/2019\/12\/03\/ji\u017en\u00ed-\u010dechy-opravdov\u00e1-l\u00e1ska-logo-300x140.png 300w, https:\/\/zakrasnejsivimperk.cz\/wp-content\/uploads\/2019\/12\/03\/ji\u017en\u00ed-\u010dechy-opravdov\u00e1-l\u00e1ska-logo-768x358.png 768w, https:\/\/zakrasnejsivimperk.cz\/wp-content\/uploads\/2019\/12\/03\/ji\u017en\u00ed-\u010dechy-opravdov\u00e1-l\u00e1ska-logo-765x357.png 765w, https:\/\/zakrasnejsivimperk.cz\/wp-content\/uploads\/2019\/12\/03\/ji\u017en\u00ed-\u010dechy-opravdov\u00e1-l\u00e1ska-logo.png 960w\" sizes=\"(max-width: 300px) 100vw, 300px\" \/>V roce 2023 dorazilo do ji\u017en\u00edch \u010cech t\u00e9m\u011b\u0159 1,7 milionu n\u00e1v\u0161t\u011bvn\u00edk\u016f. Ti si jako sv\u00e9 c\u00edle volili klasick\u00e1 a obl\u00edben\u00e1 m\u00edsta, st\u00e1le \u010dast\u011bji v\u0161ak vyr\u00e1\u017eeli i za m\u00e9n\u011b zn\u00e1m\u00fdmi skvosty. V prvn\u00ed p\u011btce statistik od agentury CzechTourism se oproti lo\u0148sku nezm\u011bnilo nic. Nejv\u00edc, p\u0159es 281 tis\u00edc lid\u00ed, nal\u00e1kala Jiho\u010desk\u00e1 zoologick\u00e1 zahrada v Hlubok\u00e9 nad Vltavou.<\/p>\n<p>Na st\u00e1tn\u00ed hrad a z\u00e1mek v \u010cesk\u00e9m Krumlov\u011b dorazilo 243 tis\u00edc turist\u016f, p\u0159es magick\u00fdch dv\u011b st\u011b tis\u00edc turist\u016f se dostaly i Stezka korunami strom\u016f na Lipn\u011b (205) a st\u00e1tn\u00ed z\u00e1mek v Hlubok\u00e9 nad Vltavou (201). V des\u00edtce jsou je\u0161t\u011b dal\u0161\u00ed t\u0159i zoo \u2013 ta v T\u00e1bo\u0159e (113), Na Hr\u00e1de\u010dku v Horn\u00ed P\u011bn\u011b (93) a Dvorec (67). Loni se vy\u0161vihla Al\u0161ova jiho\u010desk\u00e1 galerie, kam zav\u00edtalo i d\u00edky rekordn\u00ed v\u00fdstav\u011b HR Giger 84 tis\u00edc n\u00e1v\u0161t\u011bvn\u00edk\u016f. Des\u00edtku kompletuj\u00ed Jiho\u010desk\u00e9 muzeum v \u010cesk\u00fdch Bud\u011bjovic\u00edch (71) a Husitsk\u00e9 muzeum v T\u00e1bo\u0159e (63).<\/p>\n<p>\u201e<em>Je skv\u011bl\u00e9, \u017ee se n\u00e1v\u0161t\u011bvn\u00edci inspiruj\u00ed t\u00edm, co propagujeme ji\u017e del\u0161\u00ed dobu, a pozn\u00e1vaj\u00ed tak ji\u017en\u00ed \u010cechy nepoznan\u00e9. M\u00e1me zde obl\u00edben\u00e9 turistick\u00e9 c\u00edle, na kter\u00e9 se turist\u00e9 r\u00e1di vracej\u00ed, ale t\u011b\u0161\u00ed m\u011b, \u017ee st\u00e1le \u010dast\u011bji vyhled\u00e1vaj\u00ed i m\u00e9n\u011b zn\u00e1m\u00e1 m\u00edsta, kter\u00e1 bezpochyby tak\u00e9 stoj\u00ed za n\u00e1v\u0161t\u011bvu,<\/em>\u201c shrnul Petr Soukup, \u0159editel Jiho\u010desk\u00e9 centr\u00e1ly cestovn\u00edho ruchu (JCCR).<\/p>\n<p>Na mysli m\u00e1 nap\u0159\u00edklad neobjeven\u00e9 skvosty, kter\u00fdmi i podle statistik jsou t\u0159eba Ryb\u00e1\u0159sk\u00e9 muzeum ve Vod\u0148anech, Vodn\u00ed pila Pen\u00edkov v \u010cesk\u00e9 Kanad\u011b nebo z\u00e1\u017eitkov\u00e1 prohl\u00eddka \u010deskobud\u011bjovick\u00e9ho pivovaru Samson. Kdo by hledal dal\u0161\u00ed tipy na m\u00e9n\u011b \u010di v\u00edce objeven\u00e1 m\u00edsta, z bohat\u00e9 nab\u00eddky se m\u016f\u017ee inspirovat na webu:\u00a0<strong><a href=\"https:\/\/www.jiznicechy.cz\/turisticke-cile#query=&amp;period%5B0%5D=summer\" target=\"_blank\" rel=\"noopener\">https:\/\/www.jiznicechy.cz\/turisticke-cile<\/a><\/strong>.<\/p>\n<p>Zaj\u00edmavou novinkou pro n\u00e1v\u0161t\u011bvn\u00edky bylo v minul\u00e9m roce znovuotev\u0159en\u00ed Bene\u0161ovy vily v Sezimov\u011b \u00dast\u00ed u T\u00e1bora. Ta byla v minulosti p\u0159\u00edstupn\u00e1 pouze p\u0159i v\u00fdjime\u010dn\u00fdch ud\u00e1lostech. Od lo\u0148ska byla otev\u0159en\u00e1 od \u010dervence do \u0159\u00edjna a p\u0159il\u00e1kala 11,6 tis\u00edce lid\u00ed. V tomto roce se n\u00e1v\u0161t\u011bvnick\u00e1 sezona prot\u00e1hla od kv\u011btna do konce z\u00e1\u0159\u00ed s voln\u00fdm p\u0159\u00edstupem \u0161est dn\u00ed v t\u00fddnu, a to bez p\u0159edchoz\u00ed rezervace.<\/p>\n<p>Stoupaj\u00edc\u00ed z\u00e1jem eviduj\u00ed tak\u00e9 v Ho\u0159ick\u00e9m pa\u0161ijov\u00e9m divadlu v Ho\u0159ic\u00edch na \u0160umav\u011b, d\u00e1le na pam\u00e1tn\u00edku Jana \u017di\u017eky z Trocnova nebo v protiv\u00ednsk\u00e9 Krokod\u00fdl\u00ed zoo. Z tematick\u00e9ho pohledu n\u00e1v\u0161t\u011bvn\u00edky nejv\u00edce t\u00e1hly hrady a z\u00e1mky, d\u00e1le pak zoo, n\u00e1sledovan\u00e9 muzei a galeriemi. \u010ctvrt milionu turist\u016f loni vyrazilo za z\u00e1bavn\u00edmi turistick\u00fdmi c\u00edli. V oblib\u011b byly i v\u011b\u017ee a rozhledny nebo sakr\u00e1ln\u00ed pam\u00e1tky.<\/p>\n<p><em>\u201eZ\u00e1jem o netradi\u010dn\u00ed turistick\u00e9 c\u00edle znovu roste, co\u017e je dobr\u00e1 zpr\u00e1va. P\u0159ejeme si, aby se v ide\u00e1ln\u00edm p\u0159\u00edpad\u011b n\u00e1v\u0161t\u011bvn\u00edci rozprost\u0159eli po cel\u00fdch ji\u017en\u00edch \u010cech\u00e1ch, a proto se sna\u017e\u00edme propagovat i ostatn\u00ed m\u00edsta, kter\u00e1 maj\u00ed sv\u00e9 kouzlo. V\u0161echna maj\u00ed co nab\u00eddnout a turist\u00e9 ur\u010dit\u011b budou mile p\u0159ekvapeni jejich atmosf\u00e9rou<\/em>,\u201c popsala vedouc\u00ed odd\u011blen\u00ed pro dom\u00e1c\u00ed cestovn\u00ed ruch JCCR Tereza Proch\u00e1zkov\u00e1.<\/p>\n<p>&nbsp;<\/p>\n<p><strong>Text a foto: (tz-jccr)<\/strong><\/p>\n<p>&nbsp;<\/p>\n<figure id=\"attachment_313041\" aria-describedby=\"caption-attachment-313041\" style=\"width: 1040px\" class=\"wp-caption aligncenter\"><img loading=\"lazy\" decoding=\"async\" class=\"wp-image-313041 size-full\" src=\"https:\/\/zakrasnejsivimperk.cz\/wp-content\/uploads\/2024\/07\/03\/pamatnik-jana-zizky-sudomer.jpg\" alt=\"\" width=\"1040\" height=\"693\" srcset=\"https:\/\/zakrasnejsivimperk.cz\/wp-content\/uploads\/2024\/07\/03\/pamatnik-jana-zizky-sudomer.jpg 1040w, https:\/\/zakrasnejsivimperk.cz\/wp-content\/uploads\/2024\/07\/03\/pamatnik-jana-zizky-sudomer-300x200.jpg 300w, https:\/\/zakrasnejsivimperk.cz\/wp-content\/uploads\/2024\/07\/03\/pamatnik-jana-zizky-sudomer-1024x682.jpg 1024w, https:\/\/zakrasnejsivimperk.cz\/wp-content\/uploads\/2024\/07\/03\/pamatnik-jana-zizky-sudomer-768x512.jpg 768w, https:\/\/zakrasnejsivimperk.cz\/wp-content\/uploads\/2024\/07\/03\/pamatnik-jana-zizky-sudomer-536x357.jpg 536w, https:\/\/zakrasnejsivimperk.cz\/wp-content\/uploads\/2024\/07\/03\/pamatnik-jana-zizky-sudomer-725x483.jpg 725w\" sizes=\"(max-width: 1040px) 100vw, 1040px\" \/><figcaption id=\"caption-attachment-313041\" class=\"wp-caption-text\">Pam\u00e1tn\u00edk Jana \u017di\u017eky Sudom\u011b\u0159<\/figcaption><\/figure>\n<p>&nbsp;<\/p>\n<figure id=\"attachment_313038\" aria-describedby=\"caption-attachment-313038\" style=\"width: 1040px\" class=\"wp-caption aligncenter\"><img loading=\"lazy\" decoding=\"async\" class=\"wp-image-313038 size-full\" src=\"https:\/\/zakrasnejsivimperk.cz\/wp-content\/uploads\/2024\/07\/03\/alsova-jihoceska-galerie.jpg\" alt=\"\" width=\"1040\" height=\"693\" srcset=\"https:\/\/zakrasnejsivimperk.cz\/wp-content\/uploads\/2024\/07\/03\/alsova-jihoceska-galerie.jpg 1040w, https:\/\/zakrasnejsivimperk.cz\/wp-content\/uploads\/2024\/07\/03\/alsova-jihoceska-galerie-300x200.jpg 300w, https:\/\/zakrasnejsivimperk.cz\/wp-content\/uploads\/2024\/07\/03\/alsova-jihoceska-galerie-1024x682.jpg 1024w, https:\/\/zakrasnejsivimperk.cz\/wp-content\/uploads\/2024\/07\/03\/alsova-jihoceska-galerie-768x512.jpg 768w, https:\/\/zakrasnejsivimperk.cz\/wp-content\/uploads\/2024\/07\/03\/alsova-jihoceska-galerie-536x357.jpg 536w, https:\/\/zakrasnejsivimperk.cz\/wp-content\/uploads\/2024\/07\/03\/alsova-jihoceska-galerie-725x483.jpg 725w\" sizes=\"(max-width: 1040px) 100vw, 1040px\" \/><figcaption id=\"caption-attachment-313038\" class=\"wp-caption-text\">Al\u0161ova jiho\u010desk\u00e1 galerie Hlubok\u00e1 nad Vltavou<\/figcaption><\/figure>\n<p>&nbsp;<\/p>\n<figure id=\"attachment_313039\" aria-describedby=\"caption-attachment-313039\" style=\"width: 1040px\" class=\"wp-caption aligncenter\"><img loading=\"lazy\" decoding=\"async\" class=\"wp-image-313039 size-full\" src=\"https:\/\/zakrasnejsivimperk.cz\/wp-content\/uploads\/2024\/07\/03\/benesova-vila-sezimovo-usti.jpg\" alt=\"\" width=\"1040\" height=\"650\" srcset=\"https:\/\/zakrasnejsivimperk.cz\/wp-content\/uploads\/2024\/07\/03\/benesova-vila-sezimovo-usti.jpg 1040w, https:\/\/zakrasnejsivimperk.cz\/wp-content\/uploads\/2024\/07\/03\/benesova-vila-sezimovo-usti-300x188.jpg 300w, https:\/\/zakrasnejsivimperk.cz\/wp-content\/uploads\/2024\/07\/03\/benesova-vila-sezimovo-usti-1024x640.jpg 1024w, https:\/\/zakrasnejsivimperk.cz\/wp-content\/uploads\/2024\/07\/03\/benesova-vila-sezimovo-usti-768x480.jpg 768w, https:\/\/zakrasnejsivimperk.cz\/wp-content\/uploads\/2024\/07\/03\/benesova-vila-sezimovo-usti-571x357.jpg 571w, https:\/\/zakrasnejsivimperk.cz\/wp-content\/uploads\/2024\/07\/03\/benesova-vila-sezimovo-usti-773x483.jpg 773w\" sizes=\"(max-width: 1040px) 100vw, 1040px\" \/><figcaption id=\"caption-attachment-313039\" class=\"wp-caption-text\">Bene\u0161ova vila Sezimovou \u00dast\u00ed<\/figcaption><\/figure>\n<p>&nbsp;<\/p>\n<figure id=\"attachment_313040\" aria-describedby=\"caption-attachment-313040\" style=\"width: 1040px\" class=\"wp-caption aligncenter\"><img loading=\"lazy\" decoding=\"async\" class=\"wp-image-313040 size-full\" src=\"https:\/\/zakrasnejsivimperk.cz\/wp-content\/uploads\/2024\/07\/03\/hluboka.jpg\" alt=\"\" width=\"1040\" height=\"692\" srcset=\"https:\/\/zakrasnejsivimperk.cz\/wp-content\/uploads\/2024\/07\/03\/hluboka.jpg 1040w, https:\/\/zakrasnejsivimperk.cz\/wp-content\/uploads\/2024\/07\/03\/hluboka-300x200.jpg 300w, https:\/\/zakrasnejsivimperk.cz\/wp-content\/uploads\/2024\/07\/03\/hluboka-1024x681.jpg 1024w, https:\/\/zakrasnejsivimperk.cz\/wp-content\/uploads\/2024\/07\/03\/hluboka-768x511.jpg 768w, https:\/\/zakrasnejsivimperk.cz\/wp-content\/uploads\/2024\/07\/03\/hluboka-537x357.jpg 537w, https:\/\/zakrasnejsivimperk.cz\/wp-content\/uploads\/2024\/07\/03\/hluboka-726x483.jpg 726w\" sizes=\"(max-width: 1040px) 100vw, 1040px\" \/><figcaption id=\"caption-attachment-313040\" class=\"wp-caption-text\">St\u00e1tn\u00ed z\u00e1mek Hlubok\u00e1 nad Vltavou<\/figcaption><\/figure>\n<hr \/>\n<p>&nbsp;<\/p>\n","protected":false},"excerpt":{"rendered":"<p>&nbsp; Jiho\u010desk\u00e1 <\/p>\n","protected":false},"author":2,"featured_media":313043,"comment_status":"open","ping_status":"open","sticky":false,"template":"","format":"gallery","meta":{"footnotes":""},"categories":[72,107],"tags":[],"jetpack_featured_media_url":"https:\/\/zakrasnejsivimperk.cz\/wp-content\/uploads\/2024\/07\/03\/ram-vitejte.jpg","_links":{"self":[{"href":"https:\/\/zakrasnejsivimperk.cz\/index.php?rest_route=\/wp\/v2\/posts\/313037"}],"collection":[{"href":"https:\/\/zakrasnejsivimperk.cz\/index.php?rest_route=\/wp\/v2\/posts"}],"about":[{"href":"https:\/\/zakrasnejsivimperk.cz\/index.php?rest_route=\/wp\/v2\/types\/post"}],"author":[{"embeddable":true,"href":"https:\/\/zakrasnejsivimperk.cz\/index.php?rest_route=\/wp\/v2\/users\/2"}],"replies":[{"embeddable":true,"href":"https:\/\/zakrasnejsivimperk.cz\/index.php?rest_route=%2Fwp%2Fv2%2Fcomments&post=313037"}],"version-history":[{"count":1,"href":"https:\/\/zakrasnejsivimperk.cz\/index.php?rest_route=\/wp\/v2\/posts\/313037\/revisions"}],"predecessor-version":[{"id":313044,"href":"https:\/\/zakrasnejsivimperk.cz\/index.php?rest_route=\/wp\/v2\/posts\/313037\/revisions\/313044"}],"wp:featuredmedia":[{"embeddable":true,"href":"https:\/\/zakrasnejsivimperk.cz\/index.php?rest_route=\/wp\/v2\/media\/313043"}],"wp:attachment":[{"href":"https:\/\/zakrasnejsivimperk.cz\/index.php?rest_route=%2Fwp%2Fv2%2Fmedia&parent=313037"}],"wp:term":[{"taxonomy":"category","embeddable":true,"href":"https:\/\/zakrasnejsivimperk.cz\/index.php?rest_route=%2Fwp%2Fv2%2Fcategories&post=313037"},{"taxonomy":"post_tag","embeddable":true,"href":"https:\/\/zakrasnejsivimperk.cz\/index.php?rest_route=%2Fwp%2Fv2%2Ftags&post=313037"}],"curies":[{"name":"wp","href":"https:\/\/api.w.org\/{rel}","templated":true}]}}