{"id":312913,"date":"2024-07-04T11:01:26","date_gmt":"2024-07-04T10:01:26","guid":{"rendered":"https:\/\/zakrasnejsivimperk.cz\/?p=312913"},"modified":"2024-07-10T13:20:36","modified_gmt":"2024-07-10T12:20:36","slug":"jizni-cechy-symboly-lasky-petra-voka-z-rozmberka-a-kateriny-z-ludanic-jsou-po-423-letech-opet-spolu","status":"publish","type":"post","link":"https:\/\/zakrasnejsivimperk.cz\/?p=312913","title":{"rendered":"JI\u017dN\u00cd \u010cECHY: Symboly l\u00e1sky Petra Voka z Ro\u017emberka a Kate\u0159iny z Ludanic jsou po 423 letech op\u011bt spolu"},"content":{"rendered":"<p><img loading=\"lazy\" decoding=\"async\" class=\"aligncenter wp-image-312917 size-full\" src=\"https:\/\/zakrasnejsivimperk.cz\/wp-content\/uploads\/2024\/07\/02\/prsteny-3.jpg\" alt=\"\" width=\"1100\" height=\"754\" srcset=\"https:\/\/zakrasnejsivimperk.cz\/wp-content\/uploads\/2024\/07\/02\/prsteny-3.jpg 1100w, https:\/\/zakrasnejsivimperk.cz\/wp-content\/uploads\/2024\/07\/02\/prsteny-3-300x206.jpg 300w, https:\/\/zakrasnejsivimperk.cz\/wp-content\/uploads\/2024\/07\/02\/prsteny-3-1024x702.jpg 1024w, https:\/\/zakrasnejsivimperk.cz\/wp-content\/uploads\/2024\/07\/02\/prsteny-3-768x526.jpg 768w, https:\/\/zakrasnejsivimperk.cz\/wp-content\/uploads\/2024\/07\/02\/prsteny-3-521x357.jpg 521w, https:\/\/zakrasnejsivimperk.cz\/wp-content\/uploads\/2024\/07\/02\/prsteny-3-705x483.jpg 705w\" sizes=\"(max-width: 1100px) 100vw, 1100px\" \/><\/p>\n<p>&nbsp;<\/p>\n<h6>Historicky poprv\u00e9 byly p\u0159edstaveny snubn\u00ed prsteny Petra Voka z Ro\u017emberka a Kate\u0159iny z Ludanic. Jedn\u00e1 se o neobvykl\u00e9 p\u00e1rov\u00e9 prsteny, kter\u00e9 jsou osazeny brou\u0161en\u00fdmi smaragdy, rub\u00edny a dozdobeny zelen\u00fdm smaltem. Zlatn\u00edci je vytvo\u0159ili podle digit\u00e1ln\u00edch model\u016f z autentick\u00fdch materi\u00e1l\u016f. Oba prsteny byly ulo\u017eeny do expozice v p\u0159eds\u00e1l\u00ed kl\u00e1\u0161tern\u00ed knihovny vy\u0161ebrodsk\u00e9ho kl\u00e1\u0161tera, kde je mohou n\u00e1v\u0161t\u011bvn\u00edci od pond\u011bl\u00ed spat\u0159it.<\/h6>\n<p><em><img loading=\"lazy\" decoding=\"async\" class=\"size-medium wp-image-200261 alignright\" src=\"https:\/\/zakrasnejsivimperk.cz\/wp-content\/uploads\/2020\/08\/14\/jiho\u010desk\u00fd-kraj3-logo-xx-300x136.jpg\" alt=\"\" width=\"300\" height=\"136\" srcset=\"https:\/\/zakrasnejsivimperk.cz\/wp-content\/uploads\/2020\/08\/14\/jiho\u010desk\u00fd-kraj3-logo-xx-300x136.jpg 300w, https:\/\/zakrasnejsivimperk.cz\/wp-content\/uploads\/2020\/08\/14\/jiho\u010desk\u00fd-kraj3-logo-xx-768x349.jpg 768w, https:\/\/zakrasnejsivimperk.cz\/wp-content\/uploads\/2020\/08\/14\/jiho\u010desk\u00fd-kraj3-logo-xx-786x357.jpg 786w, https:\/\/zakrasnejsivimperk.cz\/wp-content\/uploads\/2020\/08\/14\/jiho\u010desk\u00fd-kraj3-logo-xx.jpg 881w\" sizes=\"(max-width: 300px) 100vw, 300px\" \/>\u201eU\u017e jako mal\u00fd kluk jsem obdivoval legendu o b\u00e1jn\u00e9 ro\u017embersk\u00e9 hrobce, kde v\u0161ichni Ro\u017emberkov\u00e9 sed\u00ed u kulat\u00e9ho stolu. Docela je mi l\u00edto, \u017ee se nepotvrdila. Archeologick\u00fd pr\u016fzkum hrobky z roku 2011 ov\u0161em odkryl jin\u00fd p\u0159\u00edb\u011bh. Je to p\u0159\u00edb\u011bh dvou prsten\u016f a jedn\u00e9 velk\u00e9 l\u00e1sky pana Petra Voka z Ro\u017emberka a jeho \u017eeny Kate\u0159iny z Ludanic. V hrobce se na\u0161el prsten, kter\u00fd spadl pan\u00ed Kate\u0159in\u011b z ruky p\u0159\u00edmo na v\u00edko sarkof\u00e1gu jej\u00edho mu\u017ee. My nev\u00edme, jak prsten pana Voka p\u0159esn\u011b vypad\u00e1 a jestli ho m\u00e1 st\u00e1le na ruce. I origin\u00e1l d\u00e1msk\u00e9ho prstenu z\u016fstal v hrobce. Jsem r\u00e1d, \u017ee se archeolog\u016fm a zlatn\u00edk\u016fm poda\u0159ilo d\u00edky modern\u00edm technologi\u00edm vytvo\u0159it modely obou \u0161perk\u016f a \u017ee je m\u016f\u017eeme uk\u00e1zat \u0161irok\u00e9 ve\u0159ejnosti. Nikdo je nevid\u011bl spolu dlouh\u00fdch 423 let<\/em>,\u201c \u0159ekl n\u00e1m\u011bstek hejtmana Jiho\u010desk\u00e9ho kraje Pavel Hroch.\u00a0<em>\u201eJe to p\u0159\u00edb\u011bh s n\u00e1dechem romantiky, kter\u00fd m\u00e1 pro Jiho\u010dechy nesm\u00edrn\u00fd v\u00fdznam. Cht\u011bl bych v\u0161em za jejich pr\u00e1ci pod\u011bkovat,<\/em>\u201c dodal Hroch.<\/p>\n<p>Archeologick\u00fd v\u00fdzkum a v\u016fbec cel\u00e9 hled\u00e1n\u00ed ro\u017embersk\u00e9 hrobky by nebyl mo\u017en\u00fd bez souhlasu vlastn\u00edka \u2013 a to jsou cisterci\u00e1ci. P\u0159evor vy\u0161ebrodsk\u00e9ho kl\u00e1\u0161tera Justin Jan Berka dodal: \u201e<em>N\u00e1lez hrobky i prstenu dokazuje to spojen\u00ed s Ro\u017emberky, kte\u0159\u00ed byli vlastn\u011b tv\u016frci tady cel\u00e9ho Jiho\u010desk\u00e9ho kraje. A my jsme tak\u00e9 r\u00e1di, \u017ee lidem m\u016f\u017eeme uk\u00e1zat aspo\u0148 kopie prsten\u016f, proto\u017ee ty origin\u00e1ly jsme cht\u011bli nechat \u00famysln\u011b dole na rakvi, kdy\u017e tam byly v\u00edc ne\u017e 400 let. A z\u00e1rove\u0148 to ukazuje vlastn\u011b i ten nad\u010dasov\u00fd um, ten design, a ukazuje i man\u017eelsk\u00e9 pouto mezi Ro\u017emberkem a Kate\u0159inou z Ludanic<\/em>\u201c.<\/p>\n<p>Kdy\u017e v roce 2011 odborn\u00edci jednozna\u010dn\u011b lokalizovali b\u00e1jnou hrobku jiho\u010desk\u00fdch velmo\u017e\u016f, padla jedna z nejv\u011bt\u0161\u00edch historick\u00fdch z\u00e1had v \u010cesk\u00e9 republice. Z\u00e1rove\u0148 se v\u0161ak objevila myst\u00e9ria nov\u00e1. Jednalo se o p\u0159edev\u0161\u00edm o d\u00e1msk\u00fd prsten, kter\u00fd le\u017eel ploch\u00e9m v\u00edku c\u00ednov\u00e9ho sarkof\u00e1gu Petra Voka z Ro\u017emberka v nep\u0159\u00edstupn\u00e9 poh\u0159ebn\u00ed komo\u0159e. \u201e<em>A\u017e p\u0159i posledn\u00edm pr\u016fzkumu hrobky v roce 2021 se poda\u0159ilo v\u0161echny ot\u00e1zky kolem z\u00e1hadn\u00e9ho prstenu zodpov\u011bd\u011bt. Uk\u00e1zalo se, \u017ee jde o specifick\u00fd snubn\u00ed prsten posledn\u00edch ro\u017embersk\u00fdch man\u017eel\u016f, kter\u00fd m\u011bla na ruce pan\u00ed Kate\u0159ina z Ludanic. Kdy\u017e se rozpadla jej\u00ed d\u0159ev\u011bn\u00e1 rakev, prsten sklouzl mrtv\u00e9 z ruky, vypadl z rakve a dokut\u00e1lel se a\u017e na pravou stranu ploch\u00e9ho v\u00edka sarkof\u00e1gu jej\u00edho man\u017eela. Z pietn\u00edch d\u016fvod\u016f z\u016fstaly v\u0161echny nalezen\u00e9 \u0161perky i nad\u00e1le na sv\u00e9m m\u00edst\u011b. Modern\u00ed technologie n\u00e1m v\u0161ak umo\u017enily vytvo\u0159en\u00ed jejich p\u0159esn\u00fdch kopi\u00ed,<\/em>\u201c \u0159ekl geoinformatik Ji\u0159\u00ed \u0160indel\u00e1\u0159.<\/p>\n<h6><strong>Jak vznikaly kopie snubn\u00edch prsten\u016f<\/strong><\/h6>\n<p>Speci\u00e1ln\u00ed pr\u016fzkumn\u00e1 minisonda naskenovala kompletn\u00ed vybaven\u00ed nep\u0159\u00edstupn\u00e9 poh\u0159ebn\u00ed komory v podzem\u00ed vy\u0161ebrodsk\u00e9ho kl\u00e1\u0161tern\u00edho kostela ve velmi vysok\u00e9m rozli\u0161en\u00ed. \u201e<em>Velk\u00fd d\u016fraz byl kladen na maxim\u00e1ln\u011b p\u0159esn\u00fd a detailn\u00ed sken prstenu. Tak vznikla digit\u00e1ln\u00ed kopie \u0161perku. Podle n\u00ed byly metodou 3D tisku vytvo\u0159eny fyzick\u00e9 modely v m\u011b\u0159\u00edtku 1:1, ale tak\u00e9 modely ve zv\u011bt\u0161en\u00e9 podob\u011b 6:1. Ty pak byly podrobeny dal\u0161\u00edmu zkoum\u00e1n\u00ed a d\u00edky metod\u00e1m reverzn\u00edho in\u017een\u00fdrstv\u00ed se n\u00e1m poda\u0159ilo definovat pracovn\u00ed postup tv\u016frce a tak\u00e9 popsat, jak vypadal druh\u00fd p\u00e1rov\u00fd snubn\u00ed prsten, kter\u00fd m\u00e1 pravd\u011bpodobn\u011b st\u00e1le na ruce Petr Vok<\/em>,\u201c p\u0159ibl\u00ed\u017eila archeolo\u017eka Zuzana Thomov\u00e1. Pro v\u00fdrobu v\u011brn\u00fdch kopi\u00ed snubn\u00edch prsten\u016f posledn\u00edch ro\u017embersk\u00fdch man\u017eel\u016f bylo pou\u017eito autentick\u00fdch materi\u00e1l\u016f \u2013 zlata, smaragd\u016f a rub\u00edn\u016f. D\u00e1msk\u00fd prsten je dozdoben zelen\u00fdm smaltem.<\/p>\n<p>Kopie prstenu Kate\u0159iny z Ludanic byla vystavena ji\u017e v sezon\u011b 2023. Letos poprv\u00e9 bude p\u0159edstaven i druh\u00fd p\u00e1rov\u00fd prsten. Po dlouh\u00fdch 423 letech se tak d\u00edky modern\u00edm technologi\u00edm nedestruktivn\u00edho pr\u016fzkumu oba snubn\u00ed prsteny posledn\u00edch Ro\u017emberk\u016f op\u011bt spojily.<\/p>\n<p>&nbsp;<\/p>\n<p><strong>Text a foto: (tz-j\u010d)<\/strong><\/p>\n<p>&nbsp;<\/p>\n<p><img loading=\"lazy\" decoding=\"async\" class=\"aligncenter wp-image-312915 size-full\" src=\"https:\/\/zakrasnejsivimperk.cz\/wp-content\/uploads\/2024\/07\/02\/prsteny-1.jpg\" alt=\"\" width=\"1100\" height=\"734\" srcset=\"https:\/\/zakrasnejsivimperk.cz\/wp-content\/uploads\/2024\/07\/02\/prsteny-1.jpg 1100w, https:\/\/zakrasnejsivimperk.cz\/wp-content\/uploads\/2024\/07\/02\/prsteny-1-300x200.jpg 300w, https:\/\/zakrasnejsivimperk.cz\/wp-content\/uploads\/2024\/07\/02\/prsteny-1-1024x683.jpg 1024w, https:\/\/zakrasnejsivimperk.cz\/wp-content\/uploads\/2024\/07\/02\/prsteny-1-768x512.jpg 768w, https:\/\/zakrasnejsivimperk.cz\/wp-content\/uploads\/2024\/07\/02\/prsteny-1-535x357.jpg 535w, https:\/\/zakrasnejsivimperk.cz\/wp-content\/uploads\/2024\/07\/02\/prsteny-1-724x483.jpg 724w\" sizes=\"(max-width: 1100px) 100vw, 1100px\" \/><\/p>\n<hr \/>\n<p>&nbsp;<\/p>\n","protected":false},"excerpt":{"rendered":"<p>&nbsp; Historicky <\/p>\n","protected":false},"author":2,"featured_media":312926,"comment_status":"open","ping_status":"open","sticky":false,"template":"","format":"gallery","meta":{"footnotes":""},"categories":[72,107],"tags":[],"jetpack_featured_media_url":"https:\/\/zakrasnejsivimperk.cz\/wp-content\/uploads\/2024\/07\/02\/ram-prstynky.jpg","_links":{"self":[{"href":"https:\/\/zakrasnejsivimperk.cz\/index.php?rest_route=\/wp\/v2\/posts\/312913"}],"collection":[{"href":"https:\/\/zakrasnejsivimperk.cz\/index.php?rest_route=\/wp\/v2\/posts"}],"about":[{"href":"https:\/\/zakrasnejsivimperk.cz\/index.php?rest_route=\/wp\/v2\/types\/post"}],"author":[{"embeddable":true,"href":"https:\/\/zakrasnejsivimperk.cz\/index.php?rest_route=\/wp\/v2\/users\/2"}],"replies":[{"embeddable":true,"href":"https:\/\/zakrasnejsivimperk.cz\/index.php?rest_route=%2Fwp%2Fv2%2Fcomments&post=312913"}],"version-history":[{"count":2,"href":"https:\/\/zakrasnejsivimperk.cz\/index.php?rest_route=\/wp\/v2\/posts\/312913\/revisions"}],"predecessor-version":[{"id":312918,"href":"https:\/\/zakrasnejsivimperk.cz\/index.php?rest_route=\/wp\/v2\/posts\/312913\/revisions\/312918"}],"wp:featuredmedia":[{"embeddable":true,"href":"https:\/\/zakrasnejsivimperk.cz\/index.php?rest_route=\/wp\/v2\/media\/312926"}],"wp:attachment":[{"href":"https:\/\/zakrasnejsivimperk.cz\/index.php?rest_route=%2Fwp%2Fv2%2Fmedia&parent=312913"}],"wp:term":[{"taxonomy":"category","embeddable":true,"href":"https:\/\/zakrasnejsivimperk.cz\/index.php?rest_route=%2Fwp%2Fv2%2Fcategories&post=312913"},{"taxonomy":"post_tag","embeddable":true,"href":"https:\/\/zakrasnejsivimperk.cz\/index.php?rest_route=%2Fwp%2Fv2%2Ftags&post=312913"}],"curies":[{"name":"wp","href":"https:\/\/api.w.org\/{rel}","templated":true}]}}