{"id":31277,"date":"2015-09-17T11:43:13","date_gmt":"2015-09-17T10:43:13","guid":{"rendered":"http:\/\/zakrasnejsivimperk.cz\/?p=31277"},"modified":"2015-09-17T16:22:54","modified_gmt":"2015-09-17T15:22:54","slug":"prachaticky-denik-nastal-cas-ukazat-verejnosti-co-jsme-dokazali-rika-reditel-nemocnice","status":"publish","type":"post","link":"https:\/\/zakrasnejsivimperk.cz\/?p=31277","title":{"rendered":"PRACHATICK\u00dd DEN\u00cdK: Nastal \u010das uk\u00e1zat , co jsme dok\u00e1zali, \u0159\u00edk\u00e1 \u0159editel nemocnice"},"content":{"rendered":"<p>&nbsp;<\/p>\n<h6 style=\"text-align: justify;\">Nemocnice Vimperk uspo\u0159\u00e1dala den otev\u0159en\u00fdch dve\u0159\u00ed. Z\u00e1jemc\u016fm uk\u00e1zala cel\u00fd are\u00e1l a nab\u00eddla poho\u0161t\u011bn\u00ed.<\/h6>\n<h6 style=\"text-align: justify;\">Podrobn\u011b informuje\u00a0<strong><a href=\"http:\/\/prachaticky.denik.cz\/zpravy_region\/nastal-cas-ukazat-verejnosti-co-jsme-dokazali-rika-reditel-nemocnice-20150917.html\" target=\"_blank\">PRACHATICK\u00dd DEN\u00cdK<\/a><\/strong><\/h6>\n<p>&nbsp;<\/p>\n<p>&nbsp;<\/p>\n<p>&nbsp;<\/p>\n<p>&nbsp;<\/p>\n<p>&nbsp;<\/p>\n<p>&nbsp;<\/p>\n<p>&nbsp;<\/p>\n","protected":false},"excerpt":{"rendered":"<p>&nbsp; Nemocnice <\/p>\n","protected":false},"author":2,"featured_media":31285,"comment_status":"open","ping_status":"open","sticky":false,"template":"","format":"standard","meta":{"footnotes":""},"categories":[7],"tags":[],"jetpack_featured_media_url":"https:\/\/zakrasnejsivimperk.cz\/wp-content\/uploads\/2015\/09\/17\/nemocnice-denik.jpg","_links":{"self":[{"href":"https:\/\/zakrasnejsivimperk.cz\/index.php?rest_route=\/wp\/v2\/posts\/31277"}],"collection":[{"href":"https:\/\/zakrasnejsivimperk.cz\/index.php?rest_route=\/wp\/v2\/posts"}],"about":[{"href":"https:\/\/zakrasnejsivimperk.cz\/index.php?rest_route=\/wp\/v2\/types\/post"}],"author":[{"embeddable":true,"href":"https:\/\/zakrasnejsivimperk.cz\/index.php?rest_route=\/wp\/v2\/users\/2"}],"replies":[{"embeddable":true,"href":"https:\/\/zakrasnejsivimperk.cz\/index.php?rest_route=%2Fwp%2Fv2%2Fcomments&post=31277"}],"version-history":[{"count":10,"href":"https:\/\/zakrasnejsivimperk.cz\/index.php?rest_route=\/wp\/v2\/posts\/31277\/revisions"}],"predecessor-version":[{"id":31304,"href":"https:\/\/zakrasnejsivimperk.cz\/index.php?rest_route=\/wp\/v2\/posts\/31277\/revisions\/31304"}],"wp:featuredmedia":[{"embeddable":true,"href":"https:\/\/zakrasnejsivimperk.cz\/index.php?rest_route=\/wp\/v2\/media\/31285"}],"wp:attachment":[{"href":"https:\/\/zakrasnejsivimperk.cz\/index.php?rest_route=%2Fwp%2Fv2%2Fmedia&parent=31277"}],"wp:term":[{"taxonomy":"category","embeddable":true,"href":"https:\/\/zakrasnejsivimperk.cz\/index.php?rest_route=%2Fwp%2Fv2%2Fcategories&post=31277"},{"taxonomy":"post_tag","embeddable":true,"href":"https:\/\/zakrasnejsivimperk.cz\/index.php?rest_route=%2Fwp%2Fv2%2Ftags&post=31277"}],"curies":[{"name":"wp","href":"https:\/\/api.w.org\/{rel}","templated":true}]}}