{"id":312427,"date":"2024-06-27T13:38:33","date_gmt":"2024-06-27T12:38:33","guid":{"rendered":"https:\/\/zakrasnejsivimperk.cz\/?p=312427"},"modified":"2024-06-27T13:39:15","modified_gmt":"2024-06-27T12:39:15","slug":"jizni-cechy-co-se-deje-v-prachaticich-informace-o-jednani-rady-mesta-24-6","status":"publish","type":"post","link":"https:\/\/zakrasnejsivimperk.cz\/?p=312427","title":{"rendered":"JI\u017dN\u00cd \u010cECHY: Co se d\u011bje v Prachatic\u00edch. Informace o jedn\u00e1n\u00ed rady m\u011bsta \u2013 24. 6."},"content":{"rendered":"<figure id=\"attachment_312430\" aria-describedby=\"caption-attachment-312430\" style=\"width: 1100px\" class=\"wp-caption aligncenter\"><img loading=\"lazy\" decoding=\"async\" class=\"wp-image-312430 size-full\" src=\"https:\/\/zakrasnejsivimperk.cz\/wp-content\/uploads\/2024\/06\/27\/prachatice-060624-parkan.jpg\" alt=\"\" width=\"1100\" height=\"682\" srcset=\"https:\/\/zakrasnejsivimperk.cz\/wp-content\/uploads\/2024\/06\/27\/prachatice-060624-parkan.jpg 1100w, https:\/\/zakrasnejsivimperk.cz\/wp-content\/uploads\/2024\/06\/27\/prachatice-060624-parkan-300x186.jpg 300w, https:\/\/zakrasnejsivimperk.cz\/wp-content\/uploads\/2024\/06\/27\/prachatice-060624-parkan-1024x635.jpg 1024w, https:\/\/zakrasnejsivimperk.cz\/wp-content\/uploads\/2024\/06\/27\/prachatice-060624-parkan-768x476.jpg 768w, https:\/\/zakrasnejsivimperk.cz\/wp-content\/uploads\/2024\/06\/27\/prachatice-060624-parkan-576x357.jpg 576w, https:\/\/zakrasnejsivimperk.cz\/wp-content\/uploads\/2024\/06\/27\/prachatice-060624-parkan-779x483.jpg 779w\" sizes=\"(max-width: 1100px) 100vw, 1100px\" \/><figcaption id=\"caption-attachment-312430\" class=\"wp-caption-text\">Prachatice &#8211; Park\u00e1n \/ Foto: (red) &#8211; Za kr\u00e1sn\u011bj\u0161\u00ed Vimperk<\/figcaption><\/figure>\n<hr \/>\n<p>&nbsp;<\/p>\n<h6><b>Kiosek na Lib\u00edn\u011b bude p\u0159es l\u00e9to v provozu<\/b><\/h6>\n<p>V\u00a0kv\u011btnu leto\u0161n\u00edho roku byla zah\u00e1jena rekonstrukce horsk\u00e9 chaty na Lib\u00edn\u011b. Spole\u010dnost LUSPOL SE, kter\u00e1 vze\u0161la z\u00a0otev\u0159en\u00e9ho v\u00fdb\u011brov\u00e9ho \u0159\u00edzen\u00ed si p\u0159evzala staveni\u0161t\u011b a nyn\u00ed prob\u00edhaj\u00ed vykl\u00edzec\u00ed a demoli\u010dn\u00ed pr\u00e1ce zch\u00e1tral\u00e9 chaty. Po dobu v\u00fdstavby horsk\u00e9 chaty z\u016fst\u00e1v\u00e1 rozhledna na vrcholu Lib\u00edna ve\u0159ejnosti p\u0159\u00edstupn\u00e1, pouze doch\u00e1z\u00ed k\u00a0omezen\u00e9mu pohybu n\u00e1v\u0161t\u011bvn\u00edk\u016f v\u00a0jej\u00edm okol\u00ed z\u00a0d\u016fvodu bezpe\u010dnosti pr\u00e1ce.<\/p>\n<p>Radn\u00ed se na sv\u00e9m pond\u011bln\u00edm jedn\u00e1n\u00ed zab\u00fdvali v\u00a0r\u00e1mci majetkov\u00fdch ot\u00e1zek provozem mal\u00e9ho st\u00e1nku s\u00a0ob\u010derstven\u00edm v\u00a0bl\u00edzkosti rozhledny, kdy dosavadn\u00ed provozovatel na svou \u017e\u00e1dost pron\u00e1jem ukon\u010dil. <em>\u201eJsem velice pot\u011b\u0161en, \u017ee prost\u0159ednictv\u00edm rady m\u011bsta jsme na\u0161li n\u00e1hradn\u00edho n\u00e1jemce na provoz rozhledny a p\u0159ilehl\u00e9ho kiosku po dobu rekonstrukce horsk\u00e9 chaty na Lib\u00edn\u011b. Turistick\u00fd c\u00edl v\u00a0podob\u011b rozhledny s\u00a0ob\u010derstven\u00edm by tak m\u011bl z\u016fstat n\u00e1v\u0161t\u011bvn\u00edk\u016fm po cel\u00e9 l\u00e9to k\u00a0dispozici. Po n\u00e1ro\u010dn\u00e9m v\u00fd\u0161lapu jist\u011b pot\u011b\u0161\u00ed aspo\u0148 z\u00e1kladn\u00ed osv\u011b\u017een\u00ed a drobn\u00e1 sva\u010dina,\u201c<\/em> up\u0159esnil provoz na leto\u0161n\u00ed sez\u00f3nu starosta m\u011bsta Jan Bauer.<\/p>\n<p>&nbsp;<\/p>\n<h6><b>Z\u00e1m\u011br rekonstrukce prostranstv\u00ed kolem h\u0159bitova postupuje do dal\u0161\u00ed f\u00e1ze<\/b><\/h6>\n<p>Za\u010d\u00e1tkem leto\u0161n\u00edho roku se radn\u00ed sezn\u00e1mili se zpracovanou Architektonicko-dopravn\u00ed studi\u00ed, kter\u00e1 \u0159e\u0161\u00ed \u0161ir\u0161\u00ed \u00fazem\u00ed h\u0159bitova v\u010detn\u011b parkovi\u0161t\u011b a \u00fapravy dopravn\u00edho napojen\u00ed z\u00a0hlavn\u00ed komunikace II\/141. Studie je rozd\u011blena na n\u011bkolik etap a je z\u00e1kladn\u00edm podkladem pro vypracov\u00e1n\u00ed projektov\u00e9 dokumentace, na z\u00e1klad\u011b kter\u00e9 budou vy\u010d\u00edsleny skute\u010dn\u00e9 n\u00e1klady pro samotnou realizaci pl\u00e1novan\u00fdch \u00faprav.<\/p>\n<p>Aktu\u00e1ln\u011b se radn\u00ed zab\u00fdvali vyps\u00e1n\u00edm v\u00fdb\u011brov\u00e9ho \u0159\u00edzen\u00ed na vypracov\u00e1n\u00ed ve\u0159ejn\u00e9 zak\u00e1zky Kompletn\u00ed projektov\u00e1 dokumentace a in\u017een\u00fdrsk\u00e1 \u010dinnost na akci Vjezd na parkovi\u0161t\u011b, parkovi\u0161t\u011b a vstup na h\u0159bitov v Prachatic\u00edch I. a II. etapa. P\u0159edpokl\u00e1dan\u00fd term\u00edn ukon\u010den\u00ed projek\u010dn\u00edch prac\u00ed je pl\u00e1nov\u00e1n na pololet\u00ed roku 2025. I. etapa zahrnuje sjezd z komunikace II\/141 na parkovi\u0161t\u011b a samotn\u00e9 parkovi\u0161t\u011b u h\u0159bitova, II. etapa \u0159e\u0161\u00ed samotn\u00fd vstup na h\u0159bitov.<\/p>\n<p><em>\u201eC\u00edlem pl\u00e1novan\u00e9 rekonstrukce je celkov\u00e1 kultivace h\u0159bitova, \u0159e\u0161ena je tzv. nov\u00e1 \u201esekul\u00e1rn\u00ed\u201c \u010d\u00e1st h\u0159bitova a jeho p\u0159edprostor v\u010detn\u011b odstavn\u00e9 parkovac\u00ed plochy. Hlavn\u00ed ambic\u00ed cel\u00e9ho z\u00e1m\u011bru je vn\u00e9st do h\u0159bitova architektonizovan\u00fd \u0159\u00e1d a adekv\u00e1tn\u00ed d\u016fstojnost, kterou dnes st\u00e1vaj\u00edc\u00ed prostory zoufale postr\u00e1daj\u00ed. Velk\u00fd d\u016fraz je v\u00a0r\u00e1mci studie a n\u00e1sledn\u00e9 realizace kladen na cestu zem\u0159el\u00e9ho. Ta je navrhov\u00e1na tak, aby vznikalo srozumiteln\u00e9 funk\u010dn\u00ed prost\u0159ed\u00ed napl\u0148uj\u00edc\u00ed pietn\u00ed charakter,\u201c<\/em> up\u0159esnil obsah pl\u00e1novan\u00e9 rekonstrukce vych\u00e1zej\u00edc\u00ed ze zpracovan\u00e9 studie m\u00edstostarosta Jakub Nepustil.<\/p>\n<p>&nbsp;<\/p>\n<h6><b>Participativn\u00ed rozpo\u010det zn\u00e1 v\u00edt\u011bzn\u00fd n\u00e1vrh<\/b><\/h6>\n<p>Participativn\u00ed rozpo\u010det je proces zapojen\u00ed ve\u0159ejnosti do rozhodov\u00e1n\u00ed o vynalo\u017een\u00ed ur\u010dit\u00e9 \u010d\u00e1sti ve\u0159ejn\u00fdch financ\u00ed vy\u010dlen\u011bn\u00fdch z\u00a0rozpo\u010dtu m\u011bsta. V\u00a0r\u00e1mci procesu ob\u010dan\u00e9 navrhuj\u00ed, na jak\u00e9 ve\u0159ejn\u011b prosp\u011b\u0161n\u00e9 projekty bude \u010d\u00e1st financ\u00ed pou\u017eita, n\u00e1sledn\u011b o n\u00e1vrz\u00edch hlasuj\u00ed. Samotnou realizaci v\u00edt\u011bzn\u00fdch n\u00e1vrh\u016f zaji\u0161\u0165uje m\u011bsto Prachatice. Navrhovan\u00fd projekt mus\u00ed b\u00fdt investic\u00ed, opravou majetku m\u011bsta, \u010di n\u00e1kupem mobili\u00e1\u0159e.<\/p>\n<p>Na realizaci n\u00e1vrh\u016f v\u00a0r\u00e1mci participativn\u00edho rozpo\u010dtu m\u011bsto pro rok 2024 vy\u010dlenilo finan\u010dn\u00ed prost\u0159edky ve v\u00fd\u0161i 200\u00a0000 K\u010d. V\u00a0\u0159\u00e1dn\u00e9m term\u00ednu obdr\u017eelo m\u011bsto Prachatice v\u00a0leto\u0161n\u00edm roce p\u011bt n\u00e1vrh\u016f od ob\u010dan\u016f, \u010dty\u0159i z t\u011bchto n\u00e1vrh\u016f postoupily do ve\u0159ejn\u00e9ho hlasov\u00e1n\u00ed, kter\u00e9 prob\u011bhlo elektronickou formou na port\u00e1lu\u00a0<strong><a href=\"http:\/\/www.tvorime.prachatice.eu\/\" target=\"_blank\" rel=\"noopener\">www.tvorime.prachatice.eu<\/a>.<\/strong> Radn\u00ed se na pond\u011bln\u00edm jedn\u00e1n\u00ed sezn\u00e1mili s\u00a0v\u00fdsledky ve\u0159ejn\u00e9ho hlasov\u00e1n\u00ed, ve kter\u00e9m si ob\u010dan\u00e9 v\u00a0r\u00e1mci participativn\u00edho rozpo\u010dtu zvolili jako v\u00edt\u011bzn\u00fd n\u00e1vrh D\u011btsk\u00e9 hern\u00ed prvky u \u0160t\u011bp\u00e1n\u010dina parku. Odbor komun\u00e1ln\u00edch slu\u017eeb, dopravy a energetiky nyn\u00ed pracuje na zaji\u0161t\u011bn\u00ed realizace tohoto v\u00edt\u011bzn\u00e9ho n\u00e1vrhu.<\/p>\n<p><em>\u201eT\u011b\u0161\u00ed n\u00e1s z\u00e1jem ob\u010dan\u016f o zapojen\u00ed do ve\u0159ejn\u00e9ho d\u011bn\u00ed prost\u0159ednictv\u00edm participativn\u00edho rozpo\u010dtu m\u011bsta Prachatice, d\u011bkujeme jak navrhovatel\u016fm, tak hlasuj\u00edc\u00ed ve\u0159ejnosti za jejich z\u00e1jem v\u00a0r\u00e1mci ve\u0159ejn\u00e9ho financov\u00e1n\u00ed a prost\u0159ednictv\u00edm hlasov\u00e1n\u00ed ob\u010dan\u016f m\u011bsta Prachatice bychom m\u011bli v\u00a0nejbli\u017e\u0161\u00ed dob\u011b instalovat d\u011btsk\u00e9 hern\u00ed prvky do \u0160t\u011bp\u00e1n\u010dina parku,\u201c<\/em> up\u0159esnil organiza\u010dn\u00ed postup v\u00a0r\u00e1mci participativn\u00edho rozpo\u010dtu starosta Jan Bauer.<\/p>\n<p>&nbsp;<\/p>\n<p><strong>Jana HULE\u0160OV\u00c1, M\u011bsto Prachatice<\/strong><\/p>\n<hr \/>\n<p>&nbsp;<\/p>\n<h6>Informovali jsme:<\/h6>\n<h4><a href=\"https:\/\/zakrasnejsivimperk.cz\/?p=311044\" target=\"_blank\" rel=\"noopener\">JI\u017dN\u00cd \u010cECHY: Co se d\u011bje v Prachatic\u00edch. Informace o jedn\u00e1n\u00ed rady m\u011bsta \u2013 10. 6.<\/a><\/h4>\n<h4 class=\"entry-title\"><a href=\"https:\/\/zakrasnejsivimperk.cz\/?p=309241\" target=\"_blank\" rel=\"noopener\">JI\u017dN\u00cd \u010cECHY: Co se d\u011bje v Prachatic\u00edch. Informace o jedn\u00e1n\u00ed rady m\u011bsta \u2013 27. 5.<\/a><\/h4>\n<h4><a href=\"https:\/\/zakrasnejsivimperk.cz\/?p=308244\" target=\"_blank\" rel=\"noopener\">JI\u017dN\u00cd \u010cECHY: Prachatice maj\u00ed novou kv\u011btinovou v\u00fdzdobu v centru m\u011bsta<\/a><\/h4>\n<h4><a href=\"https:\/\/zakrasnejsivimperk.cz\/?p=306574\" target=\"_blank\" rel=\"noopener\">JI\u017dN\u00cd \u010cECHY: Co se d\u011bje v Prachatic\u00edch. Informace o jedn\u00e1n\u00ed rady m\u011bsta 29. 4.<\/a><\/h4>\n<h4><a href=\"https:\/\/zakrasnejsivimperk.cz\/?p=306137\" target=\"_blank\" rel=\"noopener\">JI\u017dN\u00cd \u010cECHY: Co se d\u011bje v Prachatic\u00edch. Informace o jedn\u00e1n\u00ed zastupitel\u016f 29. 4.<\/a><\/h4>\n<h4><a href=\"https:\/\/zakrasnejsivimperk.cz\/?p=306578\" target=\"_blank\" rel=\"noopener\">JI\u017dN\u00cd \u010cECHY: Uzav\u0159en\u00edm Po\u0161tovn\u00ed ulice vznikl klidn\u00fd ve\u0159ejn\u00fd prostor v centru<\/a><\/h4>\n<h4><a href=\"https:\/\/zakrasnejsivimperk.cz\/?p=299453\" target=\"_blank\" rel=\"noopener\">JI\u017dN\u00cd \u010cECHY: Prachatice op\u011bt odpust\u00ed poplatek za provozov\u00e1n\u00ed p\u0159edzahr\u00e1dek<\/a><\/h4>\n<h4><a href=\"https:\/\/zakrasnejsivimperk.cz\/?p=305487\" target=\"_blank\" rel=\"noopener\">JI\u017dN\u00cd \u010cECHY: Oprava unik\u00e1tn\u00edch slune\u010dn\u00edch hodin na Mal\u00e9m n\u00e1m\u011bst\u00ed v Prachatic\u00edch je dokon\u010dena<\/a><\/h4>\n<h4><a href=\"https:\/\/zakrasnejsivimperk.cz\/?p=303157\" target=\"_blank\" rel=\"noopener\">JI\u017dN\u00cd \u010cECHY: Prachatice v sobotu slavnostn\u011b otev\u0159ely kongresov\u00e9 centrum, jak\u00e9 Vimperk m\u016f\u017ee jen z\u00e1vid\u011bt<\/a><\/h4>\n<hr \/>\n<p>&nbsp;<\/p>\n","protected":false},"excerpt":{"rendered":"<p>&nbsp; Kiosek <\/p>\n","protected":false},"author":2,"featured_media":312430,"comment_status":"open","ping_status":"open","sticky":false,"template":"","format":"gallery","meta":{"footnotes":""},"categories":[10],"tags":[],"jetpack_featured_media_url":"https:\/\/zakrasnejsivimperk.cz\/wp-content\/uploads\/2024\/06\/27\/prachatice-060624-parkan.jpg","_links":{"self":[{"href":"https:\/\/zakrasnejsivimperk.cz\/index.php?rest_route=\/wp\/v2\/posts\/312427"}],"collection":[{"href":"https:\/\/zakrasnejsivimperk.cz\/index.php?rest_route=\/wp\/v2\/posts"}],"about":[{"href":"https:\/\/zakrasnejsivimperk.cz\/index.php?rest_route=\/wp\/v2\/types\/post"}],"author":[{"embeddable":true,"href":"https:\/\/zakrasnejsivimperk.cz\/index.php?rest_route=\/wp\/v2\/users\/2"}],"replies":[{"embeddable":true,"href":"https:\/\/zakrasnejsivimperk.cz\/index.php?rest_route=%2Fwp%2Fv2%2Fcomments&post=312427"}],"version-history":[{"count":4,"href":"https:\/\/zakrasnejsivimperk.cz\/index.php?rest_route=\/wp\/v2\/posts\/312427\/revisions"}],"predecessor-version":[{"id":312432,"href":"https:\/\/zakrasnejsivimperk.cz\/index.php?rest_route=\/wp\/v2\/posts\/312427\/revisions\/312432"}],"wp:featuredmedia":[{"embeddable":true,"href":"https:\/\/zakrasnejsivimperk.cz\/index.php?rest_route=\/wp\/v2\/media\/312430"}],"wp:attachment":[{"href":"https:\/\/zakrasnejsivimperk.cz\/index.php?rest_route=%2Fwp%2Fv2%2Fmedia&parent=312427"}],"wp:term":[{"taxonomy":"category","embeddable":true,"href":"https:\/\/zakrasnejsivimperk.cz\/index.php?rest_route=%2Fwp%2Fv2%2Fcategories&post=312427"},{"taxonomy":"post_tag","embeddable":true,"href":"https:\/\/zakrasnejsivimperk.cz\/index.php?rest_route=%2Fwp%2Fv2%2Ftags&post=312427"}],"curies":[{"name":"wp","href":"https:\/\/api.w.org\/{rel}","templated":true}]}}