{"id":312139,"date":"2024-06-25T13:47:29","date_gmt":"2024-06-25T12:47:29","guid":{"rendered":"https:\/\/zakrasnejsivimperk.cz\/?p=312139"},"modified":"2024-06-26T13:24:31","modified_gmt":"2024-06-26T12:24:31","slug":"jizni-cechy-projekt-6x5-chysta-treti-dil-do-jiznich-cech-zavita-napriklad-herec-lukas-langmajer-kreativni-duo-i-muz-roku","status":"publish","type":"post","link":"https:\/\/zakrasnejsivimperk.cz\/?p=312139","title":{"rendered":"JI\u017dN\u00cd \u010cECHY: Projekt 6&#215;5 chyst\u00e1 t\u0159et\u00ed d\u00edl. Do ji\u017en\u00edch \u010cech zav\u00edt\u00e1 nap\u0159\u00edklad herec Luk\u00e1\u0161 Langmajer, kreativn\u00ed duo i Mu\u017e roku"},"content":{"rendered":"<figure id=\"attachment_171782\" aria-describedby=\"caption-attachment-171782\" style=\"width: 1280px\" class=\"wp-caption aligncenter\"><img loading=\"lazy\" decoding=\"async\" class=\"wp-image-171782 size-full\" src=\"https:\/\/zakrasnejsivimperk.cz\/wp-content\/uploads\/2019\/09\/19\/ji\u017en\u00ed-\u010dechy-1.jpg\" alt=\"\" width=\"1280\" height=\"853\" srcset=\"https:\/\/zakrasnejsivimperk.cz\/wp-content\/uploads\/2019\/09\/19\/ji\u017en\u00ed-\u010dechy-1.jpg 1280w, https:\/\/zakrasnejsivimperk.cz\/wp-content\/uploads\/2019\/09\/19\/ji\u017en\u00ed-\u010dechy-1-300x200.jpg 300w, https:\/\/zakrasnejsivimperk.cz\/wp-content\/uploads\/2019\/09\/19\/ji\u017en\u00ed-\u010dechy-1-768x512.jpg 768w, https:\/\/zakrasnejsivimperk.cz\/wp-content\/uploads\/2019\/09\/19\/ji\u017en\u00ed-\u010dechy-1-1024x682.jpg 1024w, https:\/\/zakrasnejsivimperk.cz\/wp-content\/uploads\/2019\/09\/19\/ji\u017en\u00ed-\u010dechy-1-536x357.jpg 536w, https:\/\/zakrasnejsivimperk.cz\/wp-content\/uploads\/2019\/09\/19\/ji\u017en\u00ed-\u010dechy-1-725x483.jpg 725w\" sizes=\"(max-width: 1280px) 100vw, 1280px\" \/><figcaption id=\"caption-attachment-171782\" class=\"wp-caption-text\">Ji\u017en\u00ed \u010cechy &#8211; to je tak\u00e9 Samsonova ka\u0161na na \u010deskobud\u011bjovick\u00e9m n\u00e1m\u011bst\u00ed P\u0159emysla Otakara II.<\/figcaption><\/figure>\n<hr \/>\n<p>&nbsp;<\/p>\n<h6>\u0160est tv\u016frc\u016f kreativn\u00edho obsahu v l\u00e9t\u011b op\u011bt zav\u00edt\u00e1 do ji\u017en\u00edch \u010cech, aby p\u0159es soci\u00e1ln\u00ed s\u00edt\u011b uk\u00e1zali kr\u00e1sy regionu a p\u0159edstavili jej potenci\u00e1ln\u00edm n\u00e1v\u0161t\u011bvn\u00edk\u016fm. Letos v \u010dervenci tak doraz\u00ed t\u0159eba herec Luk\u00e1\u0161 Langmajer, b\u00fdval\u00fd Mu\u017e roku Martin Zach nebo here\u010dka Barbora Mottlov\u00e1 s partnerem. Loni projekt oslovil t\u00e9m\u011b\u0159 3 a p\u016fl milionu lid\u00ed na s\u00edt\u00edch.<\/h6>\n<p><em><img loading=\"lazy\" decoding=\"async\" class=\"size-medium wp-image-178503 alignright\" src=\"https:\/\/zakrasnejsivimperk.cz\/wp-content\/uploads\/2019\/12\/03\/ji\u017en\u00ed-\u010dechy-opravdov\u00e1-l\u00e1ska-logo-300x140.png\" alt=\"\" width=\"300\" height=\"140\" srcset=\"https:\/\/zakrasnejsivimperk.cz\/wp-content\/uploads\/2019\/12\/03\/ji\u017en\u00ed-\u010dechy-opravdov\u00e1-l\u00e1ska-logo-300x140.png 300w, https:\/\/zakrasnejsivimperk.cz\/wp-content\/uploads\/2019\/12\/03\/ji\u017en\u00ed-\u010dechy-opravdov\u00e1-l\u00e1ska-logo-768x358.png 768w, https:\/\/zakrasnejsivimperk.cz\/wp-content\/uploads\/2019\/12\/03\/ji\u017en\u00ed-\u010dechy-opravdov\u00e1-l\u00e1ska-logo-765x357.png 765w, https:\/\/zakrasnejsivimperk.cz\/wp-content\/uploads\/2019\/12\/03\/ji\u017en\u00ed-\u010dechy-opravdov\u00e1-l\u00e1ska-logo.png 960w\" sizes=\"(max-width: 300px) 100vw, 300px\" \/>\u201eJi\u017en\u00ed \u010cechy opravdu sk\u00fdtaj\u00ed neskute\u010dn\u00e9 mno\u017estv\u00ed z\u00e1\u017eitk\u016f, a to nejen pro rodiny s d\u011btmi. Nemus\u00edte za z\u00e1\u017eitky jezdit za hranice. V\u0161echno m\u00e1me tady a ji\u017en\u00ed \u010cechy jsou opravdu kouzeln\u00e9 a malebn\u00e9. Je to jedna z nejkr\u00e1sn\u011bj\u0161\u00edch oblast\u00ed, kterou na sv\u011bt\u011b zn\u00e1m. Nav\u00edc jsou tady hrozn\u011b mil\u00ed a usm\u011bvav\u00ed lid\u00e9<\/em>,\u201c vypr\u00e1v\u011bla sv\u00e9 pocity lo\u0148sk\u00e1 \u00fa\u010dastnice Michaela Tome\u0161ov\u00e1.<\/p>\n<p>Zn\u00e1m\u00e1 \u010desk\u00e1 here\u010dka byla v lo\u0148sk\u00e9m roce sou\u010d\u00e1st\u00ed projektu 6&#215;5 na druhou, kdy do ji\u017en\u00edch \u010cech v pr\u016fb\u011bhu srpna dorazilo \u0161est zn\u00e1m\u00fdch tv\u016frc\u016f obsahu na soci\u00e1ln\u00edch s\u00edt\u00edch, kte\u0159\u00ed se st\u0159\u00eddali a sv\u00fdm sleduj\u00edc\u00edm atraktivn\u00edm zp\u016fsobem nab\u00edzeli vlastn\u00ed pro\u017eitky z dev\u00edti turistick\u00fdch oblast\u00ed ji\u017en\u00edch \u010cech.<\/p>\n<p>Obsah tv\u016frc\u016f loni vid\u011blo t\u00e9m\u011b\u0159 t\u0159i a p\u016fl milionu u\u017eivatel\u016f soci\u00e1ln\u00edch s\u00edt\u00edch. Toto obrovsk\u00e9 mno\u017estv\u00ed lid\u00ed zaznamenalo inspiraci, kam vyrazit na v\u00fdlet \u010di dovolenou v ji\u017en\u00edch \u010cech\u00e1ch. Spole\u010dn\u00fdm poj\u00edtkem bylo a bude hashtag #jiznicechy nebo ozna\u010den\u00ed instagramov\u00e9ho profilu @jiznicechy. Z v\u00fdlet\u016f jednotliv\u00fdch tv\u016frc\u016f je pro n\u00e1v\u0161t\u011bvn\u00edky vytvo\u0159eno v\u00edce ne\u017e\u00a0<strong><a href=\"https:\/\/www.jiznicechy.cz\/top\/115-6x5-inspiraci-na-vylety?utm_source=TZ&amp;utm_medium=web&amp;utm_campaign=6x5+inspirace+v%C3%BDlety\" target=\"_blank\" rel=\"noopener\">t\u0159icet tip\u016f na v\u00fdlet, kter\u00e9 mohou inspirovat i v\u00e1s<\/a>.<\/strong><\/p>\n<p>\u00dasp\u011b\u0161n\u00fd projekt brzy za\u017eije dal\u0161\u00ed ro\u010dn\u00edk, tentokr\u00e1t s n\u00e1zvem 6&#215;5 na t\u0159et\u00ed. Koncept se nem\u011bn\u00ed, jin\u00e9 bude pouze obsazen\u00ed tv\u016frc\u016f obsahu a tak\u00e9 datum. M\u00edsto srpna tentokr\u00e1t osobnosti procestuj\u00ed ji\u017en\u00ed \u010cechy k\u0159\u00ed\u017eem kr\u00e1\u017eem v pr\u016fb\u011bhu \u010dervence. \u201e<em>Op\u011bt se n\u00e1m poda\u0159ilo p\u0159il\u00e1kat do ji\u017en\u00ed \u010cech atraktivn\u00ed tv\u016frce obsahu. Je to nav\u00edc takov\u00fd mix, kter\u00fd oslov\u00ed \u0161irok\u00e9 spektrum n\u00e1v\u0161t\u011bvn\u00edk\u016f. Uk\u00e1\u017eeme, \u017ee m\u00e1me co nab\u00eddnout pro r\u016fzn\u00e9 c\u00edlov\u00e9 skupiny, nebudou chyb\u011bt v\u00fdlety pro voz\u00ed\u010dk\u00e1\u0159e, motork\u00e1\u0159e, karavanisty nebo cestovatele se sv\u00fdmi ps\u00edmi par\u0165\u00e1ky.<\/em>\u201c nazna\u010dil Petr Soukup, \u0159editel po\u0159\u00e1daj\u00edc\u00ed Jiho\u010desk\u00e9 centr\u00e1ly cestovn\u00edho ruchu.<\/p>\n<p>V\u0161e zah\u00e1j\u00ed hned 1. \u010dervence zn\u00e1m\u00fd \u010desk\u00fd herec Luk\u00e1\u0161 Langmajer. Region procestuje v obyt\u0148\u00e1ku ve velk\u00e9 part\u011b kamar\u00e1d\u016f a d\u011bt\u00ed. S\u00e1m se prezentuje jako herec a tul\u00e1k, co\u017e napov\u00edd\u00e1 o zam\u011b\u0159en\u00ed jeho v\u00fdb\u011bru m\u00edst. Pomysln\u00fd \u0161tafetov\u00fd kol\u00edk po n\u011bm p\u0159evezmou Mark\u00e9ta a Magdal\u00e9na zn\u00e1me jako @czech_vibes, tedy kreativn\u00ed dvojice zab\u00fdvaj\u00edc\u00ed se freelance videem. Miluj\u00ed cestov\u00e1n\u00ed v p\u0159\u00edrod\u011b, kde se inspiruj\u00ed k tvorb\u011b.<\/p>\n<p>Z\u00e1jem o sport a k\u00e1vu zdob\u00ed motork\u00e1\u0159ku Eli\u0161ku Coufalovou, dal\u0161\u00ed tv\u016frkyni, kter\u00e1 kraj procestuje na motocyklu. N\u00e1sledovat ji bude b\u00fdval\u00fd Mu\u017e roku Martin Zach s man\u017eelkou a jejich dv\u011bma d\u011btmi. Aktivn\u00edm sportovcem z\u016fstal i po sv\u00e9m \u00farazu a prozkoum\u00e1 bezbari\u00e9rov\u00e9 mo\u017enosti regionu. Posledn\u00ed dva t\u00fddny budou pat\u0159it p\u00e1r\u016fm se \u010dty\u0159noh\u00fdmi par\u0165\u00e1ky. Nejprve to bude \u010desk\u00e1 here\u010dka Barbora Mottlov\u00e1 a jej\u00ed partner David Pleva, a mal\u00fd Chico. Program uzav\u0159ou Ka\u010dka, Patrik a zla\u0165\u00e1k Ollie, kte\u0159\u00ed sv\u00e1 dobrodru\u017estv\u00ed vtipn\u011b dokumentuj\u00ed na Instagramu a TikToku. V\u0161e bude k vid\u011bn\u00ed na profilech \u00fa\u010dastn\u00edk\u016f i profilu @jiznicechy.<\/p>\n<p>Medailonky tv\u016frc\u016f zapojen\u00fdch do projektu 6&#215;5 z ji\u017en\u00edch \u010cech na t\u0159et\u00ed:<\/p>\n<p><strong>Luk\u00e1\u0161 Langmajer, parta kamar\u00e1d\u016f s d\u011btmi &#8211; @lukaslangmajer &#8211; 1.- 6. 7.<\/strong><br \/>\nLuk\u00e1\u0161 je \u010desk\u00fd herec zn\u00e1m\u00fd sv\u00fdmi rolemi v divadle i filmu. Sv\u016fj \u017eivot ne\u017eije jen na sc\u00e9n\u011b, ale tak\u00e9 jako v\u00e1\u0161niv\u00fd cestovatel a milovn\u00edk dobrodru\u017estv\u00ed. Ji\u017en\u00ed \u010cechy prozkoum\u00e1 v obyt\u0148\u00e1ku ve velk\u00e9 part\u011b sv\u00fdch kamar\u00e1d\u016f a d\u011bt\u00ed. A jak se s\u00e1m prezentuje?: &#8220;Herec a tul\u00e1k. Miluje dobrodru\u017estv\u00ed, a\u0165 ta, kter\u00e1 jsou na louce za domem, nebo cestou po Evrop\u011b. Hled\u00e1me komfort v nekomfortu, hled\u00e1me nov\u00e9 cesty i tam, kde u\u017e nejsou. Bloud\u00edme, abychom nach\u00e1zeli nov\u00e9 objevy na cest\u011b i v n\u00e1s. Bav\u00ed n\u00e1s v\u0161echno, hlavn\u011b, kdy\u017e jsme spolu. Jsme rodina a v n\u00ed je na\u0161e s\u00edla.&#8221;<\/p>\n<p><strong>Mark\u00e9ta Pol\u00e1\u0161kov\u00e1 a Magdal\u00e9na Fukanov\u00e1 &#8211; @czech_vibes &#8211; 6. &#8211; 11. 7.\u00a0<\/strong><br \/>\nFreelance video a foto kreativn\u00ed duo Mark\u00e9ta a Magdal\u00e9na miluj\u00ed cestov\u00e1n\u00ed, zejm\u00e9na v p\u0159\u00edrod\u011b, kde tvo\u0159\u00ed v\u011bt\u0161inu sv\u00fdch projekt\u016f \u2013 od hudebn\u00edch videoklip\u016f a\u017e po propaga\u010dn\u00ed videa pro turistick\u00e9 destinace. Cestov\u00e1n\u00ed pro n\u011b znamen\u00e1 objevov\u00e1n\u00ed p\u0159\u00edrodn\u00edch kr\u00e1s, kter\u00e9 je inspiruj\u00ed k tvorb\u011b. Jejich pr\u00e1ce je v\u017edy dopln\u011bna poutav\u00fdm storytellingem, kdy prost\u0159ednictv\u00edm vizu\u00e1ln\u00edho obsahu vypr\u00e1v\u011bj\u00ed \u201cp\u0159\u00edb\u011bhy\u201d. Ji\u017en\u00ed \u010cechy znaj\u00ed dob\u0159e, ale tentokr\u00e1t se vydaj\u00ed na m\u00edsta, kter\u00e1 je\u0161t\u011b stoj\u00ed za prozkoum\u00e1n\u00ed.<\/p>\n<p><strong>Eli\u0161ka Coufalov\u00e1 &#8211; @celiska &#8211; 11. &#8211; 16. 7.<\/strong><br \/>\nEli\u0161ka u\u017e od mal\u00e9ho \u0161kvrn\u011bte s rodi\u010di a bratrem cestovala po kr\u00e1s\u00e1ch \u010cech, aby poznala, \u201cco m\u00e1me na t\u00e9 na\u0161\u00ed rodn\u00e9 hroud\u011b.\u201d Miluje tvo\u0159en\u00ed edukativn\u00edho obsahu o motocyklech, p\u0159\u00edrodu, sport, zaj\u00edmav\u00e1 m\u00edsta, gastro podniky a hlavn\u011b k\u00e1vu&#8230; hodn\u011b k\u00e1vy. Eli\u0161ka pracuje jako motoinstruktorka a motocyklov\u00e1 novin\u00e1\u0159ka. Ji\u017en\u00ed \u010cechy proto bude objevovat ze sedla motocyklu, \u010d\u00edm\u017e skv\u011ble propoj\u00ed svou v\u00e1\u0161e\u0148 k j\u00edzd\u011b na motorce se z\u00e1jmem o sport a gastronomii.<\/p>\n<p><strong>Martin Zach, man\u017eelka a dv\u011b d\u011bti &#8211; @martinzachofficial &#8211; 16. &#8211; 21. 7.<\/strong><br \/>\nMartin, b\u00fdval\u00fd Mu\u017e roku, jeho\u017e \u017eivot se zm\u011bnil p\u0159ed 15 lety, kdy\u017e si p\u0159i skoku do vody na ly\u017e\u00edch poranil kr\u010dn\u00ed p\u00e1te\u0159 a byl upout\u00e1n na voz\u00edk. P\u0159ed \u00farazem byl aktivn\u00edm sportovcem a ani pot\u00e9 se nevzdal sv\u00e9 v\u00e1\u0161n\u011b pro pohyb. Dnes v\u011bnuje nejv\u00edce energie sv\u00fdm d\u011btem \u2013 p\u011btilet\u00e9mu synovi a dvouap\u016fllet\u00e9 dce\u0159i. Miluje j\u00edzdu na handbiku a sout\u011b\u017e\u00ed v paraatletick\u00e9 discipl\u00edn\u011b hodu ku\u017eelkou. Jeho srdce pat\u0159\u00ed i cestov\u00e1n\u00ed. V ji\u017en\u00edch \u010cech\u00e1ch ov\u011b\u0159\u00ed bezbari\u00e9rov\u00e9 mo\u017enosti a vy\u017eit\u00ed pro rodiny s d\u011btmi.<\/p>\n<p><strong>Barbora Mottlov\u00e1, David Pleva + pes &#8211; @bara_mottlova, @david_pleva &#8211; 21. &#8211; 26. 7.<\/strong><br \/>\nBarbora je \u010desk\u00e1 here\u010dka, zp\u011bva\u010dka, modelka a moder\u00e1torka. Za\u010d\u00ednala jako modelka, ale pozd\u011bji se vrhla do herectv\u00ed. M\u016f\u017eete ji zn\u00e1t z televizn\u00edch seri\u00e1l\u016f jako &#8220;Ordinace v r\u016f\u017eov\u00e9 zahrad\u011b&#8221;, &#8220;Ulice&#8221; nebo &#8220;Cesty dom\u016f&#8221;. Barbora je proslul\u00e1 svou energi\u00ed a charismatem, kter\u00e9 p\u0159in\u00e1\u0161\u00ed do sv\u00fdch rol\u00ed. Do ji\u017en\u00edch \u010cech doraz\u00ed se sv\u00fdm partnerem Davidem, kter\u00fd posiluje od sv\u00fdch 12 let, a te\u010f pracuje jako osobn\u00ed tren\u00e9r a instruktor fitboxu, TRX a kruhov\u00fdch tr\u00e9nink\u016f. David se m\u016f\u017ee pochlubit 2. m\u00edstem na mistrovstv\u00ed Evropy v natur\u00e1ln\u00ed kulturistice a 3. m\u00edstem na sv\u011btov\u00e9 sout\u011b\u017ei Men Super Model World. Oba miluj\u00ed aktivn\u00ed dovolenou a p\u0159\u00edrodu. Svoji n\u00e1v\u0161t\u011bvu ji\u017en\u00edch \u010cech spoj\u00ed i s gastroz\u00e1\u017eitky a uk\u00e1\u017eou, jak lze tr\u00e1vit voln\u00fd \u010das v na\u0161em regionu ve dvou.<\/p>\n<p><strong>Ka\u010dka, Patrik a Ollie (pes) &#8211; @kate_a_ollie &#8211; 26. &#8211; 31. 7.<\/strong><br \/>\nKa\u010dka a jej\u00ed p\u0159\u00edtel Patrik miluj\u00ed cestov\u00e1n\u00ed a jejich v\u011brn\u00e9ho zla\u0165\u00e1ka Ollieho berou v\u0161ude, kde to jen jde. Sv\u00e9 dobrodru\u017estv\u00ed vtipn\u011b dokumentuj\u00ed na Instagramu a TikToku. V\u0161ichni t\u0159i r\u00e1di podnikaj\u00ed v\u00fdlety do p\u0159\u00edrody nebo si u\u017e\u00edvaj\u00ed posezen\u00ed v m\u011bstsk\u00fdch kav\u00e1rn\u00e1ch. V ji\u017en\u00edch \u010cech\u00e1ch byli Ka\u010dka s Patrikem zat\u00edm jen jednou, a to bez Ollieho, pro kter\u00e9ho bude tato n\u00e1v\u0161t\u011bva premi\u00e9rou. T\u011b\u0161\u00ed se na objevov\u00e1n\u00ed dogfriendly m\u00edst a uk\u00e1\u017eou, \u017ee ji\u017en\u00ed \u010cechy jsou skv\u011blou destinac\u00ed pro cestov\u00e1n\u00ed se \u010dty\u0159noh\u00fdm par\u0165\u00e1kem.<\/p>\n<p>&nbsp;<\/p>\n<p><strong>Text a foto: (tz-jccr)<\/strong><\/p>\n<p>&nbsp;<\/p>\n<figure id=\"attachment_312144\" aria-describedby=\"caption-attachment-312144\" style=\"width: 1040px\" class=\"wp-caption aligncenter\"><img loading=\"lazy\" decoding=\"async\" class=\"wp-image-312144 size-full\" src=\"https:\/\/zakrasnejsivimperk.cz\/wp-content\/uploads\/2024\/06\/25\/Martin_Zach.jpg\" alt=\"\" width=\"1040\" height=\"780\" srcset=\"https:\/\/zakrasnejsivimperk.cz\/wp-content\/uploads\/2024\/06\/25\/Martin_Zach.jpg 1040w, https:\/\/zakrasnejsivimperk.cz\/wp-content\/uploads\/2024\/06\/25\/Martin_Zach-300x225.jpg 300w, https:\/\/zakrasnejsivimperk.cz\/wp-content\/uploads\/2024\/06\/25\/Martin_Zach-1024x768.jpg 1024w, https:\/\/zakrasnejsivimperk.cz\/wp-content\/uploads\/2024\/06\/25\/Martin_Zach-768x576.jpg 768w, https:\/\/zakrasnejsivimperk.cz\/wp-content\/uploads\/2024\/06\/25\/Martin_Zach-476x357.jpg 476w, https:\/\/zakrasnejsivimperk.cz\/wp-content\/uploads\/2024\/06\/25\/Martin_Zach-644x483.jpg 644w\" sizes=\"(max-width: 1040px) 100vw, 1040px\" \/><figcaption id=\"caption-attachment-312144\" class=\"wp-caption-text\">Martin Zach, man\u017eelka a dv\u011b d\u011bti<\/figcaption><\/figure>\n<p>&nbsp;<\/p>\n<figure id=\"attachment_312143\" aria-describedby=\"caption-attachment-312143\" style=\"width: 1040px\" class=\"wp-caption aligncenter\"><img loading=\"lazy\" decoding=\"async\" class=\"wp-image-312143 size-full\" src=\"https:\/\/zakrasnejsivimperk.cz\/wp-content\/uploads\/2024\/06\/25\/Czech_Vibes.jpg\" alt=\"\" width=\"1040\" height=\"762\" srcset=\"https:\/\/zakrasnejsivimperk.cz\/wp-content\/uploads\/2024\/06\/25\/Czech_Vibes.jpg 1040w, https:\/\/zakrasnejsivimperk.cz\/wp-content\/uploads\/2024\/06\/25\/Czech_Vibes-300x220.jpg 300w, https:\/\/zakrasnejsivimperk.cz\/wp-content\/uploads\/2024\/06\/25\/Czech_Vibes-1024x750.jpg 1024w, https:\/\/zakrasnejsivimperk.cz\/wp-content\/uploads\/2024\/06\/25\/Czech_Vibes-768x563.jpg 768w, https:\/\/zakrasnejsivimperk.cz\/wp-content\/uploads\/2024\/06\/25\/Czech_Vibes-487x357.jpg 487w, https:\/\/zakrasnejsivimperk.cz\/wp-content\/uploads\/2024\/06\/25\/Czech_Vibes-659x483.jpg 659w\" sizes=\"(max-width: 1040px) 100vw, 1040px\" \/><figcaption id=\"caption-attachment-312143\" class=\"wp-caption-text\">Mark\u00e9ta Pol\u00e1\u0161kov\u00e1 a Magdal\u00e9na Fukanov\u00e1<\/figcaption><\/figure>\n<p>&nbsp;<\/p>\n<figure id=\"attachment_312142\" aria-describedby=\"caption-attachment-312142\" style=\"width: 1040px\" class=\"wp-caption aligncenter\"><img loading=\"lazy\" decoding=\"async\" class=\"wp-image-312142 size-full\" src=\"https:\/\/zakrasnejsivimperk.cz\/wp-content\/uploads\/2024\/06\/25\/Eliska_Coufalova.jpg\" alt=\"\" width=\"1040\" height=\"694\" srcset=\"https:\/\/zakrasnejsivimperk.cz\/wp-content\/uploads\/2024\/06\/25\/Eliska_Coufalova.jpg 1040w, https:\/\/zakrasnejsivimperk.cz\/wp-content\/uploads\/2024\/06\/25\/Eliska_Coufalova-300x200.jpg 300w, https:\/\/zakrasnejsivimperk.cz\/wp-content\/uploads\/2024\/06\/25\/Eliska_Coufalova-1024x683.jpg 1024w, https:\/\/zakrasnejsivimperk.cz\/wp-content\/uploads\/2024\/06\/25\/Eliska_Coufalova-768x512.jpg 768w, https:\/\/zakrasnejsivimperk.cz\/wp-content\/uploads\/2024\/06\/25\/Eliska_Coufalova-535x357.jpg 535w, https:\/\/zakrasnejsivimperk.cz\/wp-content\/uploads\/2024\/06\/25\/Eliska_Coufalova-724x483.jpg 724w\" sizes=\"(max-width: 1040px) 100vw, 1040px\" \/><figcaption id=\"caption-attachment-312142\" class=\"wp-caption-text\">Eli\u0161ka Coufalov\u00e1<\/figcaption><\/figure>\n<p>&nbsp;<\/p>\n<figure id=\"attachment_312141\" aria-describedby=\"caption-attachment-312141\" style=\"width: 1040px\" class=\"wp-caption aligncenter\"><img loading=\"lazy\" decoding=\"async\" class=\"wp-image-312141 size-full\" src=\"https:\/\/zakrasnejsivimperk.cz\/wp-content\/uploads\/2024\/06\/25\/Kate_a_Ollie_autor_Adela_Smetankova.jpg\" alt=\"\" width=\"1040\" height=\"1560\" srcset=\"https:\/\/zakrasnejsivimperk.cz\/wp-content\/uploads\/2024\/06\/25\/Kate_a_Ollie_autor_Adela_Smetankova.jpg 1040w, https:\/\/zakrasnejsivimperk.cz\/wp-content\/uploads\/2024\/06\/25\/Kate_a_Ollie_autor_Adela_Smetankova-200x300.jpg 200w, https:\/\/zakrasnejsivimperk.cz\/wp-content\/uploads\/2024\/06\/25\/Kate_a_Ollie_autor_Adela_Smetankova-683x1024.jpg 683w, https:\/\/zakrasnejsivimperk.cz\/wp-content\/uploads\/2024\/06\/25\/Kate_a_Ollie_autor_Adela_Smetankova-768x1152.jpg 768w, https:\/\/zakrasnejsivimperk.cz\/wp-content\/uploads\/2024\/06\/25\/Kate_a_Ollie_autor_Adela_Smetankova-1024x1536.jpg 1024w, https:\/\/zakrasnejsivimperk.cz\/wp-content\/uploads\/2024\/06\/25\/Kate_a_Ollie_autor_Adela_Smetankova-238x357.jpg 238w, https:\/\/zakrasnejsivimperk.cz\/wp-content\/uploads\/2024\/06\/25\/Kate_a_Ollie_autor_Adela_Smetankova-322x483.jpg 322w\" sizes=\"(max-width: 1040px) 100vw, 1040px\" \/><figcaption id=\"caption-attachment-312141\" class=\"wp-caption-text\">Ka\u010dka, Patrik a Ollie (pes)<\/figcaption><\/figure>\n<p>&nbsp;<\/p>\n<figure id=\"attachment_312140\" aria-describedby=\"caption-attachment-312140\" style=\"width: 1040px\" class=\"wp-caption aligncenter\"><img loading=\"lazy\" decoding=\"async\" class=\"wp-image-312140 size-full\" src=\"https:\/\/zakrasnejsivimperk.cz\/wp-content\/uploads\/2024\/06\/25\/Lukas_Langmajer.jpg\" alt=\"\" width=\"1040\" height=\"1040\" srcset=\"https:\/\/zakrasnejsivimperk.cz\/wp-content\/uploads\/2024\/06\/25\/Lukas_Langmajer.jpg 1040w, https:\/\/zakrasnejsivimperk.cz\/wp-content\/uploads\/2024\/06\/25\/Lukas_Langmajer-300x300.jpg 300w, https:\/\/zakrasnejsivimperk.cz\/wp-content\/uploads\/2024\/06\/25\/Lukas_Langmajer-1024x1024.jpg 1024w, https:\/\/zakrasnejsivimperk.cz\/wp-content\/uploads\/2024\/06\/25\/Lukas_Langmajer-150x150.jpg 150w, https:\/\/zakrasnejsivimperk.cz\/wp-content\/uploads\/2024\/06\/25\/Lukas_Langmajer-768x768.jpg 768w, https:\/\/zakrasnejsivimperk.cz\/wp-content\/uploads\/2024\/06\/25\/Lukas_Langmajer-357x357.jpg 357w, https:\/\/zakrasnejsivimperk.cz\/wp-content\/uploads\/2024\/06\/25\/Lukas_Langmajer-483x483.jpg 483w, https:\/\/zakrasnejsivimperk.cz\/wp-content\/uploads\/2024\/06\/25\/Lukas_Langmajer-210x210.jpg 210w\" sizes=\"(max-width: 1040px) 100vw, 1040px\" \/><figcaption id=\"caption-attachment-312140\" class=\"wp-caption-text\">Luk\u00e1\u0161 Langmajer, parta kamar\u00e1d\u016f s d\u011btmi<\/figcaption><\/figure>\n<p>&nbsp;<\/p>\n<figure id=\"attachment_312145\" aria-describedby=\"caption-attachment-312145\" style=\"width: 1040px\" class=\"wp-caption aligncenter\"><img loading=\"lazy\" decoding=\"async\" class=\"wp-image-312145 size-full\" src=\"https:\/\/zakrasnejsivimperk.cz\/wp-content\/uploads\/2024\/06\/25\/Barbora_Mottlova_a_David_Pleva.jpg\" alt=\"\" width=\"1040\" height=\"1387\" srcset=\"https:\/\/zakrasnejsivimperk.cz\/wp-content\/uploads\/2024\/06\/25\/Barbora_Mottlova_a_David_Pleva.jpg 1040w, https:\/\/zakrasnejsivimperk.cz\/wp-content\/uploads\/2024\/06\/25\/Barbora_Mottlova_a_David_Pleva-225x300.jpg 225w, https:\/\/zakrasnejsivimperk.cz\/wp-content\/uploads\/2024\/06\/25\/Barbora_Mottlova_a_David_Pleva-768x1024.jpg 768w, https:\/\/zakrasnejsivimperk.cz\/wp-content\/uploads\/2024\/06\/25\/Barbora_Mottlova_a_David_Pleva-268x357.jpg 268w, https:\/\/zakrasnejsivimperk.cz\/wp-content\/uploads\/2024\/06\/25\/Barbora_Mottlova_a_David_Pleva-362x483.jpg 362w\" sizes=\"(max-width: 1040px) 100vw, 1040px\" \/><figcaption id=\"caption-attachment-312145\" class=\"wp-caption-text\">Barbora Mottlov\u00e1, David Pleva + pes<\/figcaption><\/figure>\n<hr \/>\n<p>&nbsp;<\/p>\n","protected":false},"excerpt":{"rendered":"<p>&nbsp; \u0160est <\/p>\n","protected":false},"author":2,"featured_media":312148,"comment_status":"open","ping_status":"open","sticky":false,"template":"","format":"gallery","meta":{"footnotes":""},"categories":[72,107],"tags":[],"jetpack_featured_media_url":"https:\/\/zakrasnejsivimperk.cz\/wp-content\/uploads\/2024\/06\/25\/ram-projekt.jpg","_links":{"self":[{"href":"https:\/\/zakrasnejsivimperk.cz\/index.php?rest_route=\/wp\/v2\/posts\/312139"}],"collection":[{"href":"https:\/\/zakrasnejsivimperk.cz\/index.php?rest_route=\/wp\/v2\/posts"}],"about":[{"href":"https:\/\/zakrasnejsivimperk.cz\/index.php?rest_route=\/wp\/v2\/types\/post"}],"author":[{"embeddable":true,"href":"https:\/\/zakrasnejsivimperk.cz\/index.php?rest_route=\/wp\/v2\/users\/2"}],"replies":[{"embeddable":true,"href":"https:\/\/zakrasnejsivimperk.cz\/index.php?rest_route=%2Fwp%2Fv2%2Fcomments&post=312139"}],"version-history":[{"count":2,"href":"https:\/\/zakrasnejsivimperk.cz\/index.php?rest_route=\/wp\/v2\/posts\/312139\/revisions"}],"predecessor-version":[{"id":312147,"href":"https:\/\/zakrasnejsivimperk.cz\/index.php?rest_route=\/wp\/v2\/posts\/312139\/revisions\/312147"}],"wp:featuredmedia":[{"embeddable":true,"href":"https:\/\/zakrasnejsivimperk.cz\/index.php?rest_route=\/wp\/v2\/media\/312148"}],"wp:attachment":[{"href":"https:\/\/zakrasnejsivimperk.cz\/index.php?rest_route=%2Fwp%2Fv2%2Fmedia&parent=312139"}],"wp:term":[{"taxonomy":"category","embeddable":true,"href":"https:\/\/zakrasnejsivimperk.cz\/index.php?rest_route=%2Fwp%2Fv2%2Fcategories&post=312139"},{"taxonomy":"post_tag","embeddable":true,"href":"https:\/\/zakrasnejsivimperk.cz\/index.php?rest_route=%2Fwp%2Fv2%2Ftags&post=312139"}],"curies":[{"name":"wp","href":"https:\/\/api.w.org\/{rel}","templated":true}]}}