{"id":311044,"date":"2024-06-17T20:11:27","date_gmt":"2024-06-17T19:11:27","guid":{"rendered":"https:\/\/zakrasnejsivimperk.cz\/?p=311044"},"modified":"2024-06-17T20:11:27","modified_gmt":"2024-06-17T19:11:27","slug":"jizni-cechy-co-se-deje-v-prachaticich-informace-o-jednani-rady-mesta-10-6","status":"publish","type":"post","link":"https:\/\/zakrasnejsivimperk.cz\/?p=311044","title":{"rendered":"JI\u017dN\u00cd \u010cECHY: Co se d\u011bje v Prachatic\u00edch. Informace o jedn\u00e1n\u00ed rady m\u011bsta \u2013 10. 6."},"content":{"rendered":"<figure id=\"attachment_311045\" aria-describedby=\"caption-attachment-311045\" style=\"width: 1100px\" class=\"wp-caption aligncenter\"><img loading=\"lazy\" decoding=\"async\" class=\"wp-image-311045 size-full\" src=\"https:\/\/zakrasnejsivimperk.cz\/wp-content\/uploads\/2024\/06\/14\/pt-stara-radnice.jpg\" alt=\"\" width=\"1100\" height=\"732\" srcset=\"https:\/\/zakrasnejsivimperk.cz\/wp-content\/uploads\/2024\/06\/14\/pt-stara-radnice.jpg 1100w, https:\/\/zakrasnejsivimperk.cz\/wp-content\/uploads\/2024\/06\/14\/pt-stara-radnice-300x200.jpg 300w, https:\/\/zakrasnejsivimperk.cz\/wp-content\/uploads\/2024\/06\/14\/pt-stara-radnice-1024x681.jpg 1024w, https:\/\/zakrasnejsivimperk.cz\/wp-content\/uploads\/2024\/06\/14\/pt-stara-radnice-768x511.jpg 768w, https:\/\/zakrasnejsivimperk.cz\/wp-content\/uploads\/2024\/06\/14\/pt-stara-radnice-536x357.jpg 536w, https:\/\/zakrasnejsivimperk.cz\/wp-content\/uploads\/2024\/06\/14\/pt-stara-radnice-726x483.jpg 726w\" sizes=\"(max-width: 1100px) 100vw, 1100px\" \/><figcaption id=\"caption-attachment-311045\" class=\"wp-caption-text\">Prachatice &#8211; Velk\u00e9 n\u00e1m\u011bst\u00ed se Starou radnic\u00ed a Novou radnic\u00ed \/ Foto: (red) &#8211; Za kr\u00e1sn\u011bj\u0161\u00ed Vimperk<\/figcaption><\/figure>\n<hr \/>\n<p>&nbsp;<\/p>\n<h6><b>Stoupaj\u00edc\u00ed \u00fasek\u00a0 Singltreku Prachatice zn\u00e1 sv\u00e9ho dodavatele<\/b><\/h6>\n<p>Koncem kv\u011btna vypsal Odbor komun\u00e1ln\u00edch slu\u017eeb, dopravy a energetiky v prost\u0159ed\u00ed elektronick\u00e9ho n\u00e1stroje Tender Arena v\u00fdb\u011brov\u00e9 \u0159\u00edzen\u00ed k pod\u00e1n\u00ed nab\u00eddky na pln\u011bn\u00ed zak\u00e1zky mal\u00e9ho rozsahu III. kategorie. P\u0159edm\u011btem t\u00e9to v\u00fdzvy bylo \u201eZ\u0159\u00edzen\u00ed lesn\u00edho chodn\u00edku Singltrek Prachatice-Stoupaj\u00edc\u00ed \u00fasek\u201c na pozemku p.\u010d. 970\/3. Stanoven\u00fdm krit\u00e9riem pro hodnocen\u00ed nab\u00eddek byla nejni\u017e\u0161\u00ed cenov\u00e1 nab\u00eddka v\u010detn\u011b DPH.<\/p>\n<p>V \u0159\u00e1dn\u00e9m term\u00ednu podali nab\u00eddku 2 z\u00e1jemci, hodnot\u00edc\u00ed komise dne 4. \u010dervna 2024 na z\u00e1klad\u011b p\u0159edlo\u017een\u00fdch nab\u00eddek a jejich obsahu vybrala jako nejv\u00fdhodn\u011bj\u0161\u00ed nab\u00eddku uchaze\u010de firmu AGROMA PT, s.r.o. Zdenice, kter\u00fd podal nejni\u017e\u0161\u00ed cenovou nab\u00eddku ve v\u00fd\u0161i 1,36 mil. v\u010detn\u011b DPH. Na uvedenou akci byla letos v dubnu ze strany m\u011bsta Prachatice pod\u00e1na \u017e\u00e1dost o dotaci od MAS \u0160umavsko, aktu\u00e1ln\u011b \u010dek\u00e1 veden\u00ed m\u011bsta Prachatice na jej\u00ed vyhodnocen\u00ed.<\/p>\n<p><em>\u201eJsme r\u00e1di, \u017ee budeme moci n\u00e1v\u0161t\u011bvn\u00edk\u016fm Prachatic a okol\u00ed nab\u00eddnout dal\u0161\u00ed \u00fasek Singltrek\u016f, tentokr\u00e1te stoupac\u00ed pruh, kter\u00fd umo\u017en\u00ed zokruhovat dosud vybudovan\u00e9 singltreky. N\u00e1sledn\u011b bychom se r\u00e1di pustili do dal\u0161\u00edch nov\u00fdch sjezdov\u00fdch trast, kdy obliba tohoto sportu je st\u00e1le na vzestupu. Nav\u00edc zde v\u00a0Prachatic\u00edch je cel\u00e1 \u0159ada fanou\u0161k\u016f cyklistiky a my bychom jim r\u00e1di nab\u00eddli pestr\u00e9 mo\u017enosti vy\u017eit\u00ed,\u201c<\/em> up\u0159esnil dal\u0161\u00ed kroky starosta m\u011bsta Jan Bauer.<\/p>\n<p>&nbsp;<\/p>\n<h6><b>Z\u00e1kladn\u00ed \u0161koly v\u00a0Prachatic\u00edch modernizuj\u00ed vybaven\u00ed<\/b><\/h6>\n<p>Jednotliv\u00e9 z\u00e1kladn\u00ed \u0161koly intenzivn\u011b pracuj\u00ed na modernizaci sv\u00fdch za\u0159\u00edzen\u00ed a sou\u010dasn\u011b vyhled\u00e1vaj\u00ed extern\u00ed zdroje na financov\u00e1n\u00ed t\u011bchto z\u00e1m\u011br\u016f. Z\u0160 a MM\u0160 Prachatice, N\u00e1rodn\u00ed 1018 p\u0159edlo\u017eila radn\u00edm projekt rekonstrukce laborato\u0159e chemie, na kter\u00fd z\u00edskala dotaci z\u00a0Opera\u010dn\u00edho programu IROP ve v\u00fd\u0161i 1,97 mil. K\u010d. P\u0159edm\u011btem rekonstrukce je kompletn\u00ed renovace prostor odborn\u00e9 u\u010debny laborato\u0159e chemie, c\u00edlem renovace je podpo\u0159it z\u00e1jem student\u016f o v\u00fduku technick\u00fdch p\u0159edm\u011bt\u016f na z\u00e1kladn\u00ed \u0161kole. Tyto prostory nebyly studenty pou\u017e\u00edv\u00e1ny z d\u016fvodu \u0161patn\u00e9ho technick\u00e9ho stavu, nevyhovuj\u00edc\u00edm prostorov\u00fdm podm\u00ednk\u00e1m a zastaral\u00e9mu vybaven\u00ed, kter\u00e9 neodpov\u00edd\u00e1 sou\u010dasn\u00fdm trend\u016fm p\u0159i v\u00fduce. Sou\u010d\u00e1st\u00ed rekonstrukce jsou stavebn\u00ed pr\u00e1ce t\u00fdkaj\u00edc\u00ed se rozvod\u016f odpad\u016f, vody a elekt\u0159iny, bude polo\u017eena nov\u00e1 podlaha, dojde k \u00faprav\u011b zd\u00ed a bude po\u0159\u00edzeno nov\u00e9 vybaven\u00ed laborato\u0159e v\u010detn\u011b n\u00e1bytku. Samotn\u00e9 realizaci bude p\u0159edch\u00e1zet v\u00fdb\u011brov\u00e9 \u0159\u00edzen\u00ed. Rekonstrukce je pl\u00e1nov\u00e1na na obdob\u00ed \u010dervenec &#8211; srpen 2024 v\u00a0n\u00e1vaznosti na term\u00edn dokon\u010den\u00e9ho v\u00fdb\u011brov\u00e9ho \u0159\u00edzen\u00ed. Radn\u00ed odsouhlasili p\u0159edfinancov\u00e1n\u00ed projektu ve v\u00fd\u0161i 1,97 mil. K\u010d v\u010d. DPH s n\u00e1sledn\u00fdm dofinancov\u00e1n\u00edm ve v\u00fd\u0161i 0,54 mil. K\u010d v\u010detn\u011b DPH.<\/p>\n<p>Z\u0160 Prachatice, Zlat\u00e1 stezka 240 bude aktu\u00e1ln\u011b pod\u00e1vat \u017e\u00e1dost o dotaci na sn\u00ed\u017een\u00ed energetick\u00e9 n\u00e1ro\u010dnosti gastro provozu ve \u0161koln\u00ed j\u00eddeln\u011b do v\u00fdzvy Opera\u010dn\u00edho programu \u017divotn\u00edho prost\u0159ed\u00ed v\u00a0sekci Energetick\u00e9 \u00faspory ve ve\u0159ejn\u00e9 infrastruktu\u0159e. Z\u0160 Prachatice, Vod\u0148ansk\u00e1 287 zah\u00e1j\u00ed rekonstrukci gastro provozu ji\u017e 25. \u010dervna leto\u0161n\u00edho roku.<\/p>\n<p>V\u00a0r\u00e1mci majetkov\u00fdch ot\u00e1zek podpo\u0159ili radn\u00ed po\u0159\u00e1d\u00e1n\u00ed d\u011btsk\u00e9ho dne v Osek\u00e1ch, kter\u00fd se uskute\u010dn\u00ed dne 5. \u010dervence a kon\u00e1n\u00ed 31. ro\u010dn\u00edku &#8211; FEFR CUP, kter\u00fd se uskute\u010dn\u00ed 27. \u010dervence a jeho\u017e sou\u010d\u00e1st\u00ed je turnaj v nohejbalu a setk\u00e1n\u00ed ob\u010dan\u016f osad Lib\u00ednsk\u00e9 Sedlo, Perlovice, Volovice. Dan\u00e9 aktivity zlep\u0161uj\u00ed a obohacuj\u00ed n\u00e1\u0161 spole\u010densk\u00fd \u017eivot i sousedsk\u00e9 vztahy. V\u00e1\u017e\u00edme si ochoty pro svou obec a m\u011bsto n\u011bco d\u011blat a energie organiz\u00e1tor\u016f. V\u011b\u0159\u00edme, \u017ee tou nejv\u011bt\u0161\u00ed odm\u011bnou jim bude vysok\u00e1 \u00fa\u010dast.<\/p>\n<p>&nbsp;<\/p>\n<p><strong>Jana HULE\u0160OV\u00c1, M\u011bsto Prachatice<\/strong><\/p>\n<hr \/>\n<p>&nbsp;<\/p>\n<h6>Informovali jsme:<\/h6>\n<h4 class=\"entry-title\"><a href=\"https:\/\/zakrasnejsivimperk.cz\/?p=309241\" target=\"_blank\" rel=\"noopener\">JI\u017dN\u00cd \u010cECHY: Co se d\u011bje v Prachatic\u00edch. Informace o jedn\u00e1n\u00ed rady m\u011bsta \u2013 27. 5.<\/a><\/h4>\n<h4><a href=\"https:\/\/zakrasnejsivimperk.cz\/?p=308244\" target=\"_blank\" rel=\"noopener\">JI\u017dN\u00cd \u010cECHY: Prachatice maj\u00ed novou kv\u011btinovou v\u00fdzdobu v centru m\u011bsta<\/a><\/h4>\n<h4><a href=\"https:\/\/zakrasnejsivimperk.cz\/?p=306574\" target=\"_blank\" rel=\"noopener\">JI\u017dN\u00cd \u010cECHY: Co se d\u011bje v Prachatic\u00edch. Informace o jedn\u00e1n\u00ed rady m\u011bsta 29. 4.<\/a><\/h4>\n<h4><a href=\"https:\/\/zakrasnejsivimperk.cz\/?p=306137\" target=\"_blank\" rel=\"noopener\">JI\u017dN\u00cd \u010cECHY: Co se d\u011bje v Prachatic\u00edch. Informace o jedn\u00e1n\u00ed zastupitel\u016f 29. 4.<\/a><\/h4>\n<h4><a href=\"https:\/\/zakrasnejsivimperk.cz\/?p=306578\" target=\"_blank\" rel=\"noopener\">JI\u017dN\u00cd \u010cECHY: Uzav\u0159en\u00edm Po\u0161tovn\u00ed ulice vznikl klidn\u00fd ve\u0159ejn\u00fd prostor v centru<\/a><\/h4>\n<h4><a href=\"https:\/\/zakrasnejsivimperk.cz\/?p=299453\" target=\"_blank\" rel=\"noopener\">JI\u017dN\u00cd \u010cECHY: Prachatice op\u011bt odpust\u00ed poplatek za provozov\u00e1n\u00ed p\u0159edzahr\u00e1dek<\/a><\/h4>\n<h4><a href=\"https:\/\/zakrasnejsivimperk.cz\/?p=305487\" target=\"_blank\" rel=\"noopener\">JI\u017dN\u00cd \u010cECHY: Oprava unik\u00e1tn\u00edch slune\u010dn\u00edch hodin na Mal\u00e9m n\u00e1m\u011bst\u00ed v Prachatic\u00edch je dokon\u010dena<\/a><\/h4>\n<h4><a href=\"https:\/\/zakrasnejsivimperk.cz\/?p=303157\" target=\"_blank\" rel=\"noopener\">JI\u017dN\u00cd \u010cECHY: Prachatice v sobotu slavnostn\u011b otev\u0159ely kongresov\u00e9 centrum, jak\u00e9 Vimperk m\u016f\u017ee jen z\u00e1vid\u011bt<\/a><\/h4>\n<hr \/>\n<p>&nbsp;<\/p>\n","protected":false},"excerpt":{"rendered":"<p>&nbsp; Stoupaj\u00edc\u00ed <\/p>\n","protected":false},"author":2,"featured_media":311045,"comment_status":"open","ping_status":"open","sticky":false,"template":"","format":"gallery","meta":{"footnotes":""},"categories":[10],"tags":[],"jetpack_featured_media_url":"https:\/\/zakrasnejsivimperk.cz\/wp-content\/uploads\/2024\/06\/14\/pt-stara-radnice.jpg","_links":{"self":[{"href":"https:\/\/zakrasnejsivimperk.cz\/index.php?rest_route=\/wp\/v2\/posts\/311044"}],"collection":[{"href":"https:\/\/zakrasnejsivimperk.cz\/index.php?rest_route=\/wp\/v2\/posts"}],"about":[{"href":"https:\/\/zakrasnejsivimperk.cz\/index.php?rest_route=\/wp\/v2\/types\/post"}],"author":[{"embeddable":true,"href":"https:\/\/zakrasnejsivimperk.cz\/index.php?rest_route=\/wp\/v2\/users\/2"}],"replies":[{"embeddable":true,"href":"https:\/\/zakrasnejsivimperk.cz\/index.php?rest_route=%2Fwp%2Fv2%2Fcomments&post=311044"}],"version-history":[{"count":1,"href":"https:\/\/zakrasnejsivimperk.cz\/index.php?rest_route=\/wp\/v2\/posts\/311044\/revisions"}],"predecessor-version":[{"id":311046,"href":"https:\/\/zakrasnejsivimperk.cz\/index.php?rest_route=\/wp\/v2\/posts\/311044\/revisions\/311046"}],"wp:featuredmedia":[{"embeddable":true,"href":"https:\/\/zakrasnejsivimperk.cz\/index.php?rest_route=\/wp\/v2\/media\/311045"}],"wp:attachment":[{"href":"https:\/\/zakrasnejsivimperk.cz\/index.php?rest_route=%2Fwp%2Fv2%2Fmedia&parent=311044"}],"wp:term":[{"taxonomy":"category","embeddable":true,"href":"https:\/\/zakrasnejsivimperk.cz\/index.php?rest_route=%2Fwp%2Fv2%2Fcategories&post=311044"},{"taxonomy":"post_tag","embeddable":true,"href":"https:\/\/zakrasnejsivimperk.cz\/index.php?rest_route=%2Fwp%2Fv2%2Ftags&post=311044"}],"curies":[{"name":"wp","href":"https:\/\/api.w.org\/{rel}","templated":true}]}}