{"id":310958,"date":"2024-07-02T10:58:06","date_gmt":"2024-07-02T09:58:06","guid":{"rendered":"https:\/\/zakrasnejsivimperk.cz\/?p=310958"},"modified":"2024-07-06T22:40:37","modified_gmt":"2024-07-06T21:40:37","slug":"nase-mesto-vimperk-z-historie-vimperska-devadesata-fotbaliste-sumavanu-5","status":"publish","type":"post","link":"https:\/\/zakrasnejsivimperk.cz\/?p=310958","title":{"rendered":"NA\u0160E M\u011aSTO VIMPERK \u2013 Z HISTORIE: Vimpersk\u00e1 devades\u00e1t\u00e1 \u2013 Fotbalist\u00e9 \u0160umavanu (5)"},"content":{"rendered":"<p><img loading=\"lazy\" decoding=\"async\" class=\"aligncenter wp-image-310964 size-full\" src=\"https:\/\/zakrasnejsivimperk.cz\/wp-content\/uploads\/2024\/06\/13\/vpk-fotbal-90-5.jpg\" alt=\"\" width=\"1100\" height=\"766\" srcset=\"https:\/\/zakrasnejsivimperk.cz\/wp-content\/uploads\/2024\/06\/13\/vpk-fotbal-90-5.jpg 1100w, https:\/\/zakrasnejsivimperk.cz\/wp-content\/uploads\/2024\/06\/13\/vpk-fotbal-90-5-300x209.jpg 300w, https:\/\/zakrasnejsivimperk.cz\/wp-content\/uploads\/2024\/06\/13\/vpk-fotbal-90-5-1024x713.jpg 1024w, https:\/\/zakrasnejsivimperk.cz\/wp-content\/uploads\/2024\/06\/13\/vpk-fotbal-90-5-768x535.jpg 768w, https:\/\/zakrasnejsivimperk.cz\/wp-content\/uploads\/2024\/06\/13\/vpk-fotbal-90-5-513x357.jpg 513w, https:\/\/zakrasnejsivimperk.cz\/wp-content\/uploads\/2024\/06\/13\/vpk-fotbal-90-5-694x483.jpg 694w\" sizes=\"(max-width: 1100px) 100vw, 1100px\" \/><\/p>\n<p>&nbsp;<\/p>\n<h6>V polovin\u011b devades\u00e1t\u00fdch let se vimpersk\u00fdm fotbalist\u016fm, hr\u00e1\u010d\u016fm prvn\u00edho mu\u017estva odd\u00edlu kopan\u00e9 t\u011blov\u00fdchovn\u00e9 jednoty \u0160umavan, mimo\u0159\u00e1dn\u011b da\u0159ilo. Pod veden\u00ed tren\u00e9r\u016f Mare\u0161e, Kop\u00e1\u010dika, Ko\u0161ky, Markyt\u00e1na, Churav\u00e9ho a Pe\u0161ka pat\u0159ili k p\u0159edn\u00edm t\u00fdm\u016fm krajsk\u00e9ho p\u0159eboru. Sn\u00edmky v tomto seri\u00e1lu na pokra\u010dov\u00e1n\u00ed jsou z tr\u00e9nink\u016f a z\u00e1pas\u016f na dom\u00e1c\u00edm i soupe\u0159ov\u00fdch h\u0159i\u0161t\u00edch:<\/h6>\n<p><strong>Foto: Zden\u011bk JUNGVIRT<\/strong><\/p>\n<p>&nbsp;<\/p>\n<p><img loading=\"lazy\" decoding=\"async\" class=\"aligncenter wp-image-310962 size-full\" src=\"https:\/\/zakrasnejsivimperk.cz\/wp-content\/uploads\/2024\/06\/13\/vpk-fotbal-90-3.jpg\" alt=\"\" width=\"977\" height=\"636\" srcset=\"https:\/\/zakrasnejsivimperk.cz\/wp-content\/uploads\/2024\/06\/13\/vpk-fotbal-90-3.jpg 977w, https:\/\/zakrasnejsivimperk.cz\/wp-content\/uploads\/2024\/06\/13\/vpk-fotbal-90-3-300x195.jpg 300w, https:\/\/zakrasnejsivimperk.cz\/wp-content\/uploads\/2024\/06\/13\/vpk-fotbal-90-3-768x500.jpg 768w, https:\/\/zakrasnejsivimperk.cz\/wp-content\/uploads\/2024\/06\/13\/vpk-fotbal-90-3-100x65.jpg 100w, https:\/\/zakrasnejsivimperk.cz\/wp-content\/uploads\/2024\/06\/13\/vpk-fotbal-90-3-548x357.jpg 548w, https:\/\/zakrasnejsivimperk.cz\/wp-content\/uploads\/2024\/06\/13\/vpk-fotbal-90-3-742x483.jpg 742w\" sizes=\"(max-width: 977px) 100vw, 977px\" \/><\/p>\n<p>&nbsp;<\/p>\n<p><img loading=\"lazy\" decoding=\"async\" class=\"aligncenter wp-image-310977 size-full\" src=\"https:\/\/zakrasnejsivimperk.cz\/wp-content\/uploads\/2024\/06\/13\/vpk-fotbal-90-x-5.jpg\" alt=\"\" width=\"667\" height=\"864\" srcset=\"https:\/\/zakrasnejsivimperk.cz\/wp-content\/uploads\/2024\/06\/13\/vpk-fotbal-90-x-5.jpg 667w, https:\/\/zakrasnejsivimperk.cz\/wp-content\/uploads\/2024\/06\/13\/vpk-fotbal-90-x-5-232x300.jpg 232w, https:\/\/zakrasnejsivimperk.cz\/wp-content\/uploads\/2024\/06\/13\/vpk-fotbal-90-x-5-276x357.jpg 276w, https:\/\/zakrasnejsivimperk.cz\/wp-content\/uploads\/2024\/06\/13\/vpk-fotbal-90-x-5-373x483.jpg 373w\" sizes=\"(max-width: 667px) 100vw, 667px\" \/><\/p>\n<p>&nbsp;<\/p>\n<p><img loading=\"lazy\" decoding=\"async\" class=\"aligncenter wp-image-310975 size-full\" src=\"https:\/\/zakrasnejsivimperk.cz\/wp-content\/uploads\/2024\/06\/13\/vpk-fotbal-90-x-3.jpg\" alt=\"\" width=\"625\" height=\"972\" srcset=\"https:\/\/zakrasnejsivimperk.cz\/wp-content\/uploads\/2024\/06\/13\/vpk-fotbal-90-x-3.jpg 625w, https:\/\/zakrasnejsivimperk.cz\/wp-content\/uploads\/2024\/06\/13\/vpk-fotbal-90-x-3-193x300.jpg 193w, https:\/\/zakrasnejsivimperk.cz\/wp-content\/uploads\/2024\/06\/13\/vpk-fotbal-90-x-3-230x357.jpg 230w, https:\/\/zakrasnejsivimperk.cz\/wp-content\/uploads\/2024\/06\/13\/vpk-fotbal-90-x-3-311x483.jpg 311w\" sizes=\"(max-width: 625px) 100vw, 625px\" \/><\/p>\n<p>&nbsp;<\/p>\n<p><img loading=\"lazy\" decoding=\"async\" class=\"aligncenter wp-image-310974 size-full\" src=\"https:\/\/zakrasnejsivimperk.cz\/wp-content\/uploads\/2024\/06\/13\/vpk-fotbal-90-x-2.jpg\" alt=\"\" width=\"626\" height=\"940\" srcset=\"https:\/\/zakrasnejsivimperk.cz\/wp-content\/uploads\/2024\/06\/13\/vpk-fotbal-90-x-2.jpg 626w, https:\/\/zakrasnejsivimperk.cz\/wp-content\/uploads\/2024\/06\/13\/vpk-fotbal-90-x-2-200x300.jpg 200w, https:\/\/zakrasnejsivimperk.cz\/wp-content\/uploads\/2024\/06\/13\/vpk-fotbal-90-x-2-238x357.jpg 238w, https:\/\/zakrasnejsivimperk.cz\/wp-content\/uploads\/2024\/06\/13\/vpk-fotbal-90-x-2-322x483.jpg 322w\" sizes=\"(max-width: 626px) 100vw, 626px\" \/><\/p>\n<p>&nbsp;<\/p>\n<p><img loading=\"lazy\" decoding=\"async\" class=\"aligncenter wp-image-310973 size-full\" src=\"https:\/\/zakrasnejsivimperk.cz\/wp-content\/uploads\/2024\/06\/13\/vpk-fotbal-90-x-1.jpg\" alt=\"\" width=\"675\" height=\"860\" srcset=\"https:\/\/zakrasnejsivimperk.cz\/wp-content\/uploads\/2024\/06\/13\/vpk-fotbal-90-x-1.jpg 675w, https:\/\/zakrasnejsivimperk.cz\/wp-content\/uploads\/2024\/06\/13\/vpk-fotbal-90-x-1-235x300.jpg 235w, https:\/\/zakrasnejsivimperk.cz\/wp-content\/uploads\/2024\/06\/13\/vpk-fotbal-90-x-1-280x357.jpg 280w, https:\/\/zakrasnejsivimperk.cz\/wp-content\/uploads\/2024\/06\/13\/vpk-fotbal-90-x-1-379x483.jpg 379w\" sizes=\"(max-width: 675px) 100vw, 675px\" \/><\/p>\n<p>&nbsp;<\/p>\n<p><img loading=\"lazy\" decoding=\"async\" class=\"aligncenter wp-image-310972 size-full\" src=\"https:\/\/zakrasnejsivimperk.cz\/wp-content\/uploads\/2024\/06\/13\/vpk-fotbal-90-13.jpg\" alt=\"\" width=\"984\" height=\"648\" srcset=\"https:\/\/zakrasnejsivimperk.cz\/wp-content\/uploads\/2024\/06\/13\/vpk-fotbal-90-13.jpg 984w, https:\/\/zakrasnejsivimperk.cz\/wp-content\/uploads\/2024\/06\/13\/vpk-fotbal-90-13-300x198.jpg 300w, https:\/\/zakrasnejsivimperk.cz\/wp-content\/uploads\/2024\/06\/13\/vpk-fotbal-90-13-768x506.jpg 768w, https:\/\/zakrasnejsivimperk.cz\/wp-content\/uploads\/2024\/06\/13\/vpk-fotbal-90-13-100x65.jpg 100w, https:\/\/zakrasnejsivimperk.cz\/wp-content\/uploads\/2024\/06\/13\/vpk-fotbal-90-13-542x357.jpg 542w, https:\/\/zakrasnejsivimperk.cz\/wp-content\/uploads\/2024\/06\/13\/vpk-fotbal-90-13-733x483.jpg 733w\" sizes=\"(max-width: 984px) 100vw, 984px\" \/><\/p>\n<p>&nbsp;<\/p>\n<p><img loading=\"lazy\" decoding=\"async\" class=\"aligncenter wp-image-310971 size-full\" src=\"https:\/\/zakrasnejsivimperk.cz\/wp-content\/uploads\/2024\/06\/13\/vpk-fotbal-90-12.jpg\" alt=\"\" width=\"982\" height=\"659\" srcset=\"https:\/\/zakrasnejsivimperk.cz\/wp-content\/uploads\/2024\/06\/13\/vpk-fotbal-90-12.jpg 982w, https:\/\/zakrasnejsivimperk.cz\/wp-content\/uploads\/2024\/06\/13\/vpk-fotbal-90-12-300x201.jpg 300w, https:\/\/zakrasnejsivimperk.cz\/wp-content\/uploads\/2024\/06\/13\/vpk-fotbal-90-12-768x515.jpg 768w, https:\/\/zakrasnejsivimperk.cz\/wp-content\/uploads\/2024\/06\/13\/vpk-fotbal-90-12-532x357.jpg 532w, https:\/\/zakrasnejsivimperk.cz\/wp-content\/uploads\/2024\/06\/13\/vpk-fotbal-90-12-720x483.jpg 720w\" sizes=\"(max-width: 982px) 100vw, 982px\" \/><\/p>\n<p>&nbsp;<\/p>\n<p><img loading=\"lazy\" decoding=\"async\" class=\"aligncenter wp-image-310970 size-full\" src=\"https:\/\/zakrasnejsivimperk.cz\/wp-content\/uploads\/2024\/06\/13\/vpk-fotbal-90-11.jpg\" alt=\"\" width=\"980\" height=\"667\" srcset=\"https:\/\/zakrasnejsivimperk.cz\/wp-content\/uploads\/2024\/06\/13\/vpk-fotbal-90-11.jpg 980w, https:\/\/zakrasnejsivimperk.cz\/wp-content\/uploads\/2024\/06\/13\/vpk-fotbal-90-11-300x204.jpg 300w, https:\/\/zakrasnejsivimperk.cz\/wp-content\/uploads\/2024\/06\/13\/vpk-fotbal-90-11-768x523.jpg 768w, https:\/\/zakrasnejsivimperk.cz\/wp-content\/uploads\/2024\/06\/13\/vpk-fotbal-90-11-525x357.jpg 525w, https:\/\/zakrasnejsivimperk.cz\/wp-content\/uploads\/2024\/06\/13\/vpk-fotbal-90-11-710x483.jpg 710w\" sizes=\"(max-width: 980px) 100vw, 980px\" \/><\/p>\n<p>&nbsp;<\/p>\n<p><img loading=\"lazy\" decoding=\"async\" class=\"alignnone wp-image-310969 size-full\" src=\"https:\/\/zakrasnejsivimperk.cz\/wp-content\/uploads\/2024\/06\/13\/vpk-fotbal-90-10.jpg\" alt=\"\" width=\"971\" height=\"661\" srcset=\"https:\/\/zakrasnejsivimperk.cz\/wp-content\/uploads\/2024\/06\/13\/vpk-fotbal-90-10.jpg 971w, https:\/\/zakrasnejsivimperk.cz\/wp-content\/uploads\/2024\/06\/13\/vpk-fotbal-90-10-300x204.jpg 300w, https:\/\/zakrasnejsivimperk.cz\/wp-content\/uploads\/2024\/06\/13\/vpk-fotbal-90-10-768x523.jpg 768w, https:\/\/zakrasnejsivimperk.cz\/wp-content\/uploads\/2024\/06\/13\/vpk-fotbal-90-10-524x357.jpg 524w, https:\/\/zakrasnejsivimperk.cz\/wp-content\/uploads\/2024\/06\/13\/vpk-fotbal-90-10-710x483.jpg 710w\" sizes=\"(max-width: 971px) 100vw, 971px\" \/><\/p>\n<p>&nbsp;<\/p>\n<p><img loading=\"lazy\" decoding=\"async\" class=\"aligncenter wp-image-310967 size-full\" src=\"https:\/\/zakrasnejsivimperk.cz\/wp-content\/uploads\/2024\/06\/13\/vpk-fotbal-90-8.jpg\" alt=\"\" width=\"979\" height=\"664\" srcset=\"https:\/\/zakrasnejsivimperk.cz\/wp-content\/uploads\/2024\/06\/13\/vpk-fotbal-90-8.jpg 979w, https:\/\/zakrasnejsivimperk.cz\/wp-content\/uploads\/2024\/06\/13\/vpk-fotbal-90-8-300x203.jpg 300w, https:\/\/zakrasnejsivimperk.cz\/wp-content\/uploads\/2024\/06\/13\/vpk-fotbal-90-8-768x521.jpg 768w, https:\/\/zakrasnejsivimperk.cz\/wp-content\/uploads\/2024\/06\/13\/vpk-fotbal-90-8-526x357.jpg 526w, https:\/\/zakrasnejsivimperk.cz\/wp-content\/uploads\/2024\/06\/13\/vpk-fotbal-90-8-712x483.jpg 712w\" sizes=\"(max-width: 979px) 100vw, 979px\" \/><\/p>\n<p>&nbsp;<\/p>\n<p><img loading=\"lazy\" decoding=\"async\" class=\"aligncenter wp-image-310966 size-full\" src=\"https:\/\/zakrasnejsivimperk.cz\/wp-content\/uploads\/2024\/06\/13\/vpk-fotbal-90-7.jpg\" alt=\"\" width=\"970\" height=\"675\" srcset=\"https:\/\/zakrasnejsivimperk.cz\/wp-content\/uploads\/2024\/06\/13\/vpk-fotbal-90-7.jpg 970w, https:\/\/zakrasnejsivimperk.cz\/wp-content\/uploads\/2024\/06\/13\/vpk-fotbal-90-7-300x209.jpg 300w, https:\/\/zakrasnejsivimperk.cz\/wp-content\/uploads\/2024\/06\/13\/vpk-fotbal-90-7-768x534.jpg 768w, https:\/\/zakrasnejsivimperk.cz\/wp-content\/uploads\/2024\/06\/13\/vpk-fotbal-90-7-513x357.jpg 513w, https:\/\/zakrasnejsivimperk.cz\/wp-content\/uploads\/2024\/06\/13\/vpk-fotbal-90-7-694x483.jpg 694w\" sizes=\"(max-width: 970px) 100vw, 970px\" \/><\/p>\n<p>&nbsp;<\/p>\n<p><img loading=\"lazy\" decoding=\"async\" class=\"aligncenter wp-image-310963 size-full\" src=\"https:\/\/zakrasnejsivimperk.cz\/wp-content\/uploads\/2024\/06\/13\/vpk-fotbal-90-4.jpg\" alt=\"\" width=\"979\" height=\"659\" srcset=\"https:\/\/zakrasnejsivimperk.cz\/wp-content\/uploads\/2024\/06\/13\/vpk-fotbal-90-4.jpg 979w, https:\/\/zakrasnejsivimperk.cz\/wp-content\/uploads\/2024\/06\/13\/vpk-fotbal-90-4-300x202.jpg 300w, https:\/\/zakrasnejsivimperk.cz\/wp-content\/uploads\/2024\/06\/13\/vpk-fotbal-90-4-768x517.jpg 768w, https:\/\/zakrasnejsivimperk.cz\/wp-content\/uploads\/2024\/06\/13\/vpk-fotbal-90-4-530x357.jpg 530w, https:\/\/zakrasnejsivimperk.cz\/wp-content\/uploads\/2024\/06\/13\/vpk-fotbal-90-4-718x483.jpg 718w\" sizes=\"(max-width: 979px) 100vw, 979px\" \/><\/p>\n<p>&nbsp;<\/p>\n<p><img loading=\"lazy\" decoding=\"async\" class=\"aligncenter wp-image-310961 size-full\" src=\"https:\/\/zakrasnejsivimperk.cz\/wp-content\/uploads\/2024\/06\/13\/vpk-fotbal-90-2.jpg\" alt=\"\" width=\"959\" height=\"662\" srcset=\"https:\/\/zakrasnejsivimperk.cz\/wp-content\/uploads\/2024\/06\/13\/vpk-fotbal-90-2.jpg 959w, https:\/\/zakrasnejsivimperk.cz\/wp-content\/uploads\/2024\/06\/13\/vpk-fotbal-90-2-300x207.jpg 300w, https:\/\/zakrasnejsivimperk.cz\/wp-content\/uploads\/2024\/06\/13\/vpk-fotbal-90-2-768x530.jpg 768w, https:\/\/zakrasnejsivimperk.cz\/wp-content\/uploads\/2024\/06\/13\/vpk-fotbal-90-2-517x357.jpg 517w, https:\/\/zakrasnejsivimperk.cz\/wp-content\/uploads\/2024\/06\/13\/vpk-fotbal-90-2-700x483.jpg 700w\" sizes=\"(max-width: 959px) 100vw, 959px\" \/><\/p>\n<p>&nbsp;<\/p>\n<p><img loading=\"lazy\" decoding=\"async\" class=\"aligncenter wp-image-310965 size-full\" src=\"https:\/\/zakrasnejsivimperk.cz\/wp-content\/uploads\/2024\/06\/13\/vpk-fotbal-90-6.jpg\" alt=\"\" width=\"976\" height=\"652\" srcset=\"https:\/\/zakrasnejsivimperk.cz\/wp-content\/uploads\/2024\/06\/13\/vpk-fotbal-90-6.jpg 976w, https:\/\/zakrasnejsivimperk.cz\/wp-content\/uploads\/2024\/06\/13\/vpk-fotbal-90-6-300x200.jpg 300w, https:\/\/zakrasnejsivimperk.cz\/wp-content\/uploads\/2024\/06\/13\/vpk-fotbal-90-6-768x513.jpg 768w, https:\/\/zakrasnejsivimperk.cz\/wp-content\/uploads\/2024\/06\/13\/vpk-fotbal-90-6-534x357.jpg 534w, https:\/\/zakrasnejsivimperk.cz\/wp-content\/uploads\/2024\/06\/13\/vpk-fotbal-90-6-723x483.jpg 723w\" sizes=\"(max-width: 976px) 100vw, 976px\" \/><\/p>\n<p>&nbsp;<\/p>\n<p><img loading=\"lazy\" decoding=\"async\" class=\"aligncenter wp-image-310968 size-full\" src=\"https:\/\/zakrasnejsivimperk.cz\/wp-content\/uploads\/2024\/06\/13\/vpk-fotbal-90-9.jpg\" alt=\"\" width=\"986\" height=\"669\" srcset=\"https:\/\/zakrasnejsivimperk.cz\/wp-content\/uploads\/2024\/06\/13\/vpk-fotbal-90-9.jpg 986w, https:\/\/zakrasnejsivimperk.cz\/wp-content\/uploads\/2024\/06\/13\/vpk-fotbal-90-9-300x204.jpg 300w, https:\/\/zakrasnejsivimperk.cz\/wp-content\/uploads\/2024\/06\/13\/vpk-fotbal-90-9-768x521.jpg 768w, https:\/\/zakrasnejsivimperk.cz\/wp-content\/uploads\/2024\/06\/13\/vpk-fotbal-90-9-526x357.jpg 526w, https:\/\/zakrasnejsivimperk.cz\/wp-content\/uploads\/2024\/06\/13\/vpk-fotbal-90-9-712x483.jpg 712w\" sizes=\"(max-width: 986px) 100vw, 986px\" \/><\/p>\n<p>&nbsp;<\/p>\n<p><img loading=\"lazy\" decoding=\"async\" class=\"aligncenter wp-image-310960 size-full\" src=\"https:\/\/zakrasnejsivimperk.cz\/wp-content\/uploads\/2024\/06\/13\/vpk-fotbal-90-1.jpg\" alt=\"\" width=\"982\" height=\"638\" srcset=\"https:\/\/zakrasnejsivimperk.cz\/wp-content\/uploads\/2024\/06\/13\/vpk-fotbal-90-1.jpg 982w, https:\/\/zakrasnejsivimperk.cz\/wp-content\/uploads\/2024\/06\/13\/vpk-fotbal-90-1-300x195.jpg 300w, https:\/\/zakrasnejsivimperk.cz\/wp-content\/uploads\/2024\/06\/13\/vpk-fotbal-90-1-768x499.jpg 768w, https:\/\/zakrasnejsivimperk.cz\/wp-content\/uploads\/2024\/06\/13\/vpk-fotbal-90-1-100x65.jpg 100w, https:\/\/zakrasnejsivimperk.cz\/wp-content\/uploads\/2024\/06\/13\/vpk-fotbal-90-1-549x357.jpg 549w, https:\/\/zakrasnejsivimperk.cz\/wp-content\/uploads\/2024\/06\/13\/vpk-fotbal-90-1-743x483.jpg 743w, https:\/\/zakrasnejsivimperk.cz\/wp-content\/uploads\/2024\/06\/13\/vpk-fotbal-90-1-745x483.jpg 745w\" sizes=\"(max-width: 982px) 100vw, 982px\" \/><\/p>\n<hr \/>\n<p>&nbsp;<\/p>\n<h6>Informovali jsme:<\/h6>\n<h4><a href=\"https:\/\/zakrasnejsivimperk.cz\/?p=310862\" target=\"_blank\" rel=\"noopener\">NA\u0160E M\u011aSTO VIMPERK \u2013 Z HISTORIE: Vimpersk\u00e1 devades\u00e1t\u00e1 \u2013 Fotbalist\u00e9 \u0160umavanu (4)<\/a><\/h4>\n<h4><a href=\"https:\/\/zakrasnejsivimperk.cz\/?p=310828\" target=\"_blank\" rel=\"noopener\">NA\u0160E M\u011aSTO VIMPERK \u2013 Z HISTORIE: Vimpersk\u00e1 devades\u00e1t\u00e1 \u2013 Fotbalist\u00e9 \u0160umavanu (3)<\/a><\/h4>\n<h4><a href=\"https:\/\/zakrasnejsivimperk.cz\/?p=307804\" target=\"_blank\" rel=\"noopener\">NA\u0160E M\u011aSTO VIMPERK \u2013 Z HISTORIE: Vimpersk\u00e1 devades\u00e1t\u00e1 \u2013 Fotbalist\u00e9 \u0160umavanu (2)<\/a><\/h4>\n<h4><a href=\"https:\/\/zakrasnejsivimperk.cz\/?p=300413\" target=\"_blank\" rel=\"noopener\">NA\u0160E M\u011aSTO VIMPERK \u2013 Z HISTORIE: Vimpersk\u00e1 devades\u00e1t\u00e1 \u2013 Fotbalist\u00e9 \u0160umavanu (1)<\/a><\/h4>\n<h4><a href=\"https:\/\/zakrasnejsivimperk.cz\/?p=287673\" target=\"_blank\" rel=\"noopener\">NA\u0160E M\u011aSTO VIMPERK -Z HISTORIE : P\u0159\u00edznivci, funkcion\u00e1\u0159i a hr\u00e1\u010di odd\u00edlu kopan\u00e9 TJ \u0160umavan \u2013 prvn\u00ed polovina osmdes\u00e1t\u00fdch let<\/a><\/h4>\n<h4><a href=\"https:\/\/zakrasnejsivimperk.cz\/?p=271292\" target=\"_blank\" rel=\"noopener\">NA\u0160E M\u011aSTO VIMPERK: Fotografie ze star\u00e9ho alba \u2013 Vimpersk\u00e1 devades\u00e1t\u00e1 \u2013 T\u011blocvi\u010dna Z\u00e1kladn\u00ed \u0161koly Smetanova Vimperk \u2013 radost v\u00edt\u011bz\u016f halov\u00e9ho fotbalov\u00e9ho turnaje<\/a><\/h4>\n<h4><a href=\"https:\/\/zakrasnejsivimperk.cz\/?p=270134\" target=\"_blank\" rel=\"noopener\">NA\u0160E M\u011aSTO VIMPERK: Fotografie ze star\u00e9ho alba \u2013 Vimpersk\u00e1 devades\u00e1t\u00e1 \u2013 V\u00edt\u011bzov\u00e9 \u017e\u00e1kovsk\u00e9ho fotbalov\u00e9ho turnaje v t\u011blocvi\u010dn\u011b Z\u0160 Smetanova<\/a><\/h4>\n<h4><a href=\"https:\/\/zakrasnejsivimperk.cz\/?p=270109\" target=\"_blank\" rel=\"noopener\">NA\u0160E M\u011aSTO VIMPERK: Fotografie ze star\u00e9ho alba \u2013 Vimpersk\u00e1 devades\u00e1t\u00e1 \u2013 Fotbalist\u00e9 vimpersk\u00e9ho \u0160umavanu s tren\u00e9rem Mare\u0161em p\u0159i silvestrovsk\u00e9m tr\u00e9ninku<\/a><\/h4>\n<h4><a href=\"https:\/\/zakrasnejsivimperk.cz\/?p=267399\" target=\"_blank\" rel=\"noopener\">NA\u0160E M\u011aSTO VIMPERK: Fotografie ze star\u00e9ho alba \u2013 Vimpersk\u00e1 devades\u00e1t\u00e1 \u2013 \u00da\u010dastn\u00edci turnaje v s\u00e1lov\u00e9 kopan\u00e9, kter\u00fd se hr\u00e1l v t\u011blocvi\u010dn\u011b Z\u00e1kladn\u00ed \u0161koly Smetanova<\/a><\/h4>\n<p>&nbsp;<\/p>\n<p>&nbsp;<\/p>\n<p>&nbsp;<\/p>\n<p>&nbsp;<\/p>\n","protected":false},"excerpt":{"rendered":"<p>&nbsp; V <\/p>\n","protected":false},"author":2,"featured_media":310978,"comment_status":"open","ping_status":"open","sticky":false,"template":"","format":"gallery","meta":{"footnotes":""},"categories":[74,86],"tags":[],"jetpack_featured_media_url":"https:\/\/zakrasnejsivimperk.cz\/wp-content\/uploads\/2024\/06\/13\/ram-fotbal-5.jpg","_links":{"self":[{"href":"https:\/\/zakrasnejsivimperk.cz\/index.php?rest_route=\/wp\/v2\/posts\/310958"}],"collection":[{"href":"https:\/\/zakrasnejsivimperk.cz\/index.php?rest_route=\/wp\/v2\/posts"}],"about":[{"href":"https:\/\/zakrasnejsivimperk.cz\/index.php?rest_route=\/wp\/v2\/types\/post"}],"author":[{"embeddable":true,"href":"https:\/\/zakrasnejsivimperk.cz\/index.php?rest_route=\/wp\/v2\/users\/2"}],"replies":[{"embeddable":true,"href":"https:\/\/zakrasnejsivimperk.cz\/index.php?rest_route=%2Fwp%2Fv2%2Fcomments&post=310958"}],"version-history":[{"count":2,"href":"https:\/\/zakrasnejsivimperk.cz\/index.php?rest_route=\/wp\/v2\/posts\/310958\/revisions"}],"predecessor-version":[{"id":313146,"href":"https:\/\/zakrasnejsivimperk.cz\/index.php?rest_route=\/wp\/v2\/posts\/310958\/revisions\/313146"}],"wp:featuredmedia":[{"embeddable":true,"href":"https:\/\/zakrasnejsivimperk.cz\/index.php?rest_route=\/wp\/v2\/media\/310978"}],"wp:attachment":[{"href":"https:\/\/zakrasnejsivimperk.cz\/index.php?rest_route=%2Fwp%2Fv2%2Fmedia&parent=310958"}],"wp:term":[{"taxonomy":"category","embeddable":true,"href":"https:\/\/zakrasnejsivimperk.cz\/index.php?rest_route=%2Fwp%2Fv2%2Fcategories&post=310958"},{"taxonomy":"post_tag","embeddable":true,"href":"https:\/\/zakrasnejsivimperk.cz\/index.php?rest_route=%2Fwp%2Fv2%2Ftags&post=310958"}],"curies":[{"name":"wp","href":"https:\/\/api.w.org\/{rel}","templated":true}]}}