{"id":310862,"date":"2024-06-25T13:54:44","date_gmt":"2024-06-25T12:54:44","guid":{"rendered":"https:\/\/zakrasnejsivimperk.cz\/?p=310862"},"modified":"2024-06-28T14:31:59","modified_gmt":"2024-06-28T13:31:59","slug":"nase-mesto-vimperk-z-historie-vimperska-devadesata-fotbaliste-sumavanu-4","status":"publish","type":"post","link":"https:\/\/zakrasnejsivimperk.cz\/?p=310862","title":{"rendered":"NA\u0160E M\u011aSTO VIMPERK \u2013 Z HISTORIE: Vimpersk\u00e1 devades\u00e1t\u00e1 \u2013 Fotbalist\u00e9 \u0160umavanu (4)"},"content":{"rendered":"<p><img loading=\"lazy\" decoding=\"async\" class=\"aligncenter wp-image-310849 size-full\" src=\"https:\/\/zakrasnejsivimperk.cz\/wp-content\/uploads\/2024\/06\/12\/vpk-fotbal-90.-23.jpg\" alt=\"\" width=\"980\" height=\"653\" srcset=\"https:\/\/zakrasnejsivimperk.cz\/wp-content\/uploads\/2024\/06\/12\/vpk-fotbal-90.-23.jpg 980w, https:\/\/zakrasnejsivimperk.cz\/wp-content\/uploads\/2024\/06\/12\/vpk-fotbal-90.-23-300x200.jpg 300w, https:\/\/zakrasnejsivimperk.cz\/wp-content\/uploads\/2024\/06\/12\/vpk-fotbal-90.-23-768x512.jpg 768w, https:\/\/zakrasnejsivimperk.cz\/wp-content\/uploads\/2024\/06\/12\/vpk-fotbal-90.-23-536x357.jpg 536w, https:\/\/zakrasnejsivimperk.cz\/wp-content\/uploads\/2024\/06\/12\/vpk-fotbal-90.-23-725x483.jpg 725w\" sizes=\"(max-width: 980px) 100vw, 980px\" \/><\/p>\n<p>&nbsp;<\/p>\n<h6>V polovin\u011b devades\u00e1t\u00fdch let se vimpersk\u00fdm fotbalist\u016fm, hr\u00e1\u010d\u016fm prvn\u00edho mu\u017estva odd\u00edlu kopan\u00e9 t\u011blov\u00fdchovn\u00e9 jednoty \u0160umavan, mimo\u0159\u00e1dn\u011b da\u0159ilo. Pod veden\u00ed tren\u00e9r\u016f Mare\u0161e, Kop\u00e1\u010dika, Ko\u0161ky, Markyt\u00e1na, Churav\u00e9ho a Pe\u0161ka pat\u0159ili k p\u0159edn\u00edm t\u00fdm\u016fm krajsk\u00e9ho p\u0159eboru. Sn\u00edmky v tomto seri\u00e1lu na pokra\u010dov\u00e1n\u00ed jsou z tr\u00e9nink\u016f a z\u00e1pas\u016f na dom\u00e1c\u00edm i soupe\u0159ov\u00fdch h\u0159i\u0161t\u00edch:<\/h6>\n<p><strong>Foto: Zden\u011bk JUNGVIRT<\/strong><\/p>\n<p>&nbsp;<\/p>\n<p><img loading=\"lazy\" decoding=\"async\" class=\"aligncenter wp-image-310851 size-full\" src=\"https:\/\/zakrasnejsivimperk.cz\/wp-content\/uploads\/2024\/06\/12\/vpk-fotbal-90.-25.jpg\" alt=\"\" width=\"669\" height=\"900\" srcset=\"https:\/\/zakrasnejsivimperk.cz\/wp-content\/uploads\/2024\/06\/12\/vpk-fotbal-90.-25.jpg 669w, https:\/\/zakrasnejsivimperk.cz\/wp-content\/uploads\/2024\/06\/12\/vpk-fotbal-90.-25-223x300.jpg 223w, https:\/\/zakrasnejsivimperk.cz\/wp-content\/uploads\/2024\/06\/12\/vpk-fotbal-90.-25-265x357.jpg 265w, https:\/\/zakrasnejsivimperk.cz\/wp-content\/uploads\/2024\/06\/12\/vpk-fotbal-90.-25-359x483.jpg 359w\" sizes=\"(max-width: 669px) 100vw, 669px\" \/><\/p>\n<p>&nbsp;<\/p>\n<p><img loading=\"lazy\" decoding=\"async\" class=\"aligncenter wp-image-310852 size-full\" src=\"https:\/\/zakrasnejsivimperk.cz\/wp-content\/uploads\/2024\/06\/12\/vpk-fotbal-90.-26.jpg\" alt=\"\" width=\"672\" height=\"897\" srcset=\"https:\/\/zakrasnejsivimperk.cz\/wp-content\/uploads\/2024\/06\/12\/vpk-fotbal-90.-26.jpg 672w, https:\/\/zakrasnejsivimperk.cz\/wp-content\/uploads\/2024\/06\/12\/vpk-fotbal-90.-26-225x300.jpg 225w, https:\/\/zakrasnejsivimperk.cz\/wp-content\/uploads\/2024\/06\/12\/vpk-fotbal-90.-26-267x357.jpg 267w, https:\/\/zakrasnejsivimperk.cz\/wp-content\/uploads\/2024\/06\/12\/vpk-fotbal-90.-26-362x483.jpg 362w\" sizes=\"(max-width: 672px) 100vw, 672px\" \/><\/p>\n<p>&nbsp;<\/p>\n<p><img loading=\"lazy\" decoding=\"async\" class=\"aligncenter wp-image-310853 size-full\" src=\"https:\/\/zakrasnejsivimperk.cz\/wp-content\/uploads\/2024\/06\/12\/vpk-fotbal-90.-27.jpg\" alt=\"\" width=\"671\" height=\"893\" srcset=\"https:\/\/zakrasnejsivimperk.cz\/wp-content\/uploads\/2024\/06\/12\/vpk-fotbal-90.-27.jpg 671w, https:\/\/zakrasnejsivimperk.cz\/wp-content\/uploads\/2024\/06\/12\/vpk-fotbal-90.-27-225x300.jpg 225w, https:\/\/zakrasnejsivimperk.cz\/wp-content\/uploads\/2024\/06\/12\/vpk-fotbal-90.-27-268x357.jpg 268w, https:\/\/zakrasnejsivimperk.cz\/wp-content\/uploads\/2024\/06\/12\/vpk-fotbal-90.-27-363x483.jpg 363w\" sizes=\"(max-width: 671px) 100vw, 671px\" \/><\/p>\n<p>&nbsp;<\/p>\n<p><img loading=\"lazy\" decoding=\"async\" class=\"aligncenter wp-image-310845 size-full\" src=\"https:\/\/zakrasnejsivimperk.cz\/wp-content\/uploads\/2024\/06\/12\/vpk-fotbal-90.-19.jpg\" alt=\"\" width=\"968\" height=\"617\" srcset=\"https:\/\/zakrasnejsivimperk.cz\/wp-content\/uploads\/2024\/06\/12\/vpk-fotbal-90.-19.jpg 968w, https:\/\/zakrasnejsivimperk.cz\/wp-content\/uploads\/2024\/06\/12\/vpk-fotbal-90.-19-300x191.jpg 300w, https:\/\/zakrasnejsivimperk.cz\/wp-content\/uploads\/2024\/06\/12\/vpk-fotbal-90.-19-768x490.jpg 768w, https:\/\/zakrasnejsivimperk.cz\/wp-content\/uploads\/2024\/06\/12\/vpk-fotbal-90.-19-100x65.jpg 100w, https:\/\/zakrasnejsivimperk.cz\/wp-content\/uploads\/2024\/06\/12\/vpk-fotbal-90.-19-560x357.jpg 560w, https:\/\/zakrasnejsivimperk.cz\/wp-content\/uploads\/2024\/06\/12\/vpk-fotbal-90.-19-758x483.jpg 758w\" sizes=\"(max-width: 968px) 100vw, 968px\" \/><\/p>\n<p>&nbsp;<\/p>\n<p><img loading=\"lazy\" decoding=\"async\" class=\"aligncenter wp-image-310846 size-full\" src=\"https:\/\/zakrasnejsivimperk.cz\/wp-content\/uploads\/2024\/06\/12\/vpk-fotbal-90.-20.jpg\" alt=\"\" width=\"983\" height=\"651\" srcset=\"https:\/\/zakrasnejsivimperk.cz\/wp-content\/uploads\/2024\/06\/12\/vpk-fotbal-90.-20.jpg 983w, https:\/\/zakrasnejsivimperk.cz\/wp-content\/uploads\/2024\/06\/12\/vpk-fotbal-90.-20-300x199.jpg 300w, https:\/\/zakrasnejsivimperk.cz\/wp-content\/uploads\/2024\/06\/12\/vpk-fotbal-90.-20-768x509.jpg 768w, https:\/\/zakrasnejsivimperk.cz\/wp-content\/uploads\/2024\/06\/12\/vpk-fotbal-90.-20-100x65.jpg 100w, https:\/\/zakrasnejsivimperk.cz\/wp-content\/uploads\/2024\/06\/12\/vpk-fotbal-90.-20-539x357.jpg 539w, https:\/\/zakrasnejsivimperk.cz\/wp-content\/uploads\/2024\/06\/12\/vpk-fotbal-90.-20-729x483.jpg 729w\" sizes=\"(max-width: 983px) 100vw, 983px\" \/><\/p>\n<p>&nbsp;<\/p>\n<p><img loading=\"lazy\" decoding=\"async\" class=\"aligncenter wp-image-310847 size-full\" src=\"https:\/\/zakrasnejsivimperk.cz\/wp-content\/uploads\/2024\/06\/12\/vpk-fotbal-90.-21.jpg\" alt=\"\" width=\"972\" height=\"630\" srcset=\"https:\/\/zakrasnejsivimperk.cz\/wp-content\/uploads\/2024\/06\/12\/vpk-fotbal-90.-21.jpg 972w, https:\/\/zakrasnejsivimperk.cz\/wp-content\/uploads\/2024\/06\/12\/vpk-fotbal-90.-21-300x194.jpg 300w, https:\/\/zakrasnejsivimperk.cz\/wp-content\/uploads\/2024\/06\/12\/vpk-fotbal-90.-21-768x498.jpg 768w, https:\/\/zakrasnejsivimperk.cz\/wp-content\/uploads\/2024\/06\/12\/vpk-fotbal-90.-21-100x65.jpg 100w, https:\/\/zakrasnejsivimperk.cz\/wp-content\/uploads\/2024\/06\/12\/vpk-fotbal-90.-21-551x357.jpg 551w, https:\/\/zakrasnejsivimperk.cz\/wp-content\/uploads\/2024\/06\/12\/vpk-fotbal-90.-21-745x483.jpg 745w\" sizes=\"(max-width: 972px) 100vw, 972px\" \/><\/p>\n<p>&nbsp;<\/p>\n<p><img loading=\"lazy\" decoding=\"async\" class=\"aligncenter wp-image-310848 size-full\" src=\"https:\/\/zakrasnejsivimperk.cz\/wp-content\/uploads\/2024\/06\/12\/vpk-fotbal-90.-22.jpg\" alt=\"\" width=\"977\" height=\"653\" srcset=\"https:\/\/zakrasnejsivimperk.cz\/wp-content\/uploads\/2024\/06\/12\/vpk-fotbal-90.-22.jpg 977w, https:\/\/zakrasnejsivimperk.cz\/wp-content\/uploads\/2024\/06\/12\/vpk-fotbal-90.-22-300x201.jpg 300w, https:\/\/zakrasnejsivimperk.cz\/wp-content\/uploads\/2024\/06\/12\/vpk-fotbal-90.-22-768x513.jpg 768w, https:\/\/zakrasnejsivimperk.cz\/wp-content\/uploads\/2024\/06\/12\/vpk-fotbal-90.-22-534x357.jpg 534w, https:\/\/zakrasnejsivimperk.cz\/wp-content\/uploads\/2024\/06\/12\/vpk-fotbal-90.-22-723x483.jpg 723w\" sizes=\"(max-width: 977px) 100vw, 977px\" \/><\/p>\n<p>&nbsp;<\/p>\n<p><img loading=\"lazy\" decoding=\"async\" class=\"aligncenter wp-image-310850 size-full\" src=\"https:\/\/zakrasnejsivimperk.cz\/wp-content\/uploads\/2024\/06\/12\/vpk-fotbal-90.-24.jpg\" alt=\"\" width=\"979\" height=\"656\" srcset=\"https:\/\/zakrasnejsivimperk.cz\/wp-content\/uploads\/2024\/06\/12\/vpk-fotbal-90.-24.jpg 979w, https:\/\/zakrasnejsivimperk.cz\/wp-content\/uploads\/2024\/06\/12\/vpk-fotbal-90.-24-300x201.jpg 300w, https:\/\/zakrasnejsivimperk.cz\/wp-content\/uploads\/2024\/06\/12\/vpk-fotbal-90.-24-768x515.jpg 768w, https:\/\/zakrasnejsivimperk.cz\/wp-content\/uploads\/2024\/06\/12\/vpk-fotbal-90.-24-533x357.jpg 533w, https:\/\/zakrasnejsivimperk.cz\/wp-content\/uploads\/2024\/06\/12\/vpk-fotbal-90.-24-721x483.jpg 721w\" sizes=\"(max-width: 979px) 100vw, 979px\" \/><\/p>\n<p>&nbsp;<\/p>\n<p><img loading=\"lazy\" decoding=\"async\" class=\"alignnone wp-image-310854 size-full\" src=\"https:\/\/zakrasnejsivimperk.cz\/wp-content\/uploads\/2024\/06\/12\/vpk-fotbal-90.-28.jpg\" alt=\"\" width=\"978\" height=\"677\" srcset=\"https:\/\/zakrasnejsivimperk.cz\/wp-content\/uploads\/2024\/06\/12\/vpk-fotbal-90.-28.jpg 978w, https:\/\/zakrasnejsivimperk.cz\/wp-content\/uploads\/2024\/06\/12\/vpk-fotbal-90.-28-300x208.jpg 300w, https:\/\/zakrasnejsivimperk.cz\/wp-content\/uploads\/2024\/06\/12\/vpk-fotbal-90.-28-768x532.jpg 768w, https:\/\/zakrasnejsivimperk.cz\/wp-content\/uploads\/2024\/06\/12\/vpk-fotbal-90.-28-516x357.jpg 516w, https:\/\/zakrasnejsivimperk.cz\/wp-content\/uploads\/2024\/06\/12\/vpk-fotbal-90.-28-698x483.jpg 698w\" sizes=\"(max-width: 978px) 100vw, 978px\" \/><\/p>\n<p>&nbsp;<\/p>\n<p><img loading=\"lazy\" decoding=\"async\" class=\"aligncenter wp-image-310855 size-full\" src=\"https:\/\/zakrasnejsivimperk.cz\/wp-content\/uploads\/2024\/06\/12\/vpk-fotbal-90.-29.jpg\" alt=\"\" width=\"684\" height=\"952\" srcset=\"https:\/\/zakrasnejsivimperk.cz\/wp-content\/uploads\/2024\/06\/12\/vpk-fotbal-90.-29.jpg 684w, https:\/\/zakrasnejsivimperk.cz\/wp-content\/uploads\/2024\/06\/12\/vpk-fotbal-90.-29-216x300.jpg 216w, https:\/\/zakrasnejsivimperk.cz\/wp-content\/uploads\/2024\/06\/12\/vpk-fotbal-90.-29-257x357.jpg 257w, https:\/\/zakrasnejsivimperk.cz\/wp-content\/uploads\/2024\/06\/12\/vpk-fotbal-90.-29-347x483.jpg 347w\" sizes=\"(max-width: 684px) 100vw, 684px\" \/><\/p>\n<p>&nbsp;<\/p>\n<p><img loading=\"lazy\" decoding=\"async\" class=\"aligncenter wp-image-310856 size-full\" src=\"https:\/\/zakrasnejsivimperk.cz\/wp-content\/uploads\/2024\/06\/12\/vpk-fotbal-90.-30.jpg\" alt=\"\" width=\"974\" height=\"661\" srcset=\"https:\/\/zakrasnejsivimperk.cz\/wp-content\/uploads\/2024\/06\/12\/vpk-fotbal-90.-30.jpg 974w, https:\/\/zakrasnejsivimperk.cz\/wp-content\/uploads\/2024\/06\/12\/vpk-fotbal-90.-30-300x204.jpg 300w, https:\/\/zakrasnejsivimperk.cz\/wp-content\/uploads\/2024\/06\/12\/vpk-fotbal-90.-30-768x521.jpg 768w, https:\/\/zakrasnejsivimperk.cz\/wp-content\/uploads\/2024\/06\/12\/vpk-fotbal-90.-30-526x357.jpg 526w, https:\/\/zakrasnejsivimperk.cz\/wp-content\/uploads\/2024\/06\/12\/vpk-fotbal-90.-30-712x483.jpg 712w\" sizes=\"(max-width: 974px) 100vw, 974px\" \/><\/p>\n<p>&nbsp;<\/p>\n<p><img loading=\"lazy\" decoding=\"async\" class=\"aligncenter wp-image-310857 size-full\" src=\"https:\/\/zakrasnejsivimperk.cz\/wp-content\/uploads\/2024\/06\/12\/vpk-fotbal-90.-31.jpg\" alt=\"\" width=\"671\" height=\"847\" srcset=\"https:\/\/zakrasnejsivimperk.cz\/wp-content\/uploads\/2024\/06\/12\/vpk-fotbal-90.-31.jpg 671w, https:\/\/zakrasnejsivimperk.cz\/wp-content\/uploads\/2024\/06\/12\/vpk-fotbal-90.-31-238x300.jpg 238w, https:\/\/zakrasnejsivimperk.cz\/wp-content\/uploads\/2024\/06\/12\/vpk-fotbal-90.-31-283x357.jpg 283w, https:\/\/zakrasnejsivimperk.cz\/wp-content\/uploads\/2024\/06\/12\/vpk-fotbal-90.-31-383x483.jpg 383w\" sizes=\"(max-width: 671px) 100vw, 671px\" \/><\/p>\n<p>&nbsp;<\/p>\n<p><img loading=\"lazy\" decoding=\"async\" class=\"aligncenter wp-image-310858 size-full\" src=\"https:\/\/zakrasnejsivimperk.cz\/wp-content\/uploads\/2024\/06\/12\/vpk-fotbal-90.-32.jpg\" alt=\"\" width=\"650\" height=\"956\" srcset=\"https:\/\/zakrasnejsivimperk.cz\/wp-content\/uploads\/2024\/06\/12\/vpk-fotbal-90.-32.jpg 650w, https:\/\/zakrasnejsivimperk.cz\/wp-content\/uploads\/2024\/06\/12\/vpk-fotbal-90.-32-204x300.jpg 204w, https:\/\/zakrasnejsivimperk.cz\/wp-content\/uploads\/2024\/06\/12\/vpk-fotbal-90.-32-243x357.jpg 243w, https:\/\/zakrasnejsivimperk.cz\/wp-content\/uploads\/2024\/06\/12\/vpk-fotbal-90.-32-328x483.jpg 328w\" sizes=\"(max-width: 650px) 100vw, 650px\" \/><\/p>\n<p>&nbsp;<\/p>\n<p><img loading=\"lazy\" decoding=\"async\" class=\"aligncenter wp-image-310859 size-full\" src=\"https:\/\/zakrasnejsivimperk.cz\/wp-content\/uploads\/2024\/06\/12\/vpk-fotbal-90.-33.jpg\" alt=\"\" width=\"681\" height=\"857\" srcset=\"https:\/\/zakrasnejsivimperk.cz\/wp-content\/uploads\/2024\/06\/12\/vpk-fotbal-90.-33.jpg 681w, https:\/\/zakrasnejsivimperk.cz\/wp-content\/uploads\/2024\/06\/12\/vpk-fotbal-90.-33-238x300.jpg 238w, https:\/\/zakrasnejsivimperk.cz\/wp-content\/uploads\/2024\/06\/12\/vpk-fotbal-90.-33-284x357.jpg 284w, https:\/\/zakrasnejsivimperk.cz\/wp-content\/uploads\/2024\/06\/12\/vpk-fotbal-90.-33-384x483.jpg 384w\" sizes=\"(max-width: 681px) 100vw, 681px\" \/><\/p>\n<p>&nbsp;<\/p>\n<p style=\"text-align: center;\"><strong>Autor u\u017e nezn\u00e1 p\u0159esnou dataci tohoto a dal\u0161\u00edch zde pod t\u00edmto titulkem zve\u0159ej\u0148ovan\u00fdch sn\u00edmk\u016f, p\u0159esto se domn\u00edv\u00e1, \u017ee by nem\u011bly z\u016fstat pouze v jeho archivu, ale \u017ee mohou zaj\u00edmat i mnoh\u00e9 \u010dten\u00e1\u0159e.<\/strong><\/p>\n<p>&nbsp;<\/p>\n<p>&nbsp;<\/p>\n<h6>Informovali jsme:<\/h6>\n<h4><a href=\"https:\/\/zakrasnejsivimperk.cz\/?p=310828\" target=\"_blank\" rel=\"noopener\">NA\u0160E M\u011aSTO VIMPERK \u2013 Z HISTORIE: Vimpersk\u00e1 devades\u00e1t\u00e1 \u2013 Fotbalist\u00e9 \u0160umavanu (3)<\/a><\/h4>\n<h4><a href=\"https:\/\/zakrasnejsivimperk.cz\/?p=307804\" target=\"_blank\" rel=\"noopener\">NA\u0160E M\u011aSTO VIMPERK \u2013 Z HISTORIE: Vimpersk\u00e1 devades\u00e1t\u00e1 \u2013 Fotbalist\u00e9 \u0160umavanu (2)<\/a><\/h4>\n<h4><a href=\"https:\/\/zakrasnejsivimperk.cz\/?p=300413\" target=\"_blank\" rel=\"noopener\">NA\u0160E M\u011aSTO VIMPERK \u2013 Z HISTORIE: Vimpersk\u00e1 devades\u00e1t\u00e1 \u2013 Fotbalist\u00e9 \u0160umavanu (1)<\/a><\/h4>\n<h4><a href=\"https:\/\/zakrasnejsivimperk.cz\/?p=287673\" target=\"_blank\" rel=\"noopener\">NA\u0160E M\u011aSTO VIMPERK -Z HISTORIE : P\u0159\u00edznivci, funkcion\u00e1\u0159i a hr\u00e1\u010di odd\u00edlu kopan\u00e9 TJ \u0160umavan \u2013 prvn\u00ed polovina osmdes\u00e1t\u00fdch let<\/a><\/h4>\n<h4><a href=\"https:\/\/zakrasnejsivimperk.cz\/?p=271292\" target=\"_blank\" rel=\"noopener\">NA\u0160E M\u011aSTO VIMPERK: Fotografie ze star\u00e9ho alba \u2013 Vimpersk\u00e1 devades\u00e1t\u00e1 \u2013 T\u011blocvi\u010dna Z\u00e1kladn\u00ed \u0161koly Smetanova Vimperk \u2013 radost v\u00edt\u011bz\u016f halov\u00e9ho fotbalov\u00e9ho turnaje<\/a><\/h4>\n<h4><a href=\"https:\/\/zakrasnejsivimperk.cz\/?p=270134\" target=\"_blank\" rel=\"noopener\">NA\u0160E M\u011aSTO VIMPERK: Fotografie ze star\u00e9ho alba \u2013 Vimpersk\u00e1 devades\u00e1t\u00e1 \u2013 V\u00edt\u011bzov\u00e9 \u017e\u00e1kovsk\u00e9ho fotbalov\u00e9ho turnaje v t\u011blocvi\u010dn\u011b Z\u0160 Smetanova<\/a><\/h4>\n<h4><a href=\"https:\/\/zakrasnejsivimperk.cz\/?p=270109\" target=\"_blank\" rel=\"noopener\">NA\u0160E M\u011aSTO VIMPERK: Fotografie ze star\u00e9ho alba \u2013 Vimpersk\u00e1 devades\u00e1t\u00e1 \u2013 Fotbalist\u00e9 vimpersk\u00e9ho \u0160umavanu s tren\u00e9rem Mare\u0161em p\u0159i silvestrovsk\u00e9m tr\u00e9ninku<\/a><\/h4>\n<h4><a href=\"https:\/\/zakrasnejsivimperk.cz\/?p=267399\" target=\"_blank\" rel=\"noopener\">NA\u0160E M\u011aSTO VIMPERK: Fotografie ze star\u00e9ho alba \u2013 Vimpersk\u00e1 devades\u00e1t\u00e1 \u2013 \u00da\u010dastn\u00edci turnaje v s\u00e1lov\u00e9 kopan\u00e9, kter\u00fd se hr\u00e1l v t\u011blocvi\u010dn\u011b Z\u00e1kladn\u00ed \u0161koly Smetanova<\/a><\/h4>\n<hr \/>\n<p>&nbsp;<\/p>\n","protected":false},"excerpt":{"rendered":"<p>&nbsp; V <\/p>\n","protected":false},"author":2,"featured_media":310865,"comment_status":"open","ping_status":"open","sticky":false,"template":"","format":"gallery","meta":{"footnotes":""},"categories":[74,86],"tags":[],"jetpack_featured_media_url":"https:\/\/zakrasnejsivimperk.cz\/wp-content\/uploads\/2024\/06\/12\/ram-fotbal-4.jpg","_links":{"self":[{"href":"https:\/\/zakrasnejsivimperk.cz\/index.php?rest_route=\/wp\/v2\/posts\/310862"}],"collection":[{"href":"https:\/\/zakrasnejsivimperk.cz\/index.php?rest_route=\/wp\/v2\/posts"}],"about":[{"href":"https:\/\/zakrasnejsivimperk.cz\/index.php?rest_route=\/wp\/v2\/types\/post"}],"author":[{"embeddable":true,"href":"https:\/\/zakrasnejsivimperk.cz\/index.php?rest_route=\/wp\/v2\/users\/2"}],"replies":[{"embeddable":true,"href":"https:\/\/zakrasnejsivimperk.cz\/index.php?rest_route=%2Fwp%2Fv2%2Fcomments&post=310862"}],"version-history":[{"count":3,"href":"https:\/\/zakrasnejsivimperk.cz\/index.php?rest_route=\/wp\/v2\/posts\/310862\/revisions"}],"predecessor-version":[{"id":312158,"href":"https:\/\/zakrasnejsivimperk.cz\/index.php?rest_route=\/wp\/v2\/posts\/310862\/revisions\/312158"}],"wp:featuredmedia":[{"embeddable":true,"href":"https:\/\/zakrasnejsivimperk.cz\/index.php?rest_route=\/wp\/v2\/media\/310865"}],"wp:attachment":[{"href":"https:\/\/zakrasnejsivimperk.cz\/index.php?rest_route=%2Fwp%2Fv2%2Fmedia&parent=310862"}],"wp:term":[{"taxonomy":"category","embeddable":true,"href":"https:\/\/zakrasnejsivimperk.cz\/index.php?rest_route=%2Fwp%2Fv2%2Fcategories&post=310862"},{"taxonomy":"post_tag","embeddable":true,"href":"https:\/\/zakrasnejsivimperk.cz\/index.php?rest_route=%2Fwp%2Fv2%2Ftags&post=310862"}],"curies":[{"name":"wp","href":"https:\/\/api.w.org\/{rel}","templated":true}]}}