{"id":30981,"date":"2015-09-15T04:31:57","date_gmt":"2015-09-15T03:31:57","guid":{"rendered":"http:\/\/zakrasnejsivimperk.cz\/?p=30981"},"modified":"2015-09-15T08:13:46","modified_gmt":"2015-09-15T07:13:46","slug":"zdenek-zenisek-take-jsem-doporucoval-mimoradnou-a-uspesnou-cinnost-starostky-nejak-ocenit","status":"publish","type":"post","link":"https:\/\/zakrasnejsivimperk.cz\/?p=30981","title":{"rendered":"ZDEN\u011aK \u017dEN\u00cd\u0160EK: Tak\u00e9 jsem doporu\u010doval mimo\u0159\u00e1dnou a \u00fasp\u011b\u0161nou \u010dinnost starostky ocenit"},"content":{"rendered":"<p>&nbsp;<\/p>\n<h6 style=\"text-align: justify;\"><strong>Rada m\u011bsta rozhodla (na n\u00e1vrh Bohumila Petr\u00e1\u0161ka \u2013 pozn. red.) poskytnout pen\u011b\u017en\u00ed dar starostce m\u011bsta Jaroslav\u011b Martanov\u00e9 za mimo\u0159\u00e1dn\u00e9 \u00fasil\u00ed p\u0159i p\u0159\u00edprav\u011b a realizaci nov\u00e9ho \u00fazemn\u00edho pl\u00e1nu m\u011bsta Vimperk. (V\u00edce <a href=\"http:\/\/zakrasnejsivimperk.cz\/?p=30762\" target=\"_blank\">ZDE<\/a>.)<\/strong><\/h6>\n<p>&nbsp;<\/p>\n<p>&nbsp;<\/p>\n<p>&nbsp;<\/p>\n<p style=\"text-align: justify;\"><strong>Do redakce jsme k tomu dostali stanovisko tajemn\u00edka M\u011bstsk\u00e9ho \u00fa\u0159adu ve Vimperku Zde\u0148ka \u017den\u00ed\u0161ka. Jeho text zve\u0159ej\u0148ujeme v pln\u00e9m zn\u011bn\u00ed bez redak\u010dn\u00ed \u00fapravy:\u00a0<\/strong><\/p>\n<p style=\"text-align: justify;\"><a href=\"http:\/\/zakrasnejsivimperk.cz\/wp-content\/uploads\/2014\/11\/zdenek-zenisekk.jpg\"><br \/>\n<\/a><a href=\"http:\/\/zakrasnejsivimperk.cz\/wp-content\/uploads\/2014\/11\/zdenek-zenisek.jpg\"><img loading=\"lazy\" decoding=\"async\" class=\" size-full wp-image-996 alignleft\" src=\"http:\/\/zakrasnejsivimperk.cz\/wp-content\/uploads\/2014\/11\/zdenek-zenisek.jpg\" alt=\"zdenek zenisek\" width=\"201\" height=\"251\" \/><\/a>V\u00fd\u0161e pen\u011b\u017eit\u00e9ho daru je 20.000,- K\u010d\u00a0 hrub\u00e9ho, co\u017e je cca 1\/3 m\u011bs\u00ed\u010dn\u00ed odm\u011bny (chcete-li platu) , kter\u00fd starosta ve Vimperku ze z\u00e1kona pob\u00edr\u00e1. Je b\u011b\u017enou prax\u00ed u v\u011bt\u0161iny \u00fa\u0159ad\u016f, \u017ee v\u00fd\u0161e odm\u011bn \u010di pen\u011b\u017eit\u00fdch dar\u016f u v\u0161ech odm\u011b\u0148ovan\u00fdch nejsou v\u00a0usnesen\u00edch zmi\u0148ov\u00e1na. N\u00e1vrh na odm\u011bnu zazn\u011bl ji\u017e na \u010dervnov\u00e9m zastupitelstvu jednak z\u00a0\u00fast Mgr. Dagmar R\u00fcckerov\u00e9 i od Ing. Bohumila Petr\u00e1\u0161ka. I j\u00e1 jsem doporu\u010doval zastupitel\u016fm mimo\u0159\u00e1dnou a \u00fasp\u011b\u0161nou \u010dinnost p\u00ed starostky p\u0159i tvorb\u011b \u00fazemn\u00edho pl\u00e1nu n\u011bjak ocenit, co\u017e mohli zaregistrovat \u00a0v\u0161ichni zastupitel\u00e9 i ti kte\u0159\u00ed p\u0159ed hlasov\u00e1n\u00edm usnesen\u00ed a n\u00e1sleduj\u00edc\u00ed kr\u00e1tk\u00e9 debat\u011b ode\u0161li ze s\u00e1lu. Samoz\u0159ejm\u011b, \u017ee velk\u00fd pod\u00edl na tvorb\u011b \u00fazemn\u00edho pl\u00e1nu m\u00e1 jak zpracovatel, tak po\u0159izovatel (stavebn\u00ed odbor). Je si t\u0159eba t\u00e9\u017e uv\u011bdomit, \u017ee v\u010dasn\u00fdm schv\u00e1len\u00edm \u00fazemn\u00edho pl\u00e1nu byla m\u011bstu u\u0161et\u0159ena \u010d\u00e1stka p\u0159es jeden mil. K\u010d, kterou by muselo za nespln\u011bn\u00ed podm\u00ednek dotace vracet a d\u00e1le byla po\u0159\u00edzena \u0159ada zm\u011bn, na kter\u00e9 by m\u011bsto muselo v\u00a0budoucnu vynalo\u017eit dal\u0161\u00ed finan\u010dn\u00ed prost\u0159edky.<\/p>\n<p style=\"text-align: justify;\"><strong>(red)<\/strong><\/p>\n<p style=\"text-align: justify;\"><strong>Foto: archiv<\/strong><\/p>\n<p style=\"text-align: justify;\">\n<p style=\"text-align: justify;\">Dal\u0161\u00ed n\u00e1zor zde:<\/p>\n<h6 class=\"entry-title\" style=\"text-align: justify;\"><a href=\"http:\/\/zakrasnejsivimperk.cz\/?p=30916\" target=\"_blank\">LUK\u00c1\u0160 S\u00ddS: Ukazuje se, jak moc vlivn\u00e1 a d\u016fle\u017eit\u00e1 je osoba Bohumila Petr\u00e1\u0161ka ve veden\u00ed m\u011bsta<\/a><\/h6>\n<p>&nbsp;<\/p>\n<p>&nbsp;<\/p>\n","protected":false},"excerpt":{"rendered":"<p>&nbsp; Rada <\/p>\n","protected":false},"author":2,"featured_media":17499,"comment_status":"open","ping_status":"open","sticky":false,"template":"","format":"standard","meta":{"footnotes":""},"categories":[7],"tags":[],"jetpack_featured_media_url":"https:\/\/zakrasnejsivimperk.cz\/wp-content\/uploads\/2015\/04\/V\u011bc-ve\u0159ejn\u00e1.jpg","_links":{"self":[{"href":"https:\/\/zakrasnejsivimperk.cz\/index.php?rest_route=\/wp\/v2\/posts\/30981"}],"collection":[{"href":"https:\/\/zakrasnejsivimperk.cz\/index.php?rest_route=\/wp\/v2\/posts"}],"about":[{"href":"https:\/\/zakrasnejsivimperk.cz\/index.php?rest_route=\/wp\/v2\/types\/post"}],"author":[{"embeddable":true,"href":"https:\/\/zakrasnejsivimperk.cz\/index.php?rest_route=\/wp\/v2\/users\/2"}],"replies":[{"embeddable":true,"href":"https:\/\/zakrasnejsivimperk.cz\/index.php?rest_route=%2Fwp%2Fv2%2Fcomments&post=30981"}],"version-history":[{"count":12,"href":"https:\/\/zakrasnejsivimperk.cz\/index.php?rest_route=\/wp\/v2\/posts\/30981\/revisions"}],"predecessor-version":[{"id":31033,"href":"https:\/\/zakrasnejsivimperk.cz\/index.php?rest_route=\/wp\/v2\/posts\/30981\/revisions\/31033"}],"wp:featuredmedia":[{"embeddable":true,"href":"https:\/\/zakrasnejsivimperk.cz\/index.php?rest_route=\/wp\/v2\/media\/17499"}],"wp:attachment":[{"href":"https:\/\/zakrasnejsivimperk.cz\/index.php?rest_route=%2Fwp%2Fv2%2Fmedia&parent=30981"}],"wp:term":[{"taxonomy":"category","embeddable":true,"href":"https:\/\/zakrasnejsivimperk.cz\/index.php?rest_route=%2Fwp%2Fv2%2Fcategories&post=30981"},{"taxonomy":"post_tag","embeddable":true,"href":"https:\/\/zakrasnejsivimperk.cz\/index.php?rest_route=%2Fwp%2Fv2%2Ftags&post=30981"}],"curies":[{"name":"wp","href":"https:\/\/api.w.org\/{rel}","templated":true}]}}