{"id":309417,"date":"2024-06-01T18:40:06","date_gmt":"2024-06-01T17:40:06","guid":{"rendered":"https:\/\/zakrasnejsivimperk.cz\/?p=309417"},"modified":"2024-06-01T18:40:06","modified_gmt":"2024-06-01T17:40:06","slug":"nase-mesto-vimperk-zapis-ze-zasedani-mestske-rady-dne-27-kvetna-2024","status":"publish","type":"post","link":"https:\/\/zakrasnejsivimperk.cz\/?p=309417","title":{"rendered":"NA\u0160E M\u011aSTO VIMPERK: Z\u00e1pis ze zased\u00e1n\u00ed m\u011bstsk\u00e9 rady \u2013 dne 27. kv\u011btna 2024"},"content":{"rendered":"<p><img loading=\"lazy\" decoding=\"async\" class=\"aligncenter wp-image-129874 size-full\" src=\"https:\/\/zakrasnejsivimperk.cz\/wp-content\/uploads\/2018\/05\/06\/dokumenty.jpg\" alt=\"\" width=\"799\" height=\"527\" srcset=\"https:\/\/zakrasnejsivimperk.cz\/wp-content\/uploads\/2018\/05\/06\/dokumenty.jpg 799w, https:\/\/zakrasnejsivimperk.cz\/wp-content\/uploads\/2018\/05\/06\/dokumenty-300x198.jpg 300w, https:\/\/zakrasnejsivimperk.cz\/wp-content\/uploads\/2018\/05\/06\/dokumenty-768x507.jpg 768w, https:\/\/zakrasnejsivimperk.cz\/wp-content\/uploads\/2018\/05\/06\/dokumenty-100x65.jpg 100w, https:\/\/zakrasnejsivimperk.cz\/wp-content\/uploads\/2018\/05\/06\/dokumenty-541x357.jpg 541w, https:\/\/zakrasnejsivimperk.cz\/wp-content\/uploads\/2018\/05\/06\/dokumenty-732x483.jpg 732w\" sizes=\"(max-width: 799px) 100vw, 799px\" \/><\/p>\n<p>&nbsp;<\/p>\n<h6>Rada m\u011bsta Vimperk na sv\u00e9m zased\u00e1n\u00ed 27. kv\u011btna 2024 projednala a schv\u00e1lila <em>(p\u0159in\u00e1\u0161\u00edme doslovn\u00fd p\u0159epis n\u011bkter\u00fdch usnesen\u00ed bez redak\u010dn\u00ed \u00fapravy)<\/em>:<\/h6>\n<p>&nbsp;<\/p>\n<p><strong>Usnesen\u00ed \u010d. 564<\/strong><br \/>\nRada m\u011bsta rozhodla poskytnout finan\u010dn\u00ed p\u0159\u00edsp\u011bvek z rozpo\u010dtu odboru soci\u00e1ln\u00edch v\u011bc\u00ed a zdravotnictv\u00ed ve v\u00fd\u0161i 49.500 K\u010d organizaci PREVENT 99 z. \u00fa. na projekt Jiho\u010desk\u00fd streetwork PREVENT, Kontaktn\u00ed centrum PREVENT Prachatice a Adiktologick\u00e1 poradna PREVENT dle p\u0159edlo\u017een\u00e9ho n\u00e1vrhu. Vy\u00fa\u010dtov\u00e1n\u00ed finan\u010dn\u00edho p\u0159\u00edsp\u011bvku je po\u017eadov\u00e1no dolo\u017eit do 31.01.2025.<\/p>\n<p>&nbsp;<\/p>\n<p><strong>Usnesen\u00ed \u010d. 565<\/strong><br \/>\nRada m\u011bsta rozhodla poskytnout dotaci ve v\u00fd\u0161i 10.000 K\u010d TJ \u0160umavan Vimperk, 1. m\u00e1je \u010dp. 321, Vimperk na \u010d\u00e1ste\u010dnou \u00fahradu n\u00e1klad\u016f spojen\u00fdch s po\u0159\u00e1d\u00e1n\u00edm letn\u00edho mezin\u00e1rodn\u00edho soust\u0159ed\u011bn\u00ed ve stoln\u00edm tenisu, kter\u00e9 se uskute\u010dn\u00ed 27.07.2024 \u2013 31.07.2024 v t\u011blocvi\u010dn\u011b Z\u0160 Smetanova Vimperk. Rada m\u011bsta po\u017eaduje p\u0159edlo\u017eit vy\u00fa\u010dtov\u00e1n\u00ed nejpozd\u011bji do 30.09.2024.<\/p>\n<p>&nbsp;<\/p>\n<p><strong>Usnesen\u00ed \u010d. 568<\/strong><br \/>\nRada m\u011bsta rozhodla, na z\u00e1klad\u011b v\u00fdsledk\u016f konkursn\u00edho \u0159\u00edzen\u00ed, jmenovat do funkce \u0159editelky Z\u00e1kladn\u00ed \u0161koly T. G. Masaryka Vimperk, 1. m\u00e1je 268 okres Prachatice, Mgr. Kl\u00e1ru \u0160vejdovou, a to po\u010d\u00ednaje 01.08.2024. Rada m\u011bsta pov\u011b\u0159uje odbor \u0161kolstv\u00ed, kultury a cestovn\u00edho ruchu vy\u0159\u00edzen\u00edm pat\u0159i\u010dn\u00fdch administrativn\u00edch \u00fakon\u016f.<\/p>\n<p>&nbsp;<\/p>\n<p><strong>Usnesen\u00ed \u010d. 569<\/strong><br \/>\nRada m\u011bsta stanovuje v\u00fd\u0161i \u00faplaty za p\u0159ed\u0161koln\u00ed vzd\u011bl\u00e1v\u00e1n\u00ed v Mate\u0159sk\u00e9 \u0161kole, Vimperk 1. m\u00e1je 180 na 600 K\u010d\/m\u011bs\u00edc\/d\u00edt\u011b s platnost\u00ed od 01.09.2024.<\/p>\n<p>&nbsp;<\/p>\n<p><strong>Usnesen\u00ed \u010d. 570<\/strong><br \/>\nRada m\u011bsta stanovuje v\u00fd\u0161i \u00faplaty za p\u0159ed\u0161koln\u00ed vzd\u011bl\u00e1v\u00e1n\u00ed v Mate\u0159sk\u00e9 \u0161kole Vimperk, Klostermannova 365 na 600 K\u010d\/m\u011bs\u00edc\/d\u00edt\u011b s platnost\u00ed od 01.09.2024.<\/p>\n<p>&nbsp;<\/p>\n<p><strong>Usnesen\u00ed \u010d. 571<\/strong><br \/>\nRada m\u011bsta stanovuje v\u00fd\u0161i \u00faplaty za vzd\u011bl\u00e1v\u00e1n\u00ed ve \u0161koln\u00ed dru\u017ein\u011b Z\u00e1kladn\u00ed \u0161koly T. G. Masaryka Vimperk, 1. m\u00e1je 268 na 400 K\u010d\/m\u011bs\u00edc\/\u017e\u00e1k s platnost\u00ed od 01.09.2024.<\/p>\n<p>&nbsp;<\/p>\n<p><strong>Usnesen\u00ed \u010d. 572<\/strong><br \/>\nRada m\u011bsta stanovuje v\u00fd\u0161i \u00faplaty za vzd\u011bl\u00e1v\u00e1n\u00ed ve \u0161koln\u00ed dru\u017ein\u011b Z\u00e1kladn\u00ed \u0161koly Vimperk, Smetanova 405 na 400 K\u010d\/m\u011bs\u00edc\/\u017e\u00e1k s platnost\u00ed od 01.09.2024.<\/p>\n<p>&nbsp;<\/p>\n<p><strong>R1) Informace \u2013<\/strong> rada m\u011bsta projednala n\u00e1vrh na poskytnut\u00ed slevy na n\u00e1jemn\u00e9m z pronajat\u00fdch NP dle p\u0159edlo\u017een\u00e9ho n\u00e1vrhu, odbor hospod\u00e1\u0159sk\u00fd a bytov\u00fd M\u011b\u00da Vimperk p\u0159iprav\u00ed podklady pro jedn\u00e1n\u00ed rady m\u011bsta \u2013 bez usnesen\u00ed.<\/p>\n<p>&nbsp;<\/p>\n<p>&nbsp;<\/p>\n<p><strong>Zdroj: M\u011aSTO VIMPERK<\/strong><\/p>\n<p>&nbsp;<\/p>\n<p><strong>(red)<\/strong><\/p>\n<p>Ilustra\u010dn\u00ed foto: archiv (red) \u2013 Za kr\u00e1sn\u011bj\u0161\u00ed Vimperk<\/p>\n<h6><a href=\"https:\/\/www.vimperk.cz\/zapisy-ze-zasedani-rady\/ds-1128\/p1=9521\" target=\"_blank\" rel=\"noopener\">Cel\u00fd z\u00e1pis z jedn\u00e1n\u00ed<\/a><\/h6>\n<hr \/>\n<p>&nbsp;<\/p>\n","protected":false},"excerpt":{"rendered":"<p>&nbsp; Rada <\/p>\n","protected":false},"author":2,"featured_media":100722,"comment_status":"open","ping_status":"open","sticky":false,"template":"","format":"gallery","meta":{"footnotes":""},"categories":[115],"tags":[],"jetpack_featured_media_url":"https:\/\/zakrasnejsivimperk.cz\/wp-content\/uploads\/2017\/06\/15\/dokumenty-3.jpg","_links":{"self":[{"href":"https:\/\/zakrasnejsivimperk.cz\/index.php?rest_route=\/wp\/v2\/posts\/309417"}],"collection":[{"href":"https:\/\/zakrasnejsivimperk.cz\/index.php?rest_route=\/wp\/v2\/posts"}],"about":[{"href":"https:\/\/zakrasnejsivimperk.cz\/index.php?rest_route=\/wp\/v2\/types\/post"}],"author":[{"embeddable":true,"href":"https:\/\/zakrasnejsivimperk.cz\/index.php?rest_route=\/wp\/v2\/users\/2"}],"replies":[{"embeddable":true,"href":"https:\/\/zakrasnejsivimperk.cz\/index.php?rest_route=%2Fwp%2Fv2%2Fcomments&post=309417"}],"version-history":[{"count":1,"href":"https:\/\/zakrasnejsivimperk.cz\/index.php?rest_route=\/wp\/v2\/posts\/309417\/revisions"}],"predecessor-version":[{"id":309418,"href":"https:\/\/zakrasnejsivimperk.cz\/index.php?rest_route=\/wp\/v2\/posts\/309417\/revisions\/309418"}],"wp:featuredmedia":[{"embeddable":true,"href":"https:\/\/zakrasnejsivimperk.cz\/index.php?rest_route=\/wp\/v2\/media\/100722"}],"wp:attachment":[{"href":"https:\/\/zakrasnejsivimperk.cz\/index.php?rest_route=%2Fwp%2Fv2%2Fmedia&parent=309417"}],"wp:term":[{"taxonomy":"category","embeddable":true,"href":"https:\/\/zakrasnejsivimperk.cz\/index.php?rest_route=%2Fwp%2Fv2%2Fcategories&post=309417"},{"taxonomy":"post_tag","embeddable":true,"href":"https:\/\/zakrasnejsivimperk.cz\/index.php?rest_route=%2Fwp%2Fv2%2Ftags&post=309417"}],"curies":[{"name":"wp","href":"https:\/\/api.w.org\/{rel}","templated":true}]}}