{"id":309241,"date":"2024-06-02T12:14:38","date_gmt":"2024-06-02T11:14:38","guid":{"rendered":"https:\/\/zakrasnejsivimperk.cz\/?p=309241"},"modified":"2024-06-03T12:53:38","modified_gmt":"2024-06-03T11:53:38","slug":"jizni-cechy-co-se-deje-v-prachaticich-informace-o-jednani-rady-mesta-27-5","status":"publish","type":"post","link":"https:\/\/zakrasnejsivimperk.cz\/?p=309241","title":{"rendered":"JI\u017dN\u00cd \u010cECHY: Co se d\u011bje v Prachatic\u00edch. Informace o jedn\u00e1n\u00ed rady m\u011bsta &#8211; 27. 5."},"content":{"rendered":"<figure id=\"attachment_279925\" aria-describedby=\"caption-attachment-279925\" style=\"width: 1100px\" class=\"wp-caption aligncenter\"><img loading=\"lazy\" decoding=\"async\" class=\"wp-image-279925 size-full\" src=\"https:\/\/zakrasnejsivimperk.cz\/wp-content\/uploads\/2023\/05\/30\/prachatice-1.jpg\" alt=\"\" width=\"1100\" height=\"639\" srcset=\"https:\/\/zakrasnejsivimperk.cz\/wp-content\/uploads\/2023\/05\/30\/prachatice-1.jpg 1100w, https:\/\/zakrasnejsivimperk.cz\/wp-content\/uploads\/2023\/05\/30\/prachatice-1-300x174.jpg 300w, https:\/\/zakrasnejsivimperk.cz\/wp-content\/uploads\/2023\/05\/30\/prachatice-1-1024x595.jpg 1024w, https:\/\/zakrasnejsivimperk.cz\/wp-content\/uploads\/2023\/05\/30\/prachatice-1-768x446.jpg 768w, https:\/\/zakrasnejsivimperk.cz\/wp-content\/uploads\/2023\/05\/30\/prachatice-1-615x357.jpg 615w, https:\/\/zakrasnejsivimperk.cz\/wp-content\/uploads\/2023\/05\/30\/prachatice-1-831x483.jpg 831w\" sizes=\"(max-width: 1100px) 100vw, 1100px\" \/><figcaption id=\"caption-attachment-279925\" class=\"wp-caption-text\">Prachatice \u2013 pohled ze Zvolensk\u00e9 ulice na historick\u00e9 centrum \/ Foto: (red) \u2013 Za kr\u00e1sn\u011bj\u0161\u00ed Vimperk<\/figcaption><\/figure>\n<p>&nbsp;<\/p>\n<h6>P\u0159\u00edprava na \u00fahradu kr\u00e1tkodob\u00e9ho parkov\u00e1n\u00ed prost\u0159ednictv\u00edm <strong>mobiln\u00ed aplikace <\/strong><\/h6>\n<p>Rada m\u011bsta schv\u00e1lila aktualizovanou verzi na\u0159\u00edzen\u00ed, v r\u00e1mci kter\u00e9ho jsou zpoplatn\u011bny vybran\u00e9 parkovac\u00ed plochy. Ve sm\u011bs kosmetick\u00e9 \u00fapravy na\u0159\u00edzen\u00ed, kter\u00fdm se nijak nem\u011bn\u00ed v\u00fd\u0161e parkovn\u00e9ho, vych\u00e1zej\u00ed z metodiky a doporu\u010den\u00ed Ministerstva vnitra, Ministerstva dopravy a Ministerstva financ\u00ed. Z\u00e1rove\u0148 ji\u017e na\u0159\u00edzen\u00ed po\u010d\u00edt\u00e1 s t\u00edm, \u017ee nebude nutn\u00e9 prokazovat uhrazen\u00e9 parkov\u00e1n\u00ed vystaven\u00edm parkovac\u00edho l\u00edstku za \u010deln\u00edm sklem vozu, ale kontrolu zaplacen\u00e9ho parkov\u00e1n\u00ed provedou str\u00e1\u017en\u00edci M\u011bstsk\u00e9 policie Prachatice prost\u0159ednictv\u00edm na\u010dten\u00ed registra\u010dn\u00ed zna\u010dky do mobiln\u00edho telefonu, kter\u00fd maj\u00ed b\u011b\u017en\u011b k dispozici. Tento princip kontroly, kter\u00e1 je postaven\u00e1 na zad\u00e1n\u00ed registra\u010dn\u00ed zna\u010dky do syst\u00e9mu, umo\u017en\u00ed, \u017ee i v na\u0161em m\u011bst\u011b bude mo\u017en\u00e9 hradit parkovn\u00e9 tak\u00e9 prost\u0159ednictv\u00edm aplikace, a\u0165 ji\u017e v mobiln\u00edm telefonu nebo p\u0159\u00edmo ve vozidle. Mnoho \u0159idi\u010d\u016f zn\u00e1 tento standard i z jin\u00fdch m\u011bst. M\u011bsto Prachatice v tuto chv\u00edli jedn\u00e1 s provozovatelem aplikace Easypark, kter\u00e1 je v \u010cesk\u00e9 republice hojn\u011b roz\u0161\u00ed\u0159en\u00e1 v\u010detn\u011b hlavn\u00edho m\u011bsta Prahy.<\/p>\n<p><em>\u201eZaveden\u00ed platby parkovn\u00e9ho platebn\u00ed kartou \u010di mobiln\u00edm telefonem a n\u00e1sledn\u011b tak\u00e9 prost\u0159ednictv\u00edm mobiln\u00ed aplikace byly dva z\u00e1kladn\u00ed kroky, jak tento proces posunout k sou\u010dasn\u00fdm standard\u016fm. Jak ve m\u011bst\u011b ji\u017e instalovan\u00e9 parkovac\u00ed automaty, tak pl\u00e1novan\u00e1 mobiln\u00ed aplikace jsou prost\u0159edky, se kter\u00fdmi se \u0159idi\u010di b\u011b\u017en\u011b setk\u00e1vaj\u00ed.\u00a0 V\u00fdhodou aplikace je, \u017ee sama rozpozn\u00e1 placenou z\u00f3nu a v\u00fd\u0161i poplatku a nav\u00edc si \u0159idi\u010d m\u016f\u017ee parkov\u00e1n\u00ed bez probl\u00e9m\u016f prodlou\u017eit nebo i zkr\u00e1tit, a to ani\u017e by musel op\u011btovn\u011b zp\u011bt ke sv\u00e9mu vozidlu,\u201c<\/em> shrnul starosta m\u011bsta Jan Bauer.<\/p>\n<p><strong>\u00a0<\/strong><\/p>\n<h6>Participativn\u00ed rozpo\u010det postupuje do ve\u0159ejn\u00e9ho hlasov\u00e1n\u00ed<\/h6>\n<p>Participativn\u00ed rozpo\u010det je proces zapojen\u00ed ve\u0159ejnosti do rozhodov\u00e1n\u00ed o vynalo\u017een\u00ed ur\u010dit\u00e9 \u010d\u00e1sti ve\u0159ejn\u00fdch financ\u00ed vy\u010dlen\u011bn\u00fdch z rozpo\u010dtu m\u011bsta. V r\u00e1mci procesu ob\u010dan\u00e9 navrhuj\u00ed, na jak\u00e9 ve\u0159ejn\u011b prosp\u011b\u0161n\u00e9 projekty bude \u010d\u00e1st financ\u00ed pou\u017eita, n\u00e1sledn\u011b o n\u00e1vrz\u00edch hlasuj\u00ed. Samotnou realizaci v\u00edt\u011bzn\u00fdch n\u00e1vrh\u016f zaji\u0161\u0165uje m\u011bsto Prachatice. Navrhovan\u00fd projekt mus\u00ed b\u00fdt investic\u00ed, opravou majetku m\u011bsta, \u010di n\u00e1kupem mobili\u00e1\u0159e.<\/p>\n<p>Rada m\u011bsta po\u010d\u00e1tkem leto\u0161n\u00edho roku schv\u00e1lila pravidla participativn\u00edho rozpo\u010dtu, jednotliv\u00e9 n\u00e1vrhy na zlep\u0161en\u00ed ve\u0159ejn\u00e9ho prostoru mohli ob\u010dan\u00e9 pod\u00e1vat v term\u00ednu od 1. b\u0159ezna do 1. kv\u011btna. Na realizaci n\u00e1vrh\u016f v r\u00e1mci participativn\u00edho rozpo\u010dtu m\u011bsto pro rok 2024 vy\u010dlenilo finan\u010dn\u00ed prost\u0159edky ve v\u00fd\u0161i 200 000 K\u010d. Radn\u00ed se na pond\u011bln\u00edm jedn\u00e1n\u00ed sezn\u00e1mili s p\u0159ijat\u00fdmi n\u00e1vrhy. V \u0159\u00e1dn\u00e9m term\u00ednu obdr\u017eelo m\u011bsto Prachatice v leto\u0161n\u00edm roce p\u011bt n\u00e1vrh\u016f od ob\u010dan\u016f, \u010dty\u0159i z t\u011bchto n\u00e1vrh\u016f postupuj\u00ed do ve\u0159ejn\u00e9ho hlasov\u00e1n\u00ed, jeden n\u00e1vrh nesplnil p\u0159edepsan\u00e1 pravidla pro p\u0159id\u011blen\u00ed participativn\u00edho rozpo\u010dtu. Nyn\u00ed bude n\u00e1sledovat ve\u0159ejn\u00e9 hlasov\u00e1n\u00ed elektronickou formou na port\u00e1lu <strong><a href=\"http:\/\/www.tvorime.prachatice.eu\/\" target=\"_blank\" rel=\"noopener\">www.tvorime.prachatice.eu<\/a><\/strong> a do 5 pracovn\u00edch dn\u00ed po ukon\u010den\u00ed hlasov\u00e1n\u00ed bude na tomto port\u00e1lu zve\u0159ejn\u011bn v\u00fdsledek.<\/p>\n<p><em>\u201eT\u011b\u0161\u00ed n\u00e1s z\u00e1jem ob\u010dan\u016f o zapojen\u00ed do ve\u0159ejn\u00e9ho d\u011bn\u00ed prost\u0159ednictv\u00edm participativn\u00edho rozpo\u010dtu m\u011bsta Prachatice, aktu\u00e1ln\u011b bude od 4. \u010dervna do 18. \u010dervna prob\u00edhat ve\u0159ejn\u00e9 hlasov\u00e1n\u00ed. O samotnou realizaci sout\u011b\u017e\u00ed n\u00e1vrhy v podob\u011b Posezen\u00ed v Ka\u0161tanov\u011b ulici, Nau\u010dn\u00e1 stezka v P\u0159\u00edrodn\u00ed rezervaci Lib\u00edn, Posezen\u00ed pod l\u00edpou v ulici U Lipov\u00e9ho dvora a D\u011btsk\u00e9 hern\u00ed prvky u \u0160t\u011bp\u00e1n\u010dina parku,\u201c<\/em> up\u0159esnil organiza\u010dn\u00ed postup v r\u00e1mci participativn\u00edho rozpo\u010dtu starosta Jan Bauer.<\/p>\n<p><strong>\u00a0<\/strong><\/p>\n<h6>V\u00fdro\u010dn\u00ed zpr\u00e1va Sportovn\u00edho za\u0159\u00edzen\u00ed<strong> Prachatice <\/strong><\/h6>\n<p>\u0158editel Martin Kutl\u00e1k sezn\u00e1mil radn\u00ed na pond\u011bln\u00edm jedn\u00e1n\u00ed s v\u00fdro\u010dn\u00ed zpr\u00e1vou Sportovn\u00edho za\u0159\u00edzen\u00ed za rok 2023, kter\u00e1 informuje o \u010dinnosti a hospoda\u0159en\u00ed t\u00e9to p\u0159\u00edsp\u011bvkov\u00e9 organizace v roce 2023. Sportovi\u0161t\u011b pod spr\u00e1vou Sportovn\u00edho za\u0159\u00edzen\u00ed Prachatice p.o. slou\u017e\u00ed p\u0159edev\u0161\u00edm ke sportu a relaxaci r\u016fzn\u011b v\u00fdkonnostn\u011b i v\u011bkov\u011b zalo\u017een\u00fdch osob. V dopoledn\u00edch hodin\u00e1ch vyu\u017e\u00edvaj\u00ed zejm\u00e9na plaveck\u00fd baz\u00e9n, sportovn\u00ed halu a m\u011bstsk\u00fd stadion mate\u0159sk\u00e9, z\u00e1kladn\u00ed a st\u0159edn\u00ed \u0161koly v r\u00e1mci povinn\u00e9 t\u011blesn\u00e9 v\u00fdchovy a plaveck\u00e9ho v\u00fdcviku. V odpoledn\u00edch, podve\u010dern\u00edch a ve\u010dern\u00edch hodin\u00e1ch jsou sportovi\u0161t\u011b k dispozici nejen prachatick\u00e9 ve\u0159ejnosti, ale i sportovn\u00edm odd\u00edl\u016fm, dobrovoln\u00fdm i profesion\u00e1ln\u00edm hasi\u010d\u016fm. Mezi nejv\u011bt\u0161\u00ed investi\u010dn\u00ed akce v roce 2023, kter\u00e9 zajist\u00ed roz\u0161\u00ed\u0159en\u00ed mo\u017enost\u00ed sportovn\u00edho vyu\u017eit\u00ed a zv\u00fd\u0161\u00ed komfort nab\u00edzen\u00fdch slu\u017eeb pat\u0159ila oprava baz\u00e9nov\u00fdch van na ve\u0159ejn\u00e9m koupali\u0161ti Hul\u00e1k a d\u011btsk\u00e9 baz\u00e9nov\u00e9 vany ve Sportovn\u011b relaxa\u010dn\u00edm centru, d\u00e1le nap\u0159\u00edklad zpracov\u00e1n\u00ed projektov\u00e9 dokumentace na rekonstrukci travnat\u00e9ho fotbalov\u00e9ho h\u0159i\u0161t\u011b a modernizace webov\u00fdch str\u00e1nek a integrace rezerva\u010dn\u00edho syst\u00e9mu.<\/p>\n<p><em>\u201eTerm\u00edn dokon\u010den\u00ed prac\u00ed spojen\u00fdch s modernizac\u00ed odbavovac\u00edho a platebn\u00edho syst\u00e9mu je pl\u00e1nov\u00e1n na 15. \u010dervna, v tento den bude v p\u0159\u00edpad\u011b p\u0159\u00edzniv\u00e9ho po\u010das\u00ed otev\u0159eno venkovn\u00ed koupali\u0161t\u011b Hul\u00e1k. N\u00e1v\u0161t\u011bvn\u00edci tak budou moci nov\u011b vyu\u017e\u00edvat sv\u00e1 st\u00e1vaj\u00edc\u00ed abonentn\u00ed m\u00e9dia z kryt\u00e9ho baz\u00e9nu tak\u00e9 k n\u00e1v\u0161t\u011bv\u011b ve\u0159ejn\u00e9ho koupali\u0161t\u011b. Sta\u010d\u00ed jim tedy nab\u00edt kredit na abonentsk\u00fd n\u00e1ramek \u010di elektronickou pen\u011b\u017eenku a mohou proj\u00edt turnikety, ani\u017e by st\u00e1li u vstupu frontu. Pokud n\u00e1v\u0161t\u011bvn\u00edci nedisponuj\u00ed \u017e\u00e1dn\u00fdm abonentn\u00edm m\u00e9diem a cht\u011bj\u00ed se vyhnout front\u011b na vstupu, budou m\u00edt nov\u011b mo\u017enost zakoupit si jednor\u00e1zov\u00e9 vstupn\u00e9 p\u0159es e-shop a n\u00e1sledn\u011b budou moci proj\u00edt p\u0159es turniket pomoc\u00ed zaslan\u00e9ho QR k\u00f3du,\u201c<\/em> informoval Martin Kutl\u00e1k.<\/p>\n<p>Milovn\u00edci sauny se nemus\u00ed tento rok b\u00e1t, \u017ee by se jim saunov\u00fd sv\u011bt po dobu letn\u00edch pr\u00e1zdnin zcela uzav\u0159el. Provoz panoramatick\u00e9 sauny je od 1.7. pl\u00e1nov\u00e1n pravideln\u011b dvakr\u00e1t t\u00fddn\u011b. V p\u0159\u00edpad\u011b chladn\u00e9ho a de\u0161tiv\u00e9ho po\u010das\u00ed bude provoz roz\u0161\u00ed\u0159en. \u201e<em>Krom\u011b saunov\u00e9ho sv\u011bta budou m\u00edt toto l\u00e9to n\u00e1v\u0161t\u011bvn\u00edci Sportovn\u011b relaxa\u010dn\u00edho centra mo\u017enost nav\u0161t\u011bvovat tak\u00e9 fitness, kter\u00e9 jim d\u00edky nov\u00e9mu odbavovac\u00edmu syst\u00e9mu bude k dispozici v re\u017eimu bezobslu\u017en\u00e9ho provozu. Kryt\u00fd plaveck\u00fd baz\u00e9n v\u0161ak z\u016fstane od 1.7. minim\u00e1ln\u011b do poloviny srpna uzav\u0159en z d\u016fvodu proveden\u00ed nutn\u00e9 pravideln\u00e9 \u00fadr\u017eby,\u201c<\/em> up\u0159esnil radn\u00edm provoz ve\u0159ejn\u00e9ho koupali\u0161t\u011b a doprovodn\u00fdch aktivit v leto\u0161n\u00ed sez\u00f3n\u011b \u0159editel Sportovn\u00edho za\u0159\u00edzen\u00ed Martin Kutl\u00e1k.<\/p>\n<p>&nbsp;<\/p>\n<p><strong>Eva SUCH\u00c1, M\u011bsto Prachatice<\/strong><\/p>\n<hr \/>\n<p>&nbsp;<\/p>\n<h6>Informovali jsme:<\/h6>\n<h4><a href=\"https:\/\/zakrasnejsivimperk.cz\/?p=308244\" target=\"_blank\" rel=\"noopener\">JI\u017dN\u00cd \u010cECHY: Prachatice maj\u00ed novou kv\u011btinovou v\u00fdzdobu v centru m\u011bsta<\/a><\/h4>\n<h4><a href=\"https:\/\/zakrasnejsivimperk.cz\/?p=306574\" target=\"_blank\" rel=\"noopener\">JI\u017dN\u00cd \u010cECHY: Co se d\u011bje v Prachatic\u00edch. Informace o jedn\u00e1n\u00ed rady m\u011bsta 29. 4.<\/a><\/h4>\n<h4><a href=\"https:\/\/zakrasnejsivimperk.cz\/?p=306137\" target=\"_blank\" rel=\"noopener\">JI\u017dN\u00cd \u010cECHY: Co se d\u011bje v Prachatic\u00edch. Informace o jedn\u00e1n\u00ed zastupitel\u016f 29. 4.<\/a><\/h4>\n<h4><a href=\"https:\/\/zakrasnejsivimperk.cz\/?p=306578\" target=\"_blank\" rel=\"noopener\">JI\u017dN\u00cd \u010cECHY: Uzav\u0159en\u00edm Po\u0161tovn\u00ed ulice vznikl klidn\u00fd ve\u0159ejn\u00fd prostor v centru<\/a><\/h4>\n<h4><a href=\"https:\/\/zakrasnejsivimperk.cz\/?p=299453\" target=\"_blank\" rel=\"noopener\">JI\u017dN\u00cd \u010cECHY: Prachatice op\u011bt odpust\u00ed poplatek za provozov\u00e1n\u00ed p\u0159edzahr\u00e1dek<\/a><\/h4>\n<h4><a href=\"https:\/\/zakrasnejsivimperk.cz\/?p=305487\" target=\"_blank\" rel=\"noopener\">JI\u017dN\u00cd \u010cECHY: Oprava unik\u00e1tn\u00edch slune\u010dn\u00edch hodin na Mal\u00e9m n\u00e1m\u011bst\u00ed v Prachatic\u00edch je dokon\u010dena<\/a><\/h4>\n<h4><a href=\"https:\/\/zakrasnejsivimperk.cz\/?p=303157\" target=\"_blank\" rel=\"noopener\">JI\u017dN\u00cd \u010cECHY: Prachatice v sobotu slavnostn\u011b otev\u0159ely kongresov\u00e9 centrum, jak\u00e9 Vimperk m\u016f\u017ee jen z\u00e1vid\u011bt<\/a><\/h4>\n<hr \/>\n<p>&nbsp;<\/p>\n","protected":false},"excerpt":{"rendered":"<p>&nbsp; P\u0159\u00edprava <\/p>\n","protected":false},"author":2,"featured_media":279925,"comment_status":"open","ping_status":"open","sticky":false,"template":"","format":"gallery","meta":{"footnotes":""},"categories":[10],"tags":[],"jetpack_featured_media_url":"https:\/\/zakrasnejsivimperk.cz\/wp-content\/uploads\/2023\/05\/30\/prachatice-1.jpg","_links":{"self":[{"href":"https:\/\/zakrasnejsivimperk.cz\/index.php?rest_route=\/wp\/v2\/posts\/309241"}],"collection":[{"href":"https:\/\/zakrasnejsivimperk.cz\/index.php?rest_route=\/wp\/v2\/posts"}],"about":[{"href":"https:\/\/zakrasnejsivimperk.cz\/index.php?rest_route=\/wp\/v2\/types\/post"}],"author":[{"embeddable":true,"href":"https:\/\/zakrasnejsivimperk.cz\/index.php?rest_route=\/wp\/v2\/users\/2"}],"replies":[{"embeddable":true,"href":"https:\/\/zakrasnejsivimperk.cz\/index.php?rest_route=%2Fwp%2Fv2%2Fcomments&post=309241"}],"version-history":[{"count":6,"href":"https:\/\/zakrasnejsivimperk.cz\/index.php?rest_route=\/wp\/v2\/posts\/309241\/revisions"}],"predecessor-version":[{"id":309698,"href":"https:\/\/zakrasnejsivimperk.cz\/index.php?rest_route=\/wp\/v2\/posts\/309241\/revisions\/309698"}],"wp:featuredmedia":[{"embeddable":true,"href":"https:\/\/zakrasnejsivimperk.cz\/index.php?rest_route=\/wp\/v2\/media\/279925"}],"wp:attachment":[{"href":"https:\/\/zakrasnejsivimperk.cz\/index.php?rest_route=%2Fwp%2Fv2%2Fmedia&parent=309241"}],"wp:term":[{"taxonomy":"category","embeddable":true,"href":"https:\/\/zakrasnejsivimperk.cz\/index.php?rest_route=%2Fwp%2Fv2%2Fcategories&post=309241"},{"taxonomy":"post_tag","embeddable":true,"href":"https:\/\/zakrasnejsivimperk.cz\/index.php?rest_route=%2Fwp%2Fv2%2Ftags&post=309241"}],"curies":[{"name":"wp","href":"https:\/\/api.w.org\/{rel}","templated":true}]}}