{"id":30864,"date":"2015-09-13T11:55:35","date_gmt":"2015-09-13T10:55:35","guid":{"rendered":"http:\/\/zakrasnejsivimperk.cz\/?p=30864"},"modified":"2015-09-13T11:55:35","modified_gmt":"2015-09-13T10:55:35","slug":"plana-jihocesti-zachranari-maji-novou-leteckou-zakladnu-i-vyjezdove-stanoviste","status":"publish","type":"post","link":"https:\/\/zakrasnejsivimperk.cz\/?p=30864","title":{"rendered":"PLAN\u00c1: Jiho\u010de\u0161t\u00ed z\u00e1chran\u00e1\u0159i maj\u00ed novou leteckou z\u00e1kladnu i v\u00fdjezdov\u00e9 stanovi\u0161t\u011b"},"content":{"rendered":"<p style=\"text-align: justify;\"><strong>Nov\u00e1 leteck\u00e1 z\u00e1kladna pro vrtuln\u00edk za\u010dala ofici\u00e1ln\u011b slou\u017eit Zdravotnick\u00e9 z\u00e1chrann\u00e9 slu\u017eb\u011b Jiho\u010desk\u00e9ho kraje (ZZS J\u010dK) v sobotu 12. z\u00e1\u0159\u00ed. Stanovi\u0161t\u011b vyrostlo za zhruba rok v sousedstv\u00ed \u010deskobud\u011bjovick\u00e9ho leti\u0161t\u011b v Plan\u00e9 a n\u00e1klady na jeho vybudov\u00e1n\u00ed ve v\u00fd\u0161i necel\u00fdch 60 milion\u016f korun hradil z\u0159izovatel ZZS J\u010dK \u2013 kraj.<\/strong><\/p>\n<p style=\"text-align: justify;\">Z\u00e1kladna leteck\u00e9 z\u00e1chrann\u00e9 slu\u017eby se dosud nach\u00e1zela na hos\u00ednsk\u00e9m leti\u0161ti na \u010ceskobud\u011bjovicku. \u201eProblematick\u00fd byl stav tamn\u00edho objektu, kter\u00fd nebylo mo\u017en\u00e9 udr\u017eovat ani do n\u011bj investovat, nebo\u0165 se jedn\u00e1 o soukrom\u00fd majetek a z\u00e1chrann\u00e1 slu\u017eba tam byla pouze v n\u00e1jmu. Nav\u00edc jej\u00ed um\u00edst\u011bn\u00ed do Plan\u00e9 je logi\u010dt\u011bj\u0161\u00ed ne\u017e v Hos\u00edn\u011b, proto\u017ee je to podstatn\u011b bl\u00ed\u017e k \u010deskobud\u011bjovick\u00e9 nemocnici,\u201c shrnul hejtman Ji\u0159\u00ed Zimola d\u016fvody, pro\u010d se kraj rozhodl do st\u011bhov\u00e1n\u00ed investovat.<\/p>\n<p style=\"text-align: justify;\">Provozovatelem vrtuln\u00edku leteck\u00e9 z\u00e1chrann\u00e9 slu\u017eby je na z\u00e1klad\u011b smlouvy s ministerstvem zdravotnictv\u00ed spole\u010dnost Alfa \u2013 Helicopter. \u201eOdborn\u00fd person\u00e1l, zdravotnick\u00e9 vybaven\u00ed a p\u0159\u00edstrojovou techniku zabezpe\u010dujeme my,\u201c dodal \u0159editel ZZS J\u010dK Marek Slab\u00fd.<\/p>\n<p style=\"text-align: justify;\">Sou\u010d\u00e1st\u00ed z\u00e1kladny leteck\u00e9 z\u00e1chrann\u00e9 slu\u017eby je i nov\u00e9 v\u00fdjezdov\u00e9 stanovi\u0161t\u011b pro pozemn\u00ed pos\u00e1dku ZZS J\u010dK. \u201eD\u00edky tomu se n\u00e1m poda\u0159ilo l\u00e9pe vykr\u00fdt a t\u00edm i zkr\u00e1tit dojezdov\u00e9 \u010dasy sanit na \u00fazem\u00ed K\u0159eme\u017eska a severn\u00ed \u010d\u00e1sti Boleticka,\u201c up\u0159esnila prvn\u00ed n\u00e1m\u011bstkyn\u011b hejtmana Ivana Str\u00e1sk\u00e1.<\/p>\n<p style=\"text-align: justify;\">Na z\u00e1kladn\u011b podle Slab\u00e9ho najdou z\u00e1zem\u00ed l\u00e9ka\u0159i, z\u00e1chran\u00e1\u0159i, piloti, technici i \u0159idi\u010di. \u201eSou\u010dasn\u011b je tu vy\u010dlen\u011bn prostor pro ostatn\u00ed slo\u017eky IZS, umo\u017e\u0148uj\u00edc\u00ed p\u0159ist\u00e1n\u00ed nap\u0159\u00edklad policejn\u00edho vrtuln\u00edku a jeho um\u00edst\u011bn\u00ed v hang\u00e1ru,\u201c nazna\u010dil \u0159editel ZZS J\u010dK s t\u00edm, \u017ee tu budou m\u00edt z\u00e1chran\u00e1\u0159i k dispozici i vozidla pro \u0159e\u0161en\u00ed mimo\u0159\u00e1dn\u00fdch ud\u00e1lost\u00ed a transport osob s vysoce nebezpe\u010dn\u00fdmi n\u00e1kazami.<\/p>\n<p style=\"text-align: justify;\"><strong>Text a foto: (r\u0161)<\/strong><\/p>\n<p>&nbsp;<\/p>\n<p>&nbsp;<\/p>\n<p>&nbsp;<\/p>\n","protected":false},"excerpt":{"rendered":"<p>Nov\u00e1 leteck\u00e1 <\/p>\n","protected":false},"author":2,"featured_media":30866,"comment_status":"open","ping_status":"open","sticky":false,"template":"","format":"standard","meta":{"footnotes":""},"categories":[7],"tags":[],"jetpack_featured_media_url":"https:\/\/zakrasnejsivimperk.cz\/wp-content\/uploads\/2015\/09\/13\/otevreni-zakladny.jpg","_links":{"self":[{"href":"https:\/\/zakrasnejsivimperk.cz\/index.php?rest_route=\/wp\/v2\/posts\/30864"}],"collection":[{"href":"https:\/\/zakrasnejsivimperk.cz\/index.php?rest_route=\/wp\/v2\/posts"}],"about":[{"href":"https:\/\/zakrasnejsivimperk.cz\/index.php?rest_route=\/wp\/v2\/types\/post"}],"author":[{"embeddable":true,"href":"https:\/\/zakrasnejsivimperk.cz\/index.php?rest_route=\/wp\/v2\/users\/2"}],"replies":[{"embeddable":true,"href":"https:\/\/zakrasnejsivimperk.cz\/index.php?rest_route=%2Fwp%2Fv2%2Fcomments&post=30864"}],"version-history":[{"count":3,"href":"https:\/\/zakrasnejsivimperk.cz\/index.php?rest_route=\/wp\/v2\/posts\/30864\/revisions"}],"predecessor-version":[{"id":30868,"href":"https:\/\/zakrasnejsivimperk.cz\/index.php?rest_route=\/wp\/v2\/posts\/30864\/revisions\/30868"}],"wp:featuredmedia":[{"embeddable":true,"href":"https:\/\/zakrasnejsivimperk.cz\/index.php?rest_route=\/wp\/v2\/media\/30866"}],"wp:attachment":[{"href":"https:\/\/zakrasnejsivimperk.cz\/index.php?rest_route=%2Fwp%2Fv2%2Fmedia&parent=30864"}],"wp:term":[{"taxonomy":"category","embeddable":true,"href":"https:\/\/zakrasnejsivimperk.cz\/index.php?rest_route=%2Fwp%2Fv2%2Fcategories&post=30864"},{"taxonomy":"post_tag","embeddable":true,"href":"https:\/\/zakrasnejsivimperk.cz\/index.php?rest_route=%2Fwp%2Fv2%2Ftags&post=30864"}],"curies":[{"name":"wp","href":"https:\/\/api.w.org\/{rel}","templated":true}]}}