{"id":308403,"date":"2024-05-24T13:24:56","date_gmt":"2024-05-24T12:24:56","guid":{"rendered":"https:\/\/zakrasnejsivimperk.cz\/?p=308403"},"modified":"2024-05-27T14:25:06","modified_gmt":"2024-05-27T13:25:06","slug":"jizni-cechy-vacov-je-vesnici-roku-jihoceskeho-kraje-2024","status":"publish","type":"post","link":"https:\/\/zakrasnejsivimperk.cz\/?p=308403","title":{"rendered":"JI\u017dN\u00cd \u010cECHY: Vacov je Vesnic\u00ed roku Jiho\u010desk\u00e9ho kraje 2024"},"content":{"rendered":"<figure id=\"attachment_290963\" aria-describedby=\"caption-attachment-290963\" style=\"width: 1100px\" class=\"wp-caption aligncenter\"><img loading=\"lazy\" decoding=\"async\" class=\"wp-image-290963 size-full\" src=\"https:\/\/zakrasnejsivimperk.cz\/wp-content\/uploads\/2023\/11\/10\/vacov-101123-3.jpg\" alt=\"\" width=\"1100\" height=\"825\" srcset=\"https:\/\/zakrasnejsivimperk.cz\/wp-content\/uploads\/2023\/11\/10\/vacov-101123-3.jpg 1100w, https:\/\/zakrasnejsivimperk.cz\/wp-content\/uploads\/2023\/11\/10\/vacov-101123-3-300x225.jpg 300w, https:\/\/zakrasnejsivimperk.cz\/wp-content\/uploads\/2023\/11\/10\/vacov-101123-3-1024x768.jpg 1024w, https:\/\/zakrasnejsivimperk.cz\/wp-content\/uploads\/2023\/11\/10\/vacov-101123-3-768x576.jpg 768w, https:\/\/zakrasnejsivimperk.cz\/wp-content\/uploads\/2023\/11\/10\/vacov-101123-3-476x357.jpg 476w, https:\/\/zakrasnejsivimperk.cz\/wp-content\/uploads\/2023\/11\/10\/vacov-101123-3-644x483.jpg 644w\" sizes=\"(max-width: 1100px) 100vw, 1100px\" \/><figcaption id=\"caption-attachment-290963\" class=\"wp-caption-text\">Vacov &#8211; Vesnice roku jiho\u010desk\u00e9ho kraje 2024 \/ Foto: (red) &#8211; Za kr\u00e1sn\u011bj\u0161\u00ed Vimperk<\/figcaption><\/figure>\n<hr \/>\n<p>&nbsp;<\/p>\n<h6><strong>Vacov na Prachaticku se stal Vesnic\u00ed roku Jiho\u010desk\u00e9ho kraje 2024. Tradi\u010dn\u00ed dobrou zpr\u00e1vu i se srde\u010dnou gratulac\u00ed telefonoval n\u00e1m\u011bstek hejtmana Pavel Hroch starostovi Franti\u0161ku \u010ctvrtn\u00edkovi v p\u00e1tek 24. kv\u011btna.<\/strong>\u00a0Pro obec s t\u00e9m\u011b\u0159 patn\u00e1cti sty obyvateli se jedn\u00e1 o premi\u00e9rov\u00fd titul.<\/h6>\n<p><img loading=\"lazy\" decoding=\"async\" class=\"size-medium wp-image-200261 alignright\" src=\"https:\/\/zakrasnejsivimperk.cz\/wp-content\/uploads\/2020\/08\/14\/jiho\u010desk\u00fd-kraj3-logo-xx-300x136.jpg\" alt=\"\" width=\"300\" height=\"136\" srcset=\"https:\/\/zakrasnejsivimperk.cz\/wp-content\/uploads\/2020\/08\/14\/jiho\u010desk\u00fd-kraj3-logo-xx-300x136.jpg 300w, https:\/\/zakrasnejsivimperk.cz\/wp-content\/uploads\/2020\/08\/14\/jiho\u010desk\u00fd-kraj3-logo-xx-768x349.jpg 768w, https:\/\/zakrasnejsivimperk.cz\/wp-content\/uploads\/2020\/08\/14\/jiho\u010desk\u00fd-kraj3-logo-xx-786x357.jpg 786w, https:\/\/zakrasnejsivimperk.cz\/wp-content\/uploads\/2020\/08\/14\/jiho\u010desk\u00fd-kraj3-logo-xx.jpg 881w\" sizes=\"(max-width: 300px) 100vw, 300px\" \/>Moment p\u0159ekvapen\u00ed se u starosty r\u00e1zem prom\u011bnil ve velkou radost. \u201e<em>Jak\u00e9 m\u00e1m prvn\u00ed dojmy? Mus\u00edm se p\u0159iznat, \u017ee mi a\u017e dojet\u00edm vytryskly slzy. Hrozn\u011b moc d\u011bkuji v\u0161em. V\u00e1m i hodnot\u00edc\u00ed komisi, moc si toho v\u00e1\u017e\u00edme,<\/em>\u201c neskr\u00fdval po telefonu dojet\u00ed starosta \u010ctvrtn\u00edk. P\u0159ekvapen\u00ed pro n\u011bj bylo o to v\u011bt\u0161\u00ed, \u017ee se do sout\u011b\u017ee p\u0159ihl\u00e1sil Vacov v\u016fbec poprv\u00e9. Za dr\u017eitelem v\u00edt\u011bzn\u00e9 Zlat\u00e9 stuhy obsadila st\u0159\u00edbrnou p\u0159\u00ed\u010dku obec \u010cep\u0159ovice na Strakonicku a bronz si odnesla obec Chlumany na Prachaticku.<\/p>\n<p>Do leto\u0161n\u00edho 28. ro\u010dn\u00edku t\u00e9to sout\u011b\u017ee se p\u0159ihl\u00e1silo celkem 14 obc\u00ed. Z toho \u010dty\u0159i z \u010ceskobud\u011bjovicka, t\u0159i ze Strakonicka jedna z P\u00edsecka, \u010dty\u0159i z Prachaticka jedna z \u010ceskokrumlovska a Jind\u0159ichohradecka.<\/p>\n<p>Velk\u00fd \u00fasp\u011bch Vacova byl p\u0159ekvapen\u00edm i pro n\u00e1m\u011bstka hejtmana Pavla Hrocha, kter\u00fd m\u00e1 rozvoj venkova ve sv\u00e9 gesci. \u201e<em>Neb\u00fdv\u00e1 zvykem, \u017ee ten, kdo se poprv\u00e9 p\u0159ihl\u00e1s\u00ed, hned zv\u00edt\u011bz\u00ed. Ale je to dob\u0159e, proto\u017ee to m\u016f\u017ee b\u00fdt velkou motivac\u00ed pro dal\u0161\u00ed obce. Alespo\u0148 vid\u00ed, \u017ee se nemaj\u00ed \u010deho b\u00e1t, \u017ee maj\u00ed ur\u010dit\u011b co uk\u00e1zat,<\/em>\u201c uvedl n\u00e1m\u011bstek Hroch a pop\u0159\u00e1l Vacovu co nejv\u00edc \u00fasp\u011bch\u016f v celost\u00e1tn\u00edm kole sout\u011b\u017ee. A jak\u00fd je podle n\u00e1m\u011bstka Hrocha recept na dobr\u00e9 um\u00edst\u011bn\u00ed v sout\u011b\u017ei? \u201e<em>Aspekt\u016f je v\u00edce, ale ve stru\u010dnosti by se daly shrnout do p\u011bti \u201eH\u201c. Nesm\u00edme zapom\u00ednat na historii a na pam\u00e1tku p\u0159edk\u016f, to je H\u0158BITOV, aby byl hezky upraven, aby byla HOSPODA v obci, proto\u017ee to je kulturn\u00ed st\u0159edobod d\u011bn\u00ed. Velmi d\u016fle\u017eit\u00e9 je, aby m\u011bla obec v po\u0159\u00e1dku HLAVN\u00cd DOKUMENTY, jako je \u00fazemn\u00ed pl\u00e1nov\u00e1n\u00ed, rozvojov\u00e1 strategie, aby byly HUMNA v\u017edy upraven\u00e1, proto\u017ee i za obc\u00ed je \u017eivot. No, a pak to jsou volno\u010dasov\u00e9 aktivity, a to je H\u0158I\u0160T\u011a pro d\u011bti a dal\u0161\u00ed a dal\u0161\u00ed. Je to jenom jeden kr\u00e1tk\u00fd v\u00fd\u010det, proto\u017ee t\u011bch aspekt\u016f, kter\u00e9 mus\u00ed komise hodnotit je v\u00edce,<\/em>\u201c nast\u00ednil n\u00e1m\u011bstek Hroch d\u016fvody, pro\u010d se letos rozhodla 11\u010dlenn\u00e1 hodnot\u00edc\u00ed komise pr\u00e1v\u011b pro Vacov.<\/p>\n<p>Podle n\u00e1m\u011bstka hejtmana je i d\u00edky sout\u011b\u017ei o Vesnice roku jiho\u010desk\u00fd venkov nejen st\u00e1le kr\u00e1sn\u011bj\u0161\u00ed, ale i kvalitn\u00edm m\u00edstem pro \u017eivot a nikoli jen n\u011bjak\u00fdm skanzenem.<\/p>\n<p>Slavnostn\u00ed vyhl\u00e1\u0161en\u00ed Vesnice roku Jiho\u010desk\u00e9ho kraje je pak na programu 19. \u010dervence ve v\u00edt\u011bzn\u00e9 obci \u2013 Vacov. Ta z\u00e1rove\u0148 postupuje do celost\u00e1tn\u00edho fin\u00e1le.<\/p>\n<h6><strong>P\u0159ehled dal\u0161\u00edch ocen\u00ed pro obce<\/strong><\/h6>\n<ul>\n<li><strong>Modr\u00e1 stuha<\/strong>\u00a0\u2013 za spole\u010densk\u00fd \u017eivot &#8211; Besednice, okres \u010cesk\u00fd Krumlov<\/li>\n<li><strong>Oran\u017eov\u00e1 stuha\u00a0<\/strong>\u2013 za spolupr\u00e1ci obce a zem\u011bd\u011blsk\u00e9ho subjektu &#8211; Chr\u00e1\u0161\u0165ovice, okres Strakonice<\/li>\n<li><strong>Zelen\u00e1 stuha<\/strong>\u00a0\u2013 za p\u00e9\u010di o zele\u0148 a \u017eivotn\u00ed prost\u0159ed\u00ed &#8211; Mi\u010dovice, okres Strakonice<\/li>\n<li><strong>Fialov\u00e1 stuha<\/strong>\u00a0&#8211; inovativn\u00ed obec &#8211; Svat\u00e1 Ma\u0159\u00ed<\/li>\n<\/ul>\n<p><strong>Cena nad\u011bje pro \u017eiv\u00fd venkov\u00a0<\/strong>\u2013 za m\u00edstn\u00ed spolkov\u00fd \u017eivot a ob\u010danskou spole\u010dnost v obc\u00edch<br \/>\nObec: Rose\u010d, okres Jind\u0159ich\u016fv Hradec<\/p>\n<p><strong>Zlat\u00e1 cihla v Programu obnovy venkova<\/strong>\u00a0za p\u0159\u00edkladn\u00e9 stavby na venkov\u011b, realizovan\u00e9 v duchu Programu obnovy venkova:<\/p>\n<ul>\n<li>Kategorie B: Obnova, \u010di rekonstrukce staveb venkovsk\u00e9 z\u00e1stavby &#8211; Mi\u010dovice \u2013 za obnovu restaurace s kulturn\u00edm z\u00e1zem\u00edm<\/li>\n<li>Kategorie C: nov\u00e9 venkovsk\u00e9 stavby &#8211; Adamov, okres \u010cesk\u00e9 Bud\u011bjovice za v\u00fdstavbu Multifunk\u010dn\u00ed budovy ob\u010dansk\u00e9 vybavenosti<\/li>\n<\/ul>\n<p><strong>Diplom za vesnickou knihovnu<\/strong>\u00a0Jiho\u010desk\u00e9ho kraje 2024 &#8211; Vacov, okres Prachatice<br \/>\n<strong>Diplom za vzorn\u00e9 veden\u00ed obecn\u00ed kroniky<\/strong>\u00a0&#8211; Nerestce, okres P\u00edsek<br \/>\n<strong>Diplom za kvalitn\u00ed kv\u011btinovou v\u00fdzdobu v obci<\/strong>, Ful\u00ednova cena &#8211; \u0158\u00edmov, okres \u010cesk\u00e9 Bud\u011bjovice<br \/>\n<strong>Diplom za podporu sportovn\u00edch aktivit v obci\u00a0<\/strong>&#8211; Osek, okres Strakonice<br \/>\n<strong>Diplom za obnovu a p\u00e9\u010di o krajinn\u00e9 prvky<\/strong>\u00a0&#8211; Hlavatce, okres \u010cesk\u00e9 Bud\u011bjovice<br \/>\n<strong>Diplom za p\u0159\u00edkladnou spolupr\u00e1ci obce se \u0161kolou\u00a0<\/strong>&#8211; Svat\u00fd Jan nad Mal\u0161\u00ed, okres \u010cesk\u00e9 Bud\u011bjovice<\/p>\n<p><strong>\u010cestn\u00e9 uzn\u00e1n\u00ed &#8211; Osek<\/strong>\u00a0\u2013 pan\u00ed Va\u010dk\u00e1\u0159ov\u00e1 za seps\u00e1n\u00ed historie Obce Osek<\/p>\n<h6>Obce p\u0159ihl\u00e1\u0161en\u00e9 do sout\u011b\u017ee o Vesnici Jiho\u010desk\u00e9ho kraje roku 2024<\/h6>\n<ul>\n<li>Okres \u010cesk\u00e9 Bud\u011bjovice:\n<ul>\n<li>Svat\u00fd Jan nad Mal\u0161\u00ed<\/li>\n<li>\u0158\u00edmov<\/li>\n<li>Adamov<\/li>\n<li>Hlavatce<\/li>\n<\/ul>\n<\/li>\n<li>Okres \u010cesk\u00fd Krumlov\n<ul>\n<li>Besednice<\/li>\n<\/ul>\n<\/li>\n<li>Okres P\u00edsek:\n<ul>\n<li>Nerestce<\/li>\n<\/ul>\n<\/li>\n<li>Okres Prachatice:\n<ul>\n<li>Svat\u00e1 Ma\u0159\u00ed<\/li>\n<li>Mi\u010dovice<\/li>\n<li>Chlumany<\/li>\n<li>Vacov<\/li>\n<\/ul>\n<\/li>\n<li>Okres Strakonice:\n<ul>\n<li>\u010cep\u0159ovice<\/li>\n<li>Chr\u00e1\u0161\u0165ovice<\/li>\n<li>Osek<\/li>\n<\/ul>\n<\/li>\n<li>Okres Jind\u0159ich\u016fv Hradec\n<ul>\n<li>Rose\u010d<\/li>\n<\/ul>\n<\/li>\n<\/ul>\n<p>&nbsp;<\/p>\n<p><strong>(tz-j\u010d)<\/strong><\/p>\n<hr \/>\n<p>&nbsp;<\/p>\n","protected":false},"excerpt":{"rendered":"<p>&nbsp; Vacov <\/p>\n","protected":false},"author":2,"featured_media":308406,"comment_status":"open","ping_status":"open","sticky":false,"template":"","format":"gallery","meta":{"footnotes":""},"categories":[71,83,107],"tags":[],"jetpack_featured_media_url":"https:\/\/zakrasnejsivimperk.cz\/wp-content\/uploads\/2024\/05\/24\/ram-vacov.jpg","_links":{"self":[{"href":"https:\/\/zakrasnejsivimperk.cz\/index.php?rest_route=\/wp\/v2\/posts\/308403"}],"collection":[{"href":"https:\/\/zakrasnejsivimperk.cz\/index.php?rest_route=\/wp\/v2\/posts"}],"about":[{"href":"https:\/\/zakrasnejsivimperk.cz\/index.php?rest_route=\/wp\/v2\/types\/post"}],"author":[{"embeddable":true,"href":"https:\/\/zakrasnejsivimperk.cz\/index.php?rest_route=\/wp\/v2\/users\/2"}],"replies":[{"embeddable":true,"href":"https:\/\/zakrasnejsivimperk.cz\/index.php?rest_route=%2Fwp%2Fv2%2Fcomments&post=308403"}],"version-history":[{"count":3,"href":"https:\/\/zakrasnejsivimperk.cz\/index.php?rest_route=\/wp\/v2\/posts\/308403\/revisions"}],"predecessor-version":[{"id":308408,"href":"https:\/\/zakrasnejsivimperk.cz\/index.php?rest_route=\/wp\/v2\/posts\/308403\/revisions\/308408"}],"wp:featuredmedia":[{"embeddable":true,"href":"https:\/\/zakrasnejsivimperk.cz\/index.php?rest_route=\/wp\/v2\/media\/308406"}],"wp:attachment":[{"href":"https:\/\/zakrasnejsivimperk.cz\/index.php?rest_route=%2Fwp%2Fv2%2Fmedia&parent=308403"}],"wp:term":[{"taxonomy":"category","embeddable":true,"href":"https:\/\/zakrasnejsivimperk.cz\/index.php?rest_route=%2Fwp%2Fv2%2Fcategories&post=308403"},{"taxonomy":"post_tag","embeddable":true,"href":"https:\/\/zakrasnejsivimperk.cz\/index.php?rest_route=%2Fwp%2Fv2%2Ftags&post=308403"}],"curies":[{"name":"wp","href":"https:\/\/api.w.org\/{rel}","templated":true}]}}