{"id":308244,"date":"2024-05-26T12:06:15","date_gmt":"2024-05-26T11:06:15","guid":{"rendered":"https:\/\/zakrasnejsivimperk.cz\/?p=308244"},"modified":"2024-05-27T13:44:11","modified_gmt":"2024-05-27T12:44:11","slug":"jizni-cechy-prachatice-rozkvetly-radnice-se-postarala-o-novou-kvetinou-vyzdobu","status":"publish","type":"post","link":"https:\/\/zakrasnejsivimperk.cz\/?p=308244","title":{"rendered":"JI\u017dN\u00cd \u010cECHY: Prachatice maj\u00ed novou kv\u011btinovou v\u00fdzdobu v centru m\u011bsta"},"content":{"rendered":"<p><img loading=\"lazy\" decoding=\"async\" class=\"aligncenter wp-image-308253 size-full\" src=\"https:\/\/zakrasnejsivimperk.cz\/wp-content\/uploads\/2024\/05\/22\/pt-kvetinova-vyzdoba-3.jpg\" alt=\"\" width=\"2048\" height=\"1441\" srcset=\"https:\/\/zakrasnejsivimperk.cz\/wp-content\/uploads\/2024\/05\/22\/pt-kvetinova-vyzdoba-3.jpg 2048w, https:\/\/zakrasnejsivimperk.cz\/wp-content\/uploads\/2024\/05\/22\/pt-kvetinova-vyzdoba-3-300x211.jpg 300w, https:\/\/zakrasnejsivimperk.cz\/wp-content\/uploads\/2024\/05\/22\/pt-kvetinova-vyzdoba-3-1024x721.jpg 1024w, https:\/\/zakrasnejsivimperk.cz\/wp-content\/uploads\/2024\/05\/22\/pt-kvetinova-vyzdoba-3-768x540.jpg 768w, https:\/\/zakrasnejsivimperk.cz\/wp-content\/uploads\/2024\/05\/22\/pt-kvetinova-vyzdoba-3-1536x1081.jpg 1536w, https:\/\/zakrasnejsivimperk.cz\/wp-content\/uploads\/2024\/05\/22\/pt-kvetinova-vyzdoba-3-507x357.jpg 507w, https:\/\/zakrasnejsivimperk.cz\/wp-content\/uploads\/2024\/05\/22\/pt-kvetinova-vyzdoba-3-686x483.jpg 686w\" sizes=\"(max-width: 2048px) 100vw, 2048px\" \/><\/p>\n<p>&nbsp;<\/p>\n<h6>V Prachatic\u00edch nov\u011b vysadili kv\u011btiny\u00a0 a instalovali kv\u011btinovou v\u00fdzdobu. Informuje o tom web radnice:<\/h6>\n<p>Na Mal\u00e9m n\u00e1m\u011bst\u00ed byly um\u00edst\u011bny dva pyramidov\u00e9 kv\u011btin\u00e1\u010de, os\u00e1zen\u00e9 maxi mu\u0161k\u00e1ty a mini surfiniemi v barv\u00e1ch \u010derven\u00e9 a b\u00edl\u00e9, symbolizuj\u00edc\u00edch vlajku m\u011bsta Prachatice.<\/p>\n<p>Dal\u0161\u00ed novinkou je os\u00e1zen\u00ed \u0161esti vyv\u00fd\u0161en\u00fdch kv\u011btinov\u00fdch z\u00e1hon\u016f p\u0159ed komplexem budov Panorama Residence ve Vod\u0148ansk\u00e9 ulici. Tyto z\u00e1hony byly osazeny r\u016fzn\u00fdmi druhy kv\u011btin.<\/p>\n<p>V\u00fdsadbu kv\u011btin pro m\u011bsto Prachatice zajistila firma Zahradnictv\u00ed David Ry\u0161\u00e1nek, kter\u00e1 se specializuje na zahradnick\u00e9 pr\u00e1ce.<\/p>\n<p>Tato v\u00fdsadba p\u0159inese do m\u011bsta nov\u00e9 barevn\u00e9 prvky a zp\u0159\u00edjemn\u00ed ve\u0159ejn\u00e9 prostranstv\u00ed. V\u0161echno v\u0161ak bude z\u00e1viset na tom, jak se k n\u00ed budeme chovat.<\/p>\n<p>&nbsp;<\/p>\n<p><strong>Jana HULE\u0160OV\u00c1, M\u011bsto Prachatice<\/strong><\/p>\n<p>Foto: M\u011bsto Prachatice<\/p>\n<p>&nbsp;<\/p>\n<p><img loading=\"lazy\" decoding=\"async\" class=\"aligncenter wp-image-308251 size-full\" src=\"https:\/\/zakrasnejsivimperk.cz\/wp-content\/uploads\/2024\/05\/22\/pt-kvetinova-vyzdoba-1.jpg\" alt=\"\" width=\"1536\" height=\"2048\" srcset=\"https:\/\/zakrasnejsivimperk.cz\/wp-content\/uploads\/2024\/05\/22\/pt-kvetinova-vyzdoba-1.jpg 1536w, https:\/\/zakrasnejsivimperk.cz\/wp-content\/uploads\/2024\/05\/22\/pt-kvetinova-vyzdoba-1-225x300.jpg 225w, https:\/\/zakrasnejsivimperk.cz\/wp-content\/uploads\/2024\/05\/22\/pt-kvetinova-vyzdoba-1-768x1024.jpg 768w, https:\/\/zakrasnejsivimperk.cz\/wp-content\/uploads\/2024\/05\/22\/pt-kvetinova-vyzdoba-1-1152x1536.jpg 1152w, https:\/\/zakrasnejsivimperk.cz\/wp-content\/uploads\/2024\/05\/22\/pt-kvetinova-vyzdoba-1-268x357.jpg 268w, https:\/\/zakrasnejsivimperk.cz\/wp-content\/uploads\/2024\/05\/22\/pt-kvetinova-vyzdoba-1-362x483.jpg 362w\" sizes=\"(max-width: 1536px) 100vw, 1536px\" \/><\/p>\n<p>&nbsp;<\/p>\n<p><img loading=\"lazy\" decoding=\"async\" class=\"aligncenter wp-image-308254 size-full\" src=\"https:\/\/zakrasnejsivimperk.cz\/wp-content\/uploads\/2024\/05\/22\/pt-kvetinova-vyzdoba-4.jpg\" alt=\"\" width=\"1477\" height=\"2048\" srcset=\"https:\/\/zakrasnejsivimperk.cz\/wp-content\/uploads\/2024\/05\/22\/pt-kvetinova-vyzdoba-4.jpg 1477w, https:\/\/zakrasnejsivimperk.cz\/wp-content\/uploads\/2024\/05\/22\/pt-kvetinova-vyzdoba-4-216x300.jpg 216w, https:\/\/zakrasnejsivimperk.cz\/wp-content\/uploads\/2024\/05\/22\/pt-kvetinova-vyzdoba-4-739x1024.jpg 739w, https:\/\/zakrasnejsivimperk.cz\/wp-content\/uploads\/2024\/05\/22\/pt-kvetinova-vyzdoba-4-768x1065.jpg 768w, https:\/\/zakrasnejsivimperk.cz\/wp-content\/uploads\/2024\/05\/22\/pt-kvetinova-vyzdoba-4-1108x1536.jpg 1108w, https:\/\/zakrasnejsivimperk.cz\/wp-content\/uploads\/2024\/05\/22\/pt-kvetinova-vyzdoba-4-257x357.jpg 257w, https:\/\/zakrasnejsivimperk.cz\/wp-content\/uploads\/2024\/05\/22\/pt-kvetinova-vyzdoba-4-348x483.jpg 348w\" sizes=\"(max-width: 1477px) 100vw, 1477px\" \/><\/p>\n<p>&nbsp;<\/p>\n<p><img loading=\"lazy\" decoding=\"async\" class=\"alignnone wp-image-308255 size-full\" src=\"https:\/\/zakrasnejsivimperk.cz\/wp-content\/uploads\/2024\/05\/22\/pt-kvetinova-vyzdoba-5.jpg\" alt=\"\" width=\"1452\" height=\"2048\" srcset=\"https:\/\/zakrasnejsivimperk.cz\/wp-content\/uploads\/2024\/05\/22\/pt-kvetinova-vyzdoba-5.jpg 1452w, https:\/\/zakrasnejsivimperk.cz\/wp-content\/uploads\/2024\/05\/22\/pt-kvetinova-vyzdoba-5-213x300.jpg 213w, https:\/\/zakrasnejsivimperk.cz\/wp-content\/uploads\/2024\/05\/22\/pt-kvetinova-vyzdoba-5-726x1024.jpg 726w, https:\/\/zakrasnejsivimperk.cz\/wp-content\/uploads\/2024\/05\/22\/pt-kvetinova-vyzdoba-5-768x1083.jpg 768w, https:\/\/zakrasnejsivimperk.cz\/wp-content\/uploads\/2024\/05\/22\/pt-kvetinova-vyzdoba-5-1089x1536.jpg 1089w, https:\/\/zakrasnejsivimperk.cz\/wp-content\/uploads\/2024\/05\/22\/pt-kvetinova-vyzdoba-5-253x357.jpg 253w, https:\/\/zakrasnejsivimperk.cz\/wp-content\/uploads\/2024\/05\/22\/pt-kvetinova-vyzdoba-5-342x483.jpg 342w\" sizes=\"(max-width: 1452px) 100vw, 1452px\" \/><\/p>\n<p>&nbsp;<\/p>\n<p><img loading=\"lazy\" decoding=\"async\" class=\"aligncenter wp-image-308256 size-full\" src=\"https:\/\/zakrasnejsivimperk.cz\/wp-content\/uploads\/2024\/05\/22\/pt-kvetinova-vyzdoba-6.jpg\" alt=\"\" width=\"1536\" height=\"2048\" srcset=\"https:\/\/zakrasnejsivimperk.cz\/wp-content\/uploads\/2024\/05\/22\/pt-kvetinova-vyzdoba-6.jpg 1536w, https:\/\/zakrasnejsivimperk.cz\/wp-content\/uploads\/2024\/05\/22\/pt-kvetinova-vyzdoba-6-225x300.jpg 225w, https:\/\/zakrasnejsivimperk.cz\/wp-content\/uploads\/2024\/05\/22\/pt-kvetinova-vyzdoba-6-768x1024.jpg 768w, https:\/\/zakrasnejsivimperk.cz\/wp-content\/uploads\/2024\/05\/22\/pt-kvetinova-vyzdoba-6-1152x1536.jpg 1152w, https:\/\/zakrasnejsivimperk.cz\/wp-content\/uploads\/2024\/05\/22\/pt-kvetinova-vyzdoba-6-268x357.jpg 268w, https:\/\/zakrasnejsivimperk.cz\/wp-content\/uploads\/2024\/05\/22\/pt-kvetinova-vyzdoba-6-362x483.jpg 362w\" sizes=\"(max-width: 1536px) 100vw, 1536px\" \/><\/p>\n<p>&nbsp;<\/p>\n<p><img loading=\"lazy\" decoding=\"async\" class=\"aligncenter wp-image-308257 size-full\" src=\"https:\/\/zakrasnejsivimperk.cz\/wp-content\/uploads\/2024\/05\/22\/pt-kvetinova-vyzdoba-7.jpg\" alt=\"\" width=\"1568\" height=\"2048\" srcset=\"https:\/\/zakrasnejsivimperk.cz\/wp-content\/uploads\/2024\/05\/22\/pt-kvetinova-vyzdoba-7.jpg 1568w, https:\/\/zakrasnejsivimperk.cz\/wp-content\/uploads\/2024\/05\/22\/pt-kvetinova-vyzdoba-7-230x300.jpg 230w, https:\/\/zakrasnejsivimperk.cz\/wp-content\/uploads\/2024\/05\/22\/pt-kvetinova-vyzdoba-7-784x1024.jpg 784w, https:\/\/zakrasnejsivimperk.cz\/wp-content\/uploads\/2024\/05\/22\/pt-kvetinova-vyzdoba-7-768x1003.jpg 768w, https:\/\/zakrasnejsivimperk.cz\/wp-content\/uploads\/2024\/05\/22\/pt-kvetinova-vyzdoba-7-1176x1536.jpg 1176w, https:\/\/zakrasnejsivimperk.cz\/wp-content\/uploads\/2024\/05\/22\/pt-kvetinova-vyzdoba-7-273x357.jpg 273w, https:\/\/zakrasnejsivimperk.cz\/wp-content\/uploads\/2024\/05\/22\/pt-kvetinova-vyzdoba-7-370x483.jpg 370w\" sizes=\"(max-width: 1568px) 100vw, 1568px\" \/><\/p>\n<p>&nbsp;<\/p>\n<p><img loading=\"lazy\" decoding=\"async\" class=\"aligncenter wp-image-308258 size-full\" src=\"https:\/\/zakrasnejsivimperk.cz\/wp-content\/uploads\/2024\/05\/22\/pt-kvetinova-vyzdoba-8.jpg\" alt=\"\" width=\"1503\" height=\"2048\" srcset=\"https:\/\/zakrasnejsivimperk.cz\/wp-content\/uploads\/2024\/05\/22\/pt-kvetinova-vyzdoba-8.jpg 1503w, https:\/\/zakrasnejsivimperk.cz\/wp-content\/uploads\/2024\/05\/22\/pt-kvetinova-vyzdoba-8-220x300.jpg 220w, https:\/\/zakrasnejsivimperk.cz\/wp-content\/uploads\/2024\/05\/22\/pt-kvetinova-vyzdoba-8-752x1024.jpg 752w, https:\/\/zakrasnejsivimperk.cz\/wp-content\/uploads\/2024\/05\/22\/pt-kvetinova-vyzdoba-8-768x1046.jpg 768w, https:\/\/zakrasnejsivimperk.cz\/wp-content\/uploads\/2024\/05\/22\/pt-kvetinova-vyzdoba-8-1127x1536.jpg 1127w, https:\/\/zakrasnejsivimperk.cz\/wp-content\/uploads\/2024\/05\/22\/pt-kvetinova-vyzdoba-8-262x357.jpg 262w, https:\/\/zakrasnejsivimperk.cz\/wp-content\/uploads\/2024\/05\/22\/pt-kvetinova-vyzdoba-8-354x483.jpg 354w\" sizes=\"(max-width: 1503px) 100vw, 1503px\" \/><\/p>\n<p>&nbsp;<\/p>\n<p><img loading=\"lazy\" decoding=\"async\" class=\"aligncenter wp-image-308259 size-full\" src=\"https:\/\/zakrasnejsivimperk.cz\/wp-content\/uploads\/2024\/05\/22\/pt-kvetinova-vyzdoba-9.jpg\" alt=\"\" width=\"1751\" height=\"2048\" srcset=\"https:\/\/zakrasnejsivimperk.cz\/wp-content\/uploads\/2024\/05\/22\/pt-kvetinova-vyzdoba-9.jpg 1751w, https:\/\/zakrasnejsivimperk.cz\/wp-content\/uploads\/2024\/05\/22\/pt-kvetinova-vyzdoba-9-256x300.jpg 256w, https:\/\/zakrasnejsivimperk.cz\/wp-content\/uploads\/2024\/05\/22\/pt-kvetinova-vyzdoba-9-876x1024.jpg 876w, https:\/\/zakrasnejsivimperk.cz\/wp-content\/uploads\/2024\/05\/22\/pt-kvetinova-vyzdoba-9-768x898.jpg 768w, https:\/\/zakrasnejsivimperk.cz\/wp-content\/uploads\/2024\/05\/22\/pt-kvetinova-vyzdoba-9-1313x1536.jpg 1313w, https:\/\/zakrasnejsivimperk.cz\/wp-content\/uploads\/2024\/05\/22\/pt-kvetinova-vyzdoba-9-305x357.jpg 305w, https:\/\/zakrasnejsivimperk.cz\/wp-content\/uploads\/2024\/05\/22\/pt-kvetinova-vyzdoba-9-413x483.jpg 413w\" sizes=\"(max-width: 1751px) 100vw, 1751px\" \/><\/p>\n<p>&nbsp;<\/p>\n<p><img loading=\"lazy\" decoding=\"async\" class=\"aligncenter wp-image-308261 size-full\" src=\"https:\/\/zakrasnejsivimperk.cz\/wp-content\/uploads\/2024\/05\/22\/pt-kvetinova-vyzdoba-11.jpg\" alt=\"\" width=\"1581\" height=\"2048\" srcset=\"https:\/\/zakrasnejsivimperk.cz\/wp-content\/uploads\/2024\/05\/22\/pt-kvetinova-vyzdoba-11.jpg 1581w, https:\/\/zakrasnejsivimperk.cz\/wp-content\/uploads\/2024\/05\/22\/pt-kvetinova-vyzdoba-11-232x300.jpg 232w, https:\/\/zakrasnejsivimperk.cz\/wp-content\/uploads\/2024\/05\/22\/pt-kvetinova-vyzdoba-11-791x1024.jpg 791w, https:\/\/zakrasnejsivimperk.cz\/wp-content\/uploads\/2024\/05\/22\/pt-kvetinova-vyzdoba-11-768x995.jpg 768w, https:\/\/zakrasnejsivimperk.cz\/wp-content\/uploads\/2024\/05\/22\/pt-kvetinova-vyzdoba-11-1186x1536.jpg 1186w, https:\/\/zakrasnejsivimperk.cz\/wp-content\/uploads\/2024\/05\/22\/pt-kvetinova-vyzdoba-11-276x357.jpg 276w, https:\/\/zakrasnejsivimperk.cz\/wp-content\/uploads\/2024\/05\/22\/pt-kvetinova-vyzdoba-11-373x483.jpg 373w\" sizes=\"(max-width: 1581px) 100vw, 1581px\" \/><\/p>\n<p>&nbsp;<\/p>\n<p><img loading=\"lazy\" decoding=\"async\" class=\"aligncenter wp-image-308260 size-full\" src=\"https:\/\/zakrasnejsivimperk.cz\/wp-content\/uploads\/2024\/05\/22\/pt-kvetinova-vyzdoba-10.jpg\" alt=\"\" width=\"1442\" height=\"2048\" srcset=\"https:\/\/zakrasnejsivimperk.cz\/wp-content\/uploads\/2024\/05\/22\/pt-kvetinova-vyzdoba-10.jpg 1442w, https:\/\/zakrasnejsivimperk.cz\/wp-content\/uploads\/2024\/05\/22\/pt-kvetinova-vyzdoba-10-211x300.jpg 211w, https:\/\/zakrasnejsivimperk.cz\/wp-content\/uploads\/2024\/05\/22\/pt-kvetinova-vyzdoba-10-721x1024.jpg 721w, https:\/\/zakrasnejsivimperk.cz\/wp-content\/uploads\/2024\/05\/22\/pt-kvetinova-vyzdoba-10-768x1091.jpg 768w, https:\/\/zakrasnejsivimperk.cz\/wp-content\/uploads\/2024\/05\/22\/pt-kvetinova-vyzdoba-10-1082x1536.jpg 1082w, https:\/\/zakrasnejsivimperk.cz\/wp-content\/uploads\/2024\/05\/22\/pt-kvetinova-vyzdoba-10-251x357.jpg 251w, https:\/\/zakrasnejsivimperk.cz\/wp-content\/uploads\/2024\/05\/22\/pt-kvetinova-vyzdoba-10-340x483.jpg 340w\" sizes=\"(max-width: 1442px) 100vw, 1442px\" \/><\/p>\n<p>&nbsp;<\/p>\n<hr \/>\n<p>&nbsp;<\/p>\n","protected":false},"excerpt":{"rendered":"<p>&nbsp; V <\/p>\n","protected":false},"author":2,"featured_media":308253,"comment_status":"open","ping_status":"open","sticky":false,"template":"","format":"gallery","meta":{"footnotes":""},"categories":[69],"tags":[],"jetpack_featured_media_url":"https:\/\/zakrasnejsivimperk.cz\/wp-content\/uploads\/2024\/05\/22\/pt-kvetinova-vyzdoba-3.jpg","_links":{"self":[{"href":"https:\/\/zakrasnejsivimperk.cz\/index.php?rest_route=\/wp\/v2\/posts\/308244"}],"collection":[{"href":"https:\/\/zakrasnejsivimperk.cz\/index.php?rest_route=\/wp\/v2\/posts"}],"about":[{"href":"https:\/\/zakrasnejsivimperk.cz\/index.php?rest_route=\/wp\/v2\/types\/post"}],"author":[{"embeddable":true,"href":"https:\/\/zakrasnejsivimperk.cz\/index.php?rest_route=\/wp\/v2\/users\/2"}],"replies":[{"embeddable":true,"href":"https:\/\/zakrasnejsivimperk.cz\/index.php?rest_route=%2Fwp%2Fv2%2Fcomments&post=308244"}],"version-history":[{"count":6,"href":"https:\/\/zakrasnejsivimperk.cz\/index.php?rest_route=\/wp\/v2\/posts\/308244\/revisions"}],"predecessor-version":[{"id":308750,"href":"https:\/\/zakrasnejsivimperk.cz\/index.php?rest_route=\/wp\/v2\/posts\/308244\/revisions\/308750"}],"wp:featuredmedia":[{"embeddable":true,"href":"https:\/\/zakrasnejsivimperk.cz\/index.php?rest_route=\/wp\/v2\/media\/308253"}],"wp:attachment":[{"href":"https:\/\/zakrasnejsivimperk.cz\/index.php?rest_route=%2Fwp%2Fv2%2Fmedia&parent=308244"}],"wp:term":[{"taxonomy":"category","embeddable":true,"href":"https:\/\/zakrasnejsivimperk.cz\/index.php?rest_route=%2Fwp%2Fv2%2Fcategories&post=308244"},{"taxonomy":"post_tag","embeddable":true,"href":"https:\/\/zakrasnejsivimperk.cz\/index.php?rest_route=%2Fwp%2Fv2%2Ftags&post=308244"}],"curies":[{"name":"wp","href":"https:\/\/api.w.org\/{rel}","templated":true}]}}