{"id":30815,"date":"2015-09-12T18:08:06","date_gmt":"2015-09-12T17:08:06","guid":{"rendered":"http:\/\/zakrasnejsivimperk.cz\/?p=30815"},"modified":"2015-09-12T18:10:02","modified_gmt":"2015-09-12T17:10:02","slug":"pomahaji-deset-let-hejtman-predal-jihoceskym-zachranarum-slavnostni-prapor","status":"publish","type":"post","link":"https:\/\/zakrasnejsivimperk.cz\/?p=30815","title":{"rendered":"POM\u00c1HAJ\u00cd DESET LET: Hejtman Zimola p\u0159edal jiho\u010desk\u00fdm z\u00e1chran\u00e1\u0159\u016fm slavnostn\u00ed prapor"},"content":{"rendered":"<h6 style=\"text-align: justify;\"><\/h6>\n<p>&nbsp;<\/p>\n<h6 style=\"text-align: justify;\"><strong>Nov\u00fdm slavnostn\u00edm praporem se mohou od nyn\u011bj\u0161ka py\u0161nit a vyu\u017e\u00edvat jej p\u0159i r\u016fzn\u00fdch p\u0159\u00edle\u017eitostech jiho\u010de\u0161t\u00ed z\u00e1chran\u00e1\u0159i.<\/strong><\/h6>\n<h6 style=\"text-align: justify;\"><\/h6>\n<h6 style=\"text-align: justify;\"><\/h6>\n<h6 style=\"text-align: justify;\"><strong>V\u00a0r\u00e1mci oslav 10 let od vzniku celokrajsk\u00e9 organizace Zdravotnick\u00e9 z\u00e1chrann\u00e9 slu\u017eby Jiho\u010desk\u00e9ho kraje (ZZS J\u010dK) tuto z\u00e1stavu p\u0159evzal od hejtmana Ji\u0159\u00edho Zimoly \u0159editel ZZS J\u010dK Marek Slab\u00fd.<\/strong><\/h6>\n<p>&nbsp;<\/p>\n<p>&nbsp;<\/p>\n<p style=\"text-align: justify;\">\u201eZ\u00e1chrann\u00e1 slu\u017eba je jednou ze z\u00e1kladn\u00edch slo\u017eek integrovan\u00e9ho z\u00e1chrann\u00e9ho syst\u00e9mu a objemem sv\u00e9 pr\u00e1ce pat\u0159\u00ed k t\u011bm nejvyt\u00ed\u017een\u011bj\u0161\u00edm. Prapor, jako symbol jedine\u010dn\u00e9 identity a sv\u00e9bytnosti organizace, j\u00ed ale jako jedin\u00e9 dosud chyb\u011bl. Proto v\u00e1m jej u t\u00e9to p\u0159\u00edle\u017eitosti nyn\u00ed p\u0159ed\u00e1v\u00e1m jako v\u00fdraz ocen\u011bn\u00ed va\u0161\u00ed pr\u00e1ce,\u201c uvedl Zimola.<\/p>\n<p style=\"text-align: justify;\">Nov\u00fd prapor podle \u0159editele ZZS J\u010dK pom\u016f\u017ee z\u00e1chran\u00e1\u0159\u016fm identifikovat se s\u00a0vlastn\u00ed organizac\u00ed. \u201eJe dobr\u00e9 v\u011bd\u011bt, \u017ee kone\u010dn\u011b m\u00e1m\u011b n\u011bjak\u00fd symbol, kter\u00fd n\u011bco znamen\u00e1. A m\u016f\u017eeme jej rozvinout kdykoli a kdekoli, kam p\u0159ijdeme p\u0159i n\u011bjak\u00e9 d\u016fle\u017eit\u00e9, nebo slavnostn\u00ed p\u0159\u00edle\u017eitosti,\u201c \u0159ekl Slab\u00fd.<\/p>\n<p style=\"text-align: justify;\">Zimola ale tak\u00e9 z\u00e1rove\u0148 p\u0159ipomn\u011bl, \u017ee kraj, coby z\u0159izovatel z\u00e1chranky, mus\u00ed platit neust\u00e1le v\u011bt\u0161\u00ed a v\u011bt\u0161\u00ed pen\u00edze. \u201eNeust\u00e1le n\u00e1m nap\u0159\u00edklad nar\u016fst\u00e1 po\u010det v\u00fdjezd\u016f sanitn\u00edch voz\u016f. P\u0159ed deseti lety jich ro\u010dn\u011b bylo 30 tis\u00edc, nyn\u00ed je to ji\u017e p\u0159es 70 tis\u00edc. Z\u00e1rove\u0148 otev\u00edr\u00e1me i nov\u00e9 v\u00fdjezdov\u00e9 z\u00e1kladny, aby lidem byla v\u010das poskytnuta neodkladn\u00e1 p\u0159ednemocni\u010dn\u00ed p\u00e9\u010de, nebo\u0165 tady se opravdu hraje o vte\u0159iny, co\u017e samoz\u0159ejm\u011b znamen\u00e1 v\u011bt\u0161\u00ed n\u00e1roky na krajsk\u00fd rozpo\u010det,\u201c doplnil.<\/p>\n<p style=\"text-align: justify;\">Jak Zimola d\u00e1le poznamenal, kraj kv\u016fli tomu vede diskuzi se st\u00e1tem. \u201eJde n\u00e1m o to, aby se ty rovn\u011b\u017e neust\u00e1le se rozev\u00edraj\u00edc\u00ed n\u016f\u017eky mezi platbami kraj\u016f a st\u00e1tem zastavily, nebo se za\u010daly sp\u00ed\u0161e sv\u00edrat,\u201c nazna\u010dil.<\/p>\n<p style=\"text-align: justify;\">Uplynul\u00e9 obdob\u00ed pak shrnula i prvn\u00ed n\u00e1m\u011bstkyn\u011b hejtmana Ivana Str\u00e1sk\u00e1. \u201eBylo to 10 let boj\u016f dohad\u016f, nad\u011bj\u00ed, pl\u00e1n\u016f i pochyb. A i kdy\u017e jsme s\u00a0panem \u0159editelem Slab\u00fdm m\u011bli n\u011bkdy rozd\u00edln\u00e9 n\u00e1zory, tak jsme v\u017edy sledovali jedin\u00fd c\u00edl, kter\u00fdm je zaji\u0161t\u011bn\u00ed kvalitn\u00ed p\u00e9\u010de pro pacienty a dostatek pen\u011bz pro z\u00e1chranku, aby mohla fungovat tak, jak m\u00e1,\u201c uvedla.<\/p>\n<p style=\"text-align: justify;\">Slab\u00fd si v\u00fd\u0161e uveden\u00e9ho p\u0159\u00edstupu cen\u00ed. \u201eJe dobr\u00e9 c\u00edtit, \u017ee od kraje m\u00e1me a jak n\u00e1m jeho veden\u00ed sl\u00edbilo i do budoucna budeme m\u00edt podporu,\u201c sd\u011blil.<\/p>\n<p style=\"text-align: justify;\">Hejtman pak na z\u00e1v\u011br z\u00e1chran\u00e1\u0159\u016fm pod\u011bkoval: \u201eV\u0161em, kdo se o chod z\u00e1chrann\u00e9 slu\u017eby zaslou\u017eili a zasluhuj\u00ed, moc a moc d\u011bkuji. A do budoucna v\u00e1m p\u0159eji jen v\u0161e dobr\u00e9.\u201c<\/p>\n<p style=\"text-align: justify;\"><strong>Text a foto: (r\u0161)<\/strong><\/p>\n<p>&nbsp;<\/p>\n<p>&nbsp;<\/p>\n","protected":false},"excerpt":{"rendered":"<p>&nbsp; Nov\u00fdm <\/p>\n","protected":false},"author":2,"featured_media":30816,"comment_status":"open","ping_status":"open","sticky":false,"template":"","format":"standard","meta":{"footnotes":""},"categories":[7],"tags":[],"jetpack_featured_media_url":"https:\/\/zakrasnejsivimperk.cz\/wp-content\/uploads\/2015\/09\/12\/prapor.jpg","_links":{"self":[{"href":"https:\/\/zakrasnejsivimperk.cz\/index.php?rest_route=\/wp\/v2\/posts\/30815"}],"collection":[{"href":"https:\/\/zakrasnejsivimperk.cz\/index.php?rest_route=\/wp\/v2\/posts"}],"about":[{"href":"https:\/\/zakrasnejsivimperk.cz\/index.php?rest_route=\/wp\/v2\/types\/post"}],"author":[{"embeddable":true,"href":"https:\/\/zakrasnejsivimperk.cz\/index.php?rest_route=\/wp\/v2\/users\/2"}],"replies":[{"embeddable":true,"href":"https:\/\/zakrasnejsivimperk.cz\/index.php?rest_route=%2Fwp%2Fv2%2Fcomments&post=30815"}],"version-history":[{"count":8,"href":"https:\/\/zakrasnejsivimperk.cz\/index.php?rest_route=\/wp\/v2\/posts\/30815\/revisions"}],"predecessor-version":[{"id":30824,"href":"https:\/\/zakrasnejsivimperk.cz\/index.php?rest_route=\/wp\/v2\/posts\/30815\/revisions\/30824"}],"wp:featuredmedia":[{"embeddable":true,"href":"https:\/\/zakrasnejsivimperk.cz\/index.php?rest_route=\/wp\/v2\/media\/30816"}],"wp:attachment":[{"href":"https:\/\/zakrasnejsivimperk.cz\/index.php?rest_route=%2Fwp%2Fv2%2Fmedia&parent=30815"}],"wp:term":[{"taxonomy":"category","embeddable":true,"href":"https:\/\/zakrasnejsivimperk.cz\/index.php?rest_route=%2Fwp%2Fv2%2Fcategories&post=30815"},{"taxonomy":"post_tag","embeddable":true,"href":"https:\/\/zakrasnejsivimperk.cz\/index.php?rest_route=%2Fwp%2Fv2%2Ftags&post=30815"}],"curies":[{"name":"wp","href":"https:\/\/api.w.org\/{rel}","templated":true}]}}