{"id":307804,"date":"2024-06-09T11:23:28","date_gmt":"2024-06-09T10:23:28","guid":{"rendered":"https:\/\/zakrasnejsivimperk.cz\/?p=307804"},"modified":"2024-06-13T12:21:23","modified_gmt":"2024-06-13T11:21:23","slug":"nase-mesto-vimperk-z-historie-vimperska-devadesata-fotbaliste-sumavanu-2","status":"publish","type":"post","link":"https:\/\/zakrasnejsivimperk.cz\/?p=307804","title":{"rendered":"NA\u0160E M\u011aSTO VIMPERK \u2013 Z HISTORIE: Vimpersk\u00e1 devades\u00e1t\u00e1 &#8211; Fotbalist\u00e9 \u0160umavanu (2)"},"content":{"rendered":"<p><img loading=\"lazy\" decoding=\"async\" class=\"aligncenter wp-image-307814 size-full\" src=\"https:\/\/zakrasnejsivimperk.cz\/wp-content\/uploads\/2024\/05\/18\/fotbal-vpk-90.-leta-10.jpg\" alt=\"\" width=\"1010\" height=\"664\" srcset=\"https:\/\/zakrasnejsivimperk.cz\/wp-content\/uploads\/2024\/05\/18\/fotbal-vpk-90.-leta-10.jpg 1010w, https:\/\/zakrasnejsivimperk.cz\/wp-content\/uploads\/2024\/05\/18\/fotbal-vpk-90.-leta-10-300x197.jpg 300w, https:\/\/zakrasnejsivimperk.cz\/wp-content\/uploads\/2024\/05\/18\/fotbal-vpk-90.-leta-10-768x505.jpg 768w, https:\/\/zakrasnejsivimperk.cz\/wp-content\/uploads\/2024\/05\/18\/fotbal-vpk-90.-leta-10-100x65.jpg 100w, https:\/\/zakrasnejsivimperk.cz\/wp-content\/uploads\/2024\/05\/18\/fotbal-vpk-90.-leta-10-543x357.jpg 543w, https:\/\/zakrasnejsivimperk.cz\/wp-content\/uploads\/2024\/05\/18\/fotbal-vpk-90.-leta-10-735x483.jpg 735w\" sizes=\"(max-width: 1010px) 100vw, 1010px\" \/><\/p>\n<p>&nbsp;<\/p>\n<h6>V polovin\u011b devades\u00e1t\u00fdch let se vimpersk\u00fdm fotbalist\u016fm, hr\u00e1\u010d\u016fm prvn\u00edho mu\u017estva odd\u00edlu kopan\u00e9 t\u011blov\u00fdchovn\u00e9 jednoty \u0160umavan, mimo\u0159\u00e1dn\u011b da\u0159ilo. Pod veden\u00ed tren\u00e9r\u016f Mare\u0161e, Kop\u00e1\u010dika, Ko\u0161ky, Markyt\u00e1na, Churav\u00e9ho a Pe\u0161ka pat\u0159ili k p\u0159edn\u00edm t\u00fdm\u016fm krajsk\u00e9ho p\u0159eboru. Sn\u00edmky v tomto seri\u00e1lu na pokra\u010dov\u00e1n\u00ed jsou z tr\u00e9nink\u016f a z\u00e1pas\u016f na dom\u00e1c\u00edm i soupe\u0159ov\u00fdch h\u0159i\u0161t\u00edch:<\/h6>\n<p><strong>Foto: Zden\u011bk JUNGVIRT<\/strong><\/p>\n<p>&nbsp;<\/p>\n<p><img loading=\"lazy\" decoding=\"async\" class=\"aligncenter wp-image-307809 size-full\" src=\"https:\/\/zakrasnejsivimperk.cz\/wp-content\/uploads\/2024\/05\/18\/fotbal-vpk-90.-leta-5.jpg\" alt=\"\" width=\"1015\" height=\"664\" srcset=\"https:\/\/zakrasnejsivimperk.cz\/wp-content\/uploads\/2024\/05\/18\/fotbal-vpk-90.-leta-5.jpg 1015w, https:\/\/zakrasnejsivimperk.cz\/wp-content\/uploads\/2024\/05\/18\/fotbal-vpk-90.-leta-5-300x196.jpg 300w, https:\/\/zakrasnejsivimperk.cz\/wp-content\/uploads\/2024\/05\/18\/fotbal-vpk-90.-leta-5-768x502.jpg 768w, https:\/\/zakrasnejsivimperk.cz\/wp-content\/uploads\/2024\/05\/18\/fotbal-vpk-90.-leta-5-100x65.jpg 100w, https:\/\/zakrasnejsivimperk.cz\/wp-content\/uploads\/2024\/05\/18\/fotbal-vpk-90.-leta-5-546x357.jpg 546w, https:\/\/zakrasnejsivimperk.cz\/wp-content\/uploads\/2024\/05\/18\/fotbal-vpk-90.-leta-5-738x483.jpg 738w\" sizes=\"(max-width: 1015px) 100vw, 1015px\" \/><\/p>\n<p>&nbsp;<\/p>\n<p><img loading=\"lazy\" decoding=\"async\" class=\"aligncenter wp-image-307808 size-full\" src=\"https:\/\/zakrasnejsivimperk.cz\/wp-content\/uploads\/2024\/05\/18\/fotbal-vpk-90.-leta-4.jpg\" alt=\"\" width=\"1012\" height=\"658\" srcset=\"https:\/\/zakrasnejsivimperk.cz\/wp-content\/uploads\/2024\/05\/18\/fotbal-vpk-90.-leta-4.jpg 1012w, https:\/\/zakrasnejsivimperk.cz\/wp-content\/uploads\/2024\/05\/18\/fotbal-vpk-90.-leta-4-300x195.jpg 300w, https:\/\/zakrasnejsivimperk.cz\/wp-content\/uploads\/2024\/05\/18\/fotbal-vpk-90.-leta-4-768x499.jpg 768w, https:\/\/zakrasnejsivimperk.cz\/wp-content\/uploads\/2024\/05\/18\/fotbal-vpk-90.-leta-4-100x65.jpg 100w, https:\/\/zakrasnejsivimperk.cz\/wp-content\/uploads\/2024\/05\/18\/fotbal-vpk-90.-leta-4-549x357.jpg 549w, https:\/\/zakrasnejsivimperk.cz\/wp-content\/uploads\/2024\/05\/18\/fotbal-vpk-90.-leta-4-743x483.jpg 743w, https:\/\/zakrasnejsivimperk.cz\/wp-content\/uploads\/2024\/05\/18\/fotbal-vpk-90.-leta-4-745x483.jpg 745w\" sizes=\"(max-width: 1012px) 100vw, 1012px\" \/><\/p>\n<p>&nbsp;<\/p>\n<p><img loading=\"lazy\" decoding=\"async\" class=\"aligncenter wp-image-307810 size-full\" src=\"https:\/\/zakrasnejsivimperk.cz\/wp-content\/uploads\/2024\/05\/18\/fotbal-vpk-90.-leta-6.jpg\" alt=\"\" width=\"1006\" height=\"651\" srcset=\"https:\/\/zakrasnejsivimperk.cz\/wp-content\/uploads\/2024\/05\/18\/fotbal-vpk-90.-leta-6.jpg 1006w, https:\/\/zakrasnejsivimperk.cz\/wp-content\/uploads\/2024\/05\/18\/fotbal-vpk-90.-leta-6-300x194.jpg 300w, https:\/\/zakrasnejsivimperk.cz\/wp-content\/uploads\/2024\/05\/18\/fotbal-vpk-90.-leta-6-768x497.jpg 768w, https:\/\/zakrasnejsivimperk.cz\/wp-content\/uploads\/2024\/05\/18\/fotbal-vpk-90.-leta-6-100x65.jpg 100w, https:\/\/zakrasnejsivimperk.cz\/wp-content\/uploads\/2024\/05\/18\/fotbal-vpk-90.-leta-6-552x357.jpg 552w, https:\/\/zakrasnejsivimperk.cz\/wp-content\/uploads\/2024\/05\/18\/fotbal-vpk-90.-leta-6-746x483.jpg 746w, https:\/\/zakrasnejsivimperk.cz\/wp-content\/uploads\/2024\/05\/18\/fotbal-vpk-90.-leta-6-745x483.jpg 745w\" sizes=\"(max-width: 1006px) 100vw, 1006px\" \/><\/p>\n<p>&nbsp;<\/p>\n<p><img loading=\"lazy\" decoding=\"async\" class=\"aligncenter wp-image-307811 size-full\" src=\"https:\/\/zakrasnejsivimperk.cz\/wp-content\/uploads\/2024\/05\/18\/fotbal-vpk-90.-leta-7.jpg\" alt=\"\" width=\"1012\" height=\"662\" srcset=\"https:\/\/zakrasnejsivimperk.cz\/wp-content\/uploads\/2024\/05\/18\/fotbal-vpk-90.-leta-7.jpg 1012w, https:\/\/zakrasnejsivimperk.cz\/wp-content\/uploads\/2024\/05\/18\/fotbal-vpk-90.-leta-7-300x196.jpg 300w, https:\/\/zakrasnejsivimperk.cz\/wp-content\/uploads\/2024\/05\/18\/fotbal-vpk-90.-leta-7-768x502.jpg 768w, https:\/\/zakrasnejsivimperk.cz\/wp-content\/uploads\/2024\/05\/18\/fotbal-vpk-90.-leta-7-100x65.jpg 100w, https:\/\/zakrasnejsivimperk.cz\/wp-content\/uploads\/2024\/05\/18\/fotbal-vpk-90.-leta-7-546x357.jpg 546w, https:\/\/zakrasnejsivimperk.cz\/wp-content\/uploads\/2024\/05\/18\/fotbal-vpk-90.-leta-7-738x483.jpg 738w\" sizes=\"(max-width: 1012px) 100vw, 1012px\" \/><\/p>\n<p>&nbsp;<\/p>\n<p><img loading=\"lazy\" decoding=\"async\" class=\"aligncenter wp-image-307812 size-full\" src=\"https:\/\/zakrasnejsivimperk.cz\/wp-content\/uploads\/2024\/05\/18\/fotbal-vpk-90.-leta-8.jpg\" alt=\"\" width=\"1017\" height=\"664\" srcset=\"https:\/\/zakrasnejsivimperk.cz\/wp-content\/uploads\/2024\/05\/18\/fotbal-vpk-90.-leta-8.jpg 1017w, https:\/\/zakrasnejsivimperk.cz\/wp-content\/uploads\/2024\/05\/18\/fotbal-vpk-90.-leta-8-300x196.jpg 300w, https:\/\/zakrasnejsivimperk.cz\/wp-content\/uploads\/2024\/05\/18\/fotbal-vpk-90.-leta-8-768x501.jpg 768w, https:\/\/zakrasnejsivimperk.cz\/wp-content\/uploads\/2024\/05\/18\/fotbal-vpk-90.-leta-8-100x65.jpg 100w, https:\/\/zakrasnejsivimperk.cz\/wp-content\/uploads\/2024\/05\/18\/fotbal-vpk-90.-leta-8-547x357.jpg 547w, https:\/\/zakrasnejsivimperk.cz\/wp-content\/uploads\/2024\/05\/18\/fotbal-vpk-90.-leta-8-740x483.jpg 740w\" sizes=\"(max-width: 1017px) 100vw, 1017px\" \/><\/p>\n<p>&nbsp;<\/p>\n<p><img loading=\"lazy\" decoding=\"async\" class=\"aligncenter wp-image-307813 size-full\" src=\"https:\/\/zakrasnejsivimperk.cz\/wp-content\/uploads\/2024\/05\/18\/fotbal-vpk-90.-leta-9.jpg\" alt=\"\" width=\"1010\" height=\"671\" srcset=\"https:\/\/zakrasnejsivimperk.cz\/wp-content\/uploads\/2024\/05\/18\/fotbal-vpk-90.-leta-9.jpg 1010w, https:\/\/zakrasnejsivimperk.cz\/wp-content\/uploads\/2024\/05\/18\/fotbal-vpk-90.-leta-9-300x199.jpg 300w, https:\/\/zakrasnejsivimperk.cz\/wp-content\/uploads\/2024\/05\/18\/fotbal-vpk-90.-leta-9-768x510.jpg 768w, https:\/\/zakrasnejsivimperk.cz\/wp-content\/uploads\/2024\/05\/18\/fotbal-vpk-90.-leta-9-100x65.jpg 100w, https:\/\/zakrasnejsivimperk.cz\/wp-content\/uploads\/2024\/05\/18\/fotbal-vpk-90.-leta-9-537x357.jpg 537w, https:\/\/zakrasnejsivimperk.cz\/wp-content\/uploads\/2024\/05\/18\/fotbal-vpk-90.-leta-9-727x483.jpg 727w\" sizes=\"(max-width: 1010px) 100vw, 1010px\" \/><\/p>\n<p>&nbsp;<\/p>\n<p><img loading=\"lazy\" decoding=\"async\" class=\"aligncenter wp-image-307815 size-full\" src=\"https:\/\/zakrasnejsivimperk.cz\/wp-content\/uploads\/2024\/05\/18\/fotbal-vpk-90.-leta-11.jpg\" alt=\"\" width=\"1012\" height=\"661\" srcset=\"https:\/\/zakrasnejsivimperk.cz\/wp-content\/uploads\/2024\/05\/18\/fotbal-vpk-90.-leta-11.jpg 1012w, https:\/\/zakrasnejsivimperk.cz\/wp-content\/uploads\/2024\/05\/18\/fotbal-vpk-90.-leta-11-300x196.jpg 300w, https:\/\/zakrasnejsivimperk.cz\/wp-content\/uploads\/2024\/05\/18\/fotbal-vpk-90.-leta-11-768x502.jpg 768w, https:\/\/zakrasnejsivimperk.cz\/wp-content\/uploads\/2024\/05\/18\/fotbal-vpk-90.-leta-11-100x65.jpg 100w, https:\/\/zakrasnejsivimperk.cz\/wp-content\/uploads\/2024\/05\/18\/fotbal-vpk-90.-leta-11-547x357.jpg 547w, https:\/\/zakrasnejsivimperk.cz\/wp-content\/uploads\/2024\/05\/18\/fotbal-vpk-90.-leta-11-739x483.jpg 739w\" sizes=\"(max-width: 1012px) 100vw, 1012px\" \/><\/p>\n<p>&nbsp;<\/p>\n<p><img loading=\"lazy\" decoding=\"async\" class=\"aligncenter wp-image-307816 size-full\" src=\"https:\/\/zakrasnejsivimperk.cz\/wp-content\/uploads\/2024\/05\/18\/fotbal-vpk-90.-leta-12.jpg\" alt=\"\" width=\"1012\" height=\"644\" srcset=\"https:\/\/zakrasnejsivimperk.cz\/wp-content\/uploads\/2024\/05\/18\/fotbal-vpk-90.-leta-12.jpg 1012w, https:\/\/zakrasnejsivimperk.cz\/wp-content\/uploads\/2024\/05\/18\/fotbal-vpk-90.-leta-12-300x191.jpg 300w, https:\/\/zakrasnejsivimperk.cz\/wp-content\/uploads\/2024\/05\/18\/fotbal-vpk-90.-leta-12-768x489.jpg 768w, https:\/\/zakrasnejsivimperk.cz\/wp-content\/uploads\/2024\/05\/18\/fotbal-vpk-90.-leta-12-100x65.jpg 100w, https:\/\/zakrasnejsivimperk.cz\/wp-content\/uploads\/2024\/05\/18\/fotbal-vpk-90.-leta-12-561x357.jpg 561w, https:\/\/zakrasnejsivimperk.cz\/wp-content\/uploads\/2024\/05\/18\/fotbal-vpk-90.-leta-12-759x483.jpg 759w\" sizes=\"(max-width: 1012px) 100vw, 1012px\" \/><\/p>\n<p>&nbsp;<\/p>\n<p><img loading=\"lazy\" decoding=\"async\" class=\"aligncenter wp-image-307817 size-full\" src=\"https:\/\/zakrasnejsivimperk.cz\/wp-content\/uploads\/2024\/05\/18\/fotbal-vpk-90.-leta-13.jpg\" alt=\"\" width=\"1015\" height=\"661\" srcset=\"https:\/\/zakrasnejsivimperk.cz\/wp-content\/uploads\/2024\/05\/18\/fotbal-vpk-90.-leta-13.jpg 1015w, https:\/\/zakrasnejsivimperk.cz\/wp-content\/uploads\/2024\/05\/18\/fotbal-vpk-90.-leta-13-300x195.jpg 300w, https:\/\/zakrasnejsivimperk.cz\/wp-content\/uploads\/2024\/05\/18\/fotbal-vpk-90.-leta-13-768x500.jpg 768w, https:\/\/zakrasnejsivimperk.cz\/wp-content\/uploads\/2024\/05\/18\/fotbal-vpk-90.-leta-13-100x65.jpg 100w, https:\/\/zakrasnejsivimperk.cz\/wp-content\/uploads\/2024\/05\/18\/fotbal-vpk-90.-leta-13-548x357.jpg 548w, https:\/\/zakrasnejsivimperk.cz\/wp-content\/uploads\/2024\/05\/18\/fotbal-vpk-90.-leta-13-742x483.jpg 742w\" sizes=\"(max-width: 1015px) 100vw, 1015px\" \/><\/p>\n<p>&nbsp;<\/p>\n<p><img loading=\"lazy\" decoding=\"async\" class=\"aligncenter wp-image-307818 size-full\" src=\"https:\/\/zakrasnejsivimperk.cz\/wp-content\/uploads\/2024\/05\/18\/fotbal-vpk-90.-leta-14.jpg\" alt=\"\" width=\"976\" height=\"654\" srcset=\"https:\/\/zakrasnejsivimperk.cz\/wp-content\/uploads\/2024\/05\/18\/fotbal-vpk-90.-leta-14.jpg 976w, https:\/\/zakrasnejsivimperk.cz\/wp-content\/uploads\/2024\/05\/18\/fotbal-vpk-90.-leta-14-300x201.jpg 300w, https:\/\/zakrasnejsivimperk.cz\/wp-content\/uploads\/2024\/05\/18\/fotbal-vpk-90.-leta-14-768x515.jpg 768w, https:\/\/zakrasnejsivimperk.cz\/wp-content\/uploads\/2024\/05\/18\/fotbal-vpk-90.-leta-14-533x357.jpg 533w, https:\/\/zakrasnejsivimperk.cz\/wp-content\/uploads\/2024\/05\/18\/fotbal-vpk-90.-leta-14-721x483.jpg 721w\" sizes=\"(max-width: 976px) 100vw, 976px\" \/><\/p>\n<p>&nbsp;<\/p>\n<p><img loading=\"lazy\" decoding=\"async\" class=\"aligncenter wp-image-307819 size-full\" src=\"https:\/\/zakrasnejsivimperk.cz\/wp-content\/uploads\/2024\/05\/18\/fotbal-vpk-90.-leta-16.jpg\" alt=\"\" width=\"1002\" height=\"655\" srcset=\"https:\/\/zakrasnejsivimperk.cz\/wp-content\/uploads\/2024\/05\/18\/fotbal-vpk-90.-leta-16.jpg 1002w, https:\/\/zakrasnejsivimperk.cz\/wp-content\/uploads\/2024\/05\/18\/fotbal-vpk-90.-leta-16-300x196.jpg 300w, https:\/\/zakrasnejsivimperk.cz\/wp-content\/uploads\/2024\/05\/18\/fotbal-vpk-90.-leta-16-768x502.jpg 768w, https:\/\/zakrasnejsivimperk.cz\/wp-content\/uploads\/2024\/05\/18\/fotbal-vpk-90.-leta-16-100x65.jpg 100w, https:\/\/zakrasnejsivimperk.cz\/wp-content\/uploads\/2024\/05\/18\/fotbal-vpk-90.-leta-16-546x357.jpg 546w, https:\/\/zakrasnejsivimperk.cz\/wp-content\/uploads\/2024\/05\/18\/fotbal-vpk-90.-leta-16-739x483.jpg 739w\" sizes=\"(max-width: 1002px) 100vw, 1002px\" \/><\/p>\n<p>&nbsp;<\/p>\n<p><img loading=\"lazy\" decoding=\"async\" class=\"aligncenter wp-image-307820 size-full\" src=\"https:\/\/zakrasnejsivimperk.cz\/wp-content\/uploads\/2024\/05\/18\/fotbal-vpk-90.-leta-17.jpg\" alt=\"\" width=\"1007\" height=\"658\" srcset=\"https:\/\/zakrasnejsivimperk.cz\/wp-content\/uploads\/2024\/05\/18\/fotbal-vpk-90.-leta-17.jpg 1007w, https:\/\/zakrasnejsivimperk.cz\/wp-content\/uploads\/2024\/05\/18\/fotbal-vpk-90.-leta-17-300x196.jpg 300w, https:\/\/zakrasnejsivimperk.cz\/wp-content\/uploads\/2024\/05\/18\/fotbal-vpk-90.-leta-17-768x502.jpg 768w, https:\/\/zakrasnejsivimperk.cz\/wp-content\/uploads\/2024\/05\/18\/fotbal-vpk-90.-leta-17-100x65.jpg 100w, https:\/\/zakrasnejsivimperk.cz\/wp-content\/uploads\/2024\/05\/18\/fotbal-vpk-90.-leta-17-546x357.jpg 546w, https:\/\/zakrasnejsivimperk.cz\/wp-content\/uploads\/2024\/05\/18\/fotbal-vpk-90.-leta-17-739x483.jpg 739w\" sizes=\"(max-width: 1007px) 100vw, 1007px\" \/><\/p>\n<p>&nbsp;<\/p>\n<p><img loading=\"lazy\" decoding=\"async\" class=\"aligncenter wp-image-307821 size-full\" src=\"https:\/\/zakrasnejsivimperk.cz\/wp-content\/uploads\/2024\/05\/18\/fotbal-vpk-90.-leta-19.jpg\" alt=\"\" width=\"960\" height=\"489\" srcset=\"https:\/\/zakrasnejsivimperk.cz\/wp-content\/uploads\/2024\/05\/18\/fotbal-vpk-90.-leta-19.jpg 960w, https:\/\/zakrasnejsivimperk.cz\/wp-content\/uploads\/2024\/05\/18\/fotbal-vpk-90.-leta-19-300x153.jpg 300w, https:\/\/zakrasnejsivimperk.cz\/wp-content\/uploads\/2024\/05\/18\/fotbal-vpk-90.-leta-19-768x391.jpg 768w, https:\/\/zakrasnejsivimperk.cz\/wp-content\/uploads\/2024\/05\/18\/fotbal-vpk-90.-leta-19-700x357.jpg 700w, https:\/\/zakrasnejsivimperk.cz\/wp-content\/uploads\/2024\/05\/18\/fotbal-vpk-90.-leta-19-701x357.jpg 701w, https:\/\/zakrasnejsivimperk.cz\/wp-content\/uploads\/2024\/05\/18\/fotbal-vpk-90.-leta-19-948x483.jpg 948w\" sizes=\"(max-width: 960px) 100vw, 960px\" \/><\/p>\n<p>&nbsp;<\/p>\n<p><img loading=\"lazy\" decoding=\"async\" class=\"aligncenter wp-image-307822 size-full\" src=\"https:\/\/zakrasnejsivimperk.cz\/wp-content\/uploads\/2024\/05\/18\/fotbal-vpk-90.-leta-21.jpg\" alt=\"\" width=\"1071\" height=\"415\" srcset=\"https:\/\/zakrasnejsivimperk.cz\/wp-content\/uploads\/2024\/05\/18\/fotbal-vpk-90.-leta-21.jpg 1071w, https:\/\/zakrasnejsivimperk.cz\/wp-content\/uploads\/2024\/05\/18\/fotbal-vpk-90.-leta-21-300x116.jpg 300w, https:\/\/zakrasnejsivimperk.cz\/wp-content\/uploads\/2024\/05\/18\/fotbal-vpk-90.-leta-21-1024x397.jpg 1024w, https:\/\/zakrasnejsivimperk.cz\/wp-content\/uploads\/2024\/05\/18\/fotbal-vpk-90.-leta-21-768x298.jpg 768w, https:\/\/zakrasnejsivimperk.cz\/wp-content\/uploads\/2024\/05\/18\/fotbal-vpk-90.-leta-21-921x357.jpg 921w\" sizes=\"(max-width: 1071px) 100vw, 1071px\" \/><\/p>\n<p>&nbsp;<\/p>\n<p><img loading=\"lazy\" decoding=\"async\" class=\"aligncenter wp-image-307823 size-full\" src=\"https:\/\/zakrasnejsivimperk.cz\/wp-content\/uploads\/2024\/05\/18\/fotbal-vpk-90.-leta-22.jpg\" alt=\"\" width=\"1073\" height=\"664\" srcset=\"https:\/\/zakrasnejsivimperk.cz\/wp-content\/uploads\/2024\/05\/18\/fotbal-vpk-90.-leta-22.jpg 1073w, https:\/\/zakrasnejsivimperk.cz\/wp-content\/uploads\/2024\/05\/18\/fotbal-vpk-90.-leta-22-300x186.jpg 300w, https:\/\/zakrasnejsivimperk.cz\/wp-content\/uploads\/2024\/05\/18\/fotbal-vpk-90.-leta-22-1024x634.jpg 1024w, https:\/\/zakrasnejsivimperk.cz\/wp-content\/uploads\/2024\/05\/18\/fotbal-vpk-90.-leta-22-768x475.jpg 768w, https:\/\/zakrasnejsivimperk.cz\/wp-content\/uploads\/2024\/05\/18\/fotbal-vpk-90.-leta-22-577x357.jpg 577w, https:\/\/zakrasnejsivimperk.cz\/wp-content\/uploads\/2024\/05\/18\/fotbal-vpk-90.-leta-22-781x483.jpg 781w\" sizes=\"(max-width: 1073px) 100vw, 1073px\" \/><\/p>\n<p>&nbsp;<\/p>\n<p><img loading=\"lazy\" decoding=\"async\" class=\"aligncenter wp-image-307806 size-full\" src=\"https:\/\/zakrasnejsivimperk.cz\/wp-content\/uploads\/2024\/05\/18\/fotbal-vpk-90.-leta-1.jpg\" alt=\"\" width=\"1020\" height=\"662\" srcset=\"https:\/\/zakrasnejsivimperk.cz\/wp-content\/uploads\/2024\/05\/18\/fotbal-vpk-90.-leta-1.jpg 1020w, https:\/\/zakrasnejsivimperk.cz\/wp-content\/uploads\/2024\/05\/18\/fotbal-vpk-90.-leta-1-300x195.jpg 300w, https:\/\/zakrasnejsivimperk.cz\/wp-content\/uploads\/2024\/05\/18\/fotbal-vpk-90.-leta-1-768x498.jpg 768w, https:\/\/zakrasnejsivimperk.cz\/wp-content\/uploads\/2024\/05\/18\/fotbal-vpk-90.-leta-1-100x65.jpg 100w, https:\/\/zakrasnejsivimperk.cz\/wp-content\/uploads\/2024\/05\/18\/fotbal-vpk-90.-leta-1-550x357.jpg 550w, https:\/\/zakrasnejsivimperk.cz\/wp-content\/uploads\/2024\/05\/18\/fotbal-vpk-90.-leta-1-744x483.jpg 744w, https:\/\/zakrasnejsivimperk.cz\/wp-content\/uploads\/2024\/05\/18\/fotbal-vpk-90.-leta-1-745x483.jpg 745w\" sizes=\"(max-width: 1020px) 100vw, 1020px\" \/><\/p>\n<p>&nbsp;<\/p>\n<p><img loading=\"lazy\" decoding=\"async\" class=\"aligncenter wp-image-307807 size-full\" src=\"https:\/\/zakrasnejsivimperk.cz\/wp-content\/uploads\/2024\/05\/18\/fotbal-vpk-90.-leta-2.jpg\" alt=\"\" width=\"998\" height=\"669\" srcset=\"https:\/\/zakrasnejsivimperk.cz\/wp-content\/uploads\/2024\/05\/18\/fotbal-vpk-90.-leta-2.jpg 998w, https:\/\/zakrasnejsivimperk.cz\/wp-content\/uploads\/2024\/05\/18\/fotbal-vpk-90.-leta-2-300x201.jpg 300w, https:\/\/zakrasnejsivimperk.cz\/wp-content\/uploads\/2024\/05\/18\/fotbal-vpk-90.-leta-2-768x515.jpg 768w, https:\/\/zakrasnejsivimperk.cz\/wp-content\/uploads\/2024\/05\/18\/fotbal-vpk-90.-leta-2-533x357.jpg 533w, https:\/\/zakrasnejsivimperk.cz\/wp-content\/uploads\/2024\/05\/18\/fotbal-vpk-90.-leta-2-721x483.jpg 721w\" sizes=\"(max-width: 998px) 100vw, 998px\" \/><\/p>\n<p>&nbsp;<\/p>\n<p><img loading=\"lazy\" decoding=\"async\" class=\"aligncenter wp-image-309426 size-full\" src=\"https:\/\/zakrasnejsivimperk.cz\/wp-content\/uploads\/2024\/05\/23\/vpk-fotbalisti-zima-1.jpg\" alt=\"\" width=\"1004\" height=\"666\" srcset=\"https:\/\/zakrasnejsivimperk.cz\/wp-content\/uploads\/2024\/05\/23\/vpk-fotbalisti-zima-1.jpg 1004w, https:\/\/zakrasnejsivimperk.cz\/wp-content\/uploads\/2024\/05\/23\/vpk-fotbalisti-zima-1-300x199.jpg 300w, https:\/\/zakrasnejsivimperk.cz\/wp-content\/uploads\/2024\/05\/23\/vpk-fotbalisti-zima-1-768x509.jpg 768w, https:\/\/zakrasnejsivimperk.cz\/wp-content\/uploads\/2024\/05\/23\/vpk-fotbalisti-zima-1-100x65.jpg 100w, https:\/\/zakrasnejsivimperk.cz\/wp-content\/uploads\/2024\/05\/23\/vpk-fotbalisti-zima-1-538x357.jpg 538w, https:\/\/zakrasnejsivimperk.cz\/wp-content\/uploads\/2024\/05\/23\/vpk-fotbalisti-zima-1-728x483.jpg 728w\" sizes=\"(max-width: 1004px) 100vw, 1004px\" \/><\/p>\n<p>&nbsp;<\/p>\n<p><img loading=\"lazy\" decoding=\"async\" class=\"aligncenter wp-image-309432 size-full\" src=\"https:\/\/zakrasnejsivimperk.cz\/wp-content\/uploads\/2024\/05\/31\/vpk-fotbal-90-v-zime-1.jpg\" alt=\"\" width=\"531\" height=\"800\" srcset=\"https:\/\/zakrasnejsivimperk.cz\/wp-content\/uploads\/2024\/05\/31\/vpk-fotbal-90-v-zime-1.jpg 531w, https:\/\/zakrasnejsivimperk.cz\/wp-content\/uploads\/2024\/05\/31\/vpk-fotbal-90-v-zime-1-199x300.jpg 199w, https:\/\/zakrasnejsivimperk.cz\/wp-content\/uploads\/2024\/05\/31\/vpk-fotbal-90-v-zime-1-237x357.jpg 237w, https:\/\/zakrasnejsivimperk.cz\/wp-content\/uploads\/2024\/05\/31\/vpk-fotbal-90-v-zime-1-321x483.jpg 321w\" sizes=\"(max-width: 531px) 100vw, 531px\" \/><\/p>\n<p>&nbsp;<\/p>\n<p><img loading=\"lazy\" decoding=\"async\" class=\"aligncenter wp-image-309433 size-full\" src=\"https:\/\/zakrasnejsivimperk.cz\/wp-content\/uploads\/2024\/05\/31\/vpk-fotbal-90-v-zime-2.jpg\" alt=\"\" width=\"540\" height=\"730\" srcset=\"https:\/\/zakrasnejsivimperk.cz\/wp-content\/uploads\/2024\/05\/31\/vpk-fotbal-90-v-zime-2.jpg 540w, https:\/\/zakrasnejsivimperk.cz\/wp-content\/uploads\/2024\/05\/31\/vpk-fotbal-90-v-zime-2-222x300.jpg 222w, https:\/\/zakrasnejsivimperk.cz\/wp-content\/uploads\/2024\/05\/31\/vpk-fotbal-90-v-zime-2-264x357.jpg 264w, https:\/\/zakrasnejsivimperk.cz\/wp-content\/uploads\/2024\/05\/31\/vpk-fotbal-90-v-zime-2-357x483.jpg 357w\" sizes=\"(max-width: 540px) 100vw, 540px\" \/><\/p>\n<p>&nbsp;<\/p>\n<p><img loading=\"lazy\" decoding=\"async\" class=\"aligncenter wp-image-309435 size-full\" src=\"https:\/\/zakrasnejsivimperk.cz\/wp-content\/uploads\/2024\/05\/31\/vpk-fotbal-90-v-zime-4.jpg\" alt=\"\" width=\"525\" height=\"757\" srcset=\"https:\/\/zakrasnejsivimperk.cz\/wp-content\/uploads\/2024\/05\/31\/vpk-fotbal-90-v-zime-4.jpg 525w, https:\/\/zakrasnejsivimperk.cz\/wp-content\/uploads\/2024\/05\/31\/vpk-fotbal-90-v-zime-4-208x300.jpg 208w, https:\/\/zakrasnejsivimperk.cz\/wp-content\/uploads\/2024\/05\/31\/vpk-fotbal-90-v-zime-4-248x357.jpg 248w, https:\/\/zakrasnejsivimperk.cz\/wp-content\/uploads\/2024\/05\/31\/vpk-fotbal-90-v-zime-4-335x483.jpg 335w\" sizes=\"(max-width: 525px) 100vw, 525px\" \/><\/p>\n<p>&nbsp;<\/p>\n<p><img loading=\"lazy\" decoding=\"async\" class=\"aligncenter wp-image-309434 size-full\" src=\"https:\/\/zakrasnejsivimperk.cz\/wp-content\/uploads\/2024\/05\/31\/vpk-fotbal-90-v-zime-3.jpg\" alt=\"\" width=\"800\" height=\"584\" srcset=\"https:\/\/zakrasnejsivimperk.cz\/wp-content\/uploads\/2024\/05\/31\/vpk-fotbal-90-v-zime-3.jpg 800w, https:\/\/zakrasnejsivimperk.cz\/wp-content\/uploads\/2024\/05\/31\/vpk-fotbal-90-v-zime-3-300x219.jpg 300w, https:\/\/zakrasnejsivimperk.cz\/wp-content\/uploads\/2024\/05\/31\/vpk-fotbal-90-v-zime-3-768x561.jpg 768w, https:\/\/zakrasnejsivimperk.cz\/wp-content\/uploads\/2024\/05\/31\/vpk-fotbal-90-v-zime-3-489x357.jpg 489w, https:\/\/zakrasnejsivimperk.cz\/wp-content\/uploads\/2024\/05\/31\/vpk-fotbal-90-v-zime-3-662x483.jpg 662w\" sizes=\"(max-width: 800px) 100vw, 800px\" \/><\/p>\n<p>&nbsp;<\/p>\n<p><img loading=\"lazy\" decoding=\"async\" class=\"aligncenter wp-image-309427 size-full\" src=\"https:\/\/zakrasnejsivimperk.cz\/wp-content\/uploads\/2024\/05\/23\/vpk-fotbalisti-zima-2.jpg\" alt=\"\" width=\"1017\" height=\"670\" srcset=\"https:\/\/zakrasnejsivimperk.cz\/wp-content\/uploads\/2024\/05\/23\/vpk-fotbalisti-zima-2.jpg 1017w, https:\/\/zakrasnejsivimperk.cz\/wp-content\/uploads\/2024\/05\/23\/vpk-fotbalisti-zima-2-300x198.jpg 300w, https:\/\/zakrasnejsivimperk.cz\/wp-content\/uploads\/2024\/05\/23\/vpk-fotbalisti-zima-2-768x506.jpg 768w, https:\/\/zakrasnejsivimperk.cz\/wp-content\/uploads\/2024\/05\/23\/vpk-fotbalisti-zima-2-100x65.jpg 100w, https:\/\/zakrasnejsivimperk.cz\/wp-content\/uploads\/2024\/05\/23\/vpk-fotbalisti-zima-2-542x357.jpg 542w, https:\/\/zakrasnejsivimperk.cz\/wp-content\/uploads\/2024\/05\/23\/vpk-fotbalisti-zima-2-733x483.jpg 733w\" sizes=\"(max-width: 1017px) 100vw, 1017px\" \/><\/p>\n<p>&nbsp;<\/p>\n<p>&nbsp;<\/p>\n<p style=\"text-align: center;\"><strong>Autor u\u017e nezn\u00e1 p\u0159esnou dataci tohoto a dal\u0161\u00edch zde pod t\u00edmto titulkem zve\u0159ej\u0148ovan\u00fdch sn\u00edmk\u016f, p\u0159esto se domn\u00edv\u00e1, \u017ee by nem\u011bly z\u016fstat pouze v jeho archivu, ale \u017ee mohou zaj\u00edmat i mnoh\u00e9 \u010dten\u00e1\u0159e.<\/strong><\/p>\n<hr \/>\n<p>&nbsp;<\/p>\n<h6>Informovali jsme:<\/h6>\n<h4><a href=\"https:\/\/zakrasnejsivimperk.cz\/?p=300413\" target=\"_blank\" rel=\"noopener\">NA\u0160E M\u011aSTO VIMPERK \u2013 Z HISTORIE: Vimpersk\u00e1 devades\u00e1t\u00e1 \u2013 Fotbalist\u00e9 \u0160umavanu (1)<\/a><\/h4>\n<h4><a href=\"https:\/\/zakrasnejsivimperk.cz\/?p=287673\" target=\"_blank\" rel=\"noopener\">NA\u0160E M\u011aSTO VIMPERK -Z HISTORIE : P\u0159\u00edznivci, funkcion\u00e1\u0159i a hr\u00e1\u010di odd\u00edlu kopan\u00e9 TJ \u0160umavan \u2013 prvn\u00ed polovina osmdes\u00e1t\u00fdch let<\/a><\/h4>\n<h4><a href=\"https:\/\/zakrasnejsivimperk.cz\/?p=271292\" target=\"_blank\" rel=\"noopener\">NA\u0160E M\u011aSTO VIMPERK: Fotografie ze star\u00e9ho alba \u2013 Vimpersk\u00e1 devades\u00e1t\u00e1 &#8211; T\u011blocvi\u010dna Z\u00e1kladn\u00ed \u0161koly Smetanova Vimperk \u2013 radost v\u00edt\u011bz\u016f halov\u00e9ho fotbalov\u00e9ho turnaje<\/a><\/h4>\n<h4><a href=\"https:\/\/zakrasnejsivimperk.cz\/?p=270134\" target=\"_blank\" rel=\"noopener\">NA\u0160E M\u011aSTO VIMPERK: Fotografie ze star\u00e9ho alba \u2013 Vimpersk\u00e1 devades\u00e1t\u00e1 &#8211; V\u00edt\u011bzov\u00e9 \u017e\u00e1kovsk\u00e9ho fotbalov\u00e9ho turnaje v t\u011blocvi\u010dn\u011b Z\u0160 Smetanova<\/a><\/h4>\n<h4><a href=\"https:\/\/zakrasnejsivimperk.cz\/?p=270109\" target=\"_blank\" rel=\"noopener\">NA\u0160E M\u011aSTO VIMPERK: Fotografie ze star\u00e9ho alba \u2013 Vimpersk\u00e1 devades\u00e1t\u00e1 &#8211; Fotbalist\u00e9 vimpersk\u00e9ho \u0160umavanu s tren\u00e9rem Mare\u0161em p\u0159i silvestrovsk\u00e9m tr\u00e9ninku<\/a><\/h4>\n<h4><a href=\"https:\/\/zakrasnejsivimperk.cz\/?p=267399\" target=\"_blank\" rel=\"noopener\">NA\u0160E M\u011aSTO VIMPERK: Fotografie ze star\u00e9ho alba \u2013 Vimpersk\u00e1 devades\u00e1t\u00e1 &#8211; \u00da\u010dastn\u00edci turnaje v s\u00e1lov\u00e9 kopan\u00e9, kter\u00fd se hr\u00e1l v t\u011blocvi\u010dn\u011b Z\u00e1kladn\u00ed \u0161koly Smetanova<\/a><\/h4>\n<hr \/>\n<p>&nbsp;<\/p>\n","protected":false},"excerpt":{"rendered":"<p>&nbsp; V <\/p>\n","protected":false},"author":2,"featured_media":307829,"comment_status":"open","ping_status":"open","sticky":false,"template":"","format":"gallery","meta":{"footnotes":""},"categories":[74,86],"tags":[],"jetpack_featured_media_url":"https:\/\/zakrasnejsivimperk.cz\/wp-content\/uploads\/2024\/05\/18\/ram-fotbal-2.jpg","_links":{"self":[{"href":"https:\/\/zakrasnejsivimperk.cz\/index.php?rest_route=\/wp\/v2\/posts\/307804"}],"collection":[{"href":"https:\/\/zakrasnejsivimperk.cz\/index.php?rest_route=\/wp\/v2\/posts"}],"about":[{"href":"https:\/\/zakrasnejsivimperk.cz\/index.php?rest_route=\/wp\/v2\/types\/post"}],"author":[{"embeddable":true,"href":"https:\/\/zakrasnejsivimperk.cz\/index.php?rest_route=\/wp\/v2\/users\/2"}],"replies":[{"embeddable":true,"href":"https:\/\/zakrasnejsivimperk.cz\/index.php?rest_route=%2Fwp%2Fv2%2Fcomments&post=307804"}],"version-history":[{"count":9,"href":"https:\/\/zakrasnejsivimperk.cz\/index.php?rest_route=\/wp\/v2\/posts\/307804\/revisions"}],"predecessor-version":[{"id":309436,"href":"https:\/\/zakrasnejsivimperk.cz\/index.php?rest_route=\/wp\/v2\/posts\/307804\/revisions\/309436"}],"wp:featuredmedia":[{"embeddable":true,"href":"https:\/\/zakrasnejsivimperk.cz\/index.php?rest_route=\/wp\/v2\/media\/307829"}],"wp:attachment":[{"href":"https:\/\/zakrasnejsivimperk.cz\/index.php?rest_route=%2Fwp%2Fv2%2Fmedia&parent=307804"}],"wp:term":[{"taxonomy":"category","embeddable":true,"href":"https:\/\/zakrasnejsivimperk.cz\/index.php?rest_route=%2Fwp%2Fv2%2Fcategories&post=307804"},{"taxonomy":"post_tag","embeddable":true,"href":"https:\/\/zakrasnejsivimperk.cz\/index.php?rest_route=%2Fwp%2Fv2%2Ftags&post=307804"}],"curies":[{"name":"wp","href":"https:\/\/api.w.org\/{rel}","templated":true}]}}