{"id":30773,"date":"2015-09-11T17:46:03","date_gmt":"2015-09-11T16:46:03","guid":{"rendered":"http:\/\/zakrasnejsivimperk.cz\/?p=30773"},"modified":"2015-09-11T17:46:03","modified_gmt":"2015-09-11T16:46:03","slug":"pokuta-sprave-narodniho-parku-kdopak-asi-tech-200-000-korun-zaplati","status":"publish","type":"post","link":"https:\/\/zakrasnejsivimperk.cz\/?p=30773","title":{"rendered":"POKUTA SPR\u00c1V\u011a N\u00c1RODN\u00cdHO PARKU: Kdopak asi t\u011bch 200 000 korun zaplat\u00ed?"},"content":{"rendered":"<p style=\"text-align: justify;\">Spr\u00e1va N\u00e1rodn\u00edho parku \u0160umava dostala pokutu 200 000 korun. \u00da\u0159ad pro ochranu hospod\u00e1\u0159sk\u00e9 sout\u011b\u017ee ji tak potrestal za\u00a0neuchov\u00e1n\u00ed dokumentace k zak\u00e1zce na mezin\u00e1rodn\u00ed vzd\u011bl\u00e1vac\u00ed centrum na z\u00e1mku ve Vimperku. Rozhodnut\u00ed je pravomocn\u00e9.<\/p>\n<p style=\"text-align: justify;\">O verdiktu dnes informuj\u00ed internetov\u00e1 m\u00e9dia, nap\u0159. zde:\u00a0<strong><a href=\"http:\/\/zpravy.e15.cz\/domaci\/udalosti\/sumavsky-park-dostal-pokutu-od-uohs-nedodal-doklady-k-zakazce-1226370\" target=\"_blank\">CEL\u00dd \u010cL\u00c1NEK<\/a>.\u00a0<\/strong>Nab\u00edz\u00ed se ot\u00e1zka: Zaplat\u00ed pokutu konkr\u00e9tn\u00ed vin\u00edk a nebo to dopadne tak, \u017ee se pen\u00edze p\u0159esunou z jednoho st\u00e1tn\u00edho \u00fa\u010dtu na druh\u00fd podle r\u010den\u00ed o na\u017eran\u00e9m vlku a cel\u00e9 koze? Zkuste si tipnout, v\u00e1\u017een\u00ed \u010dten\u00e1\u0159i.<\/p>\n<p style=\"text-align: justify;\"><strong>Text a foto: (red)<\/strong><\/p>\n<p>&nbsp;<\/p>\n<p>&nbsp;<\/p>\n","protected":false},"excerpt":{"rendered":"<p>Spr\u00e1va N\u00e1rodn\u00edho <\/p>\n","protected":false},"author":2,"featured_media":4981,"comment_status":"open","ping_status":"open","sticky":false,"template":"","format":"standard","meta":{"footnotes":""},"categories":[7],"tags":[],"jetpack_featured_media_url":"https:\/\/zakrasnejsivimperk.cz\/wp-content\/uploads\/2014\/12\/spr\u00e1va-np\u0161-1.jpg","_links":{"self":[{"href":"https:\/\/zakrasnejsivimperk.cz\/index.php?rest_route=\/wp\/v2\/posts\/30773"}],"collection":[{"href":"https:\/\/zakrasnejsivimperk.cz\/index.php?rest_route=\/wp\/v2\/posts"}],"about":[{"href":"https:\/\/zakrasnejsivimperk.cz\/index.php?rest_route=\/wp\/v2\/types\/post"}],"author":[{"embeddable":true,"href":"https:\/\/zakrasnejsivimperk.cz\/index.php?rest_route=\/wp\/v2\/users\/2"}],"replies":[{"embeddable":true,"href":"https:\/\/zakrasnejsivimperk.cz\/index.php?rest_route=%2Fwp%2Fv2%2Fcomments&post=30773"}],"version-history":[{"count":8,"href":"https:\/\/zakrasnejsivimperk.cz\/index.php?rest_route=\/wp\/v2\/posts\/30773\/revisions"}],"predecessor-version":[{"id":30781,"href":"https:\/\/zakrasnejsivimperk.cz\/index.php?rest_route=\/wp\/v2\/posts\/30773\/revisions\/30781"}],"wp:featuredmedia":[{"embeddable":true,"href":"https:\/\/zakrasnejsivimperk.cz\/index.php?rest_route=\/wp\/v2\/media\/4981"}],"wp:attachment":[{"href":"https:\/\/zakrasnejsivimperk.cz\/index.php?rest_route=%2Fwp%2Fv2%2Fmedia&parent=30773"}],"wp:term":[{"taxonomy":"category","embeddable":true,"href":"https:\/\/zakrasnejsivimperk.cz\/index.php?rest_route=%2Fwp%2Fv2%2Fcategories&post=30773"},{"taxonomy":"post_tag","embeddable":true,"href":"https:\/\/zakrasnejsivimperk.cz\/index.php?rest_route=%2Fwp%2Fv2%2Ftags&post=30773"}],"curies":[{"name":"wp","href":"https:\/\/api.w.org\/{rel}","templated":true}]}}