{"id":306578,"date":"2024-05-09T12:37:45","date_gmt":"2024-05-09T11:37:45","guid":{"rendered":"https:\/\/zakrasnejsivimperk.cz\/?p=306578"},"modified":"2024-05-09T12:38:19","modified_gmt":"2024-05-09T11:38:19","slug":"jizni-cechy-uzavrenim-postovni-ulice-vznikl-novy-klidny-verejny-prostor-v-centru-mesta","status":"publish","type":"post","link":"https:\/\/zakrasnejsivimperk.cz\/?p=306578","title":{"rendered":"JI\u017dN\u00cd \u010cECHY: Uzav\u0159en\u00edm Po\u0161tovn\u00ed ulice vznikl klidn\u00fd ve\u0159ejn\u00fd prostor v centru"},"content":{"rendered":"<p><img loading=\"lazy\" decoding=\"async\" class=\"aligncenter wp-image-306582 size-full\" src=\"https:\/\/zakrasnejsivimperk.cz\/wp-content\/uploads\/2024\/05\/07\/pt-postovni-ul-4.jpg\" alt=\"\" width=\"1186\" height=\"890\" srcset=\"https:\/\/zakrasnejsivimperk.cz\/wp-content\/uploads\/2024\/05\/07\/pt-postovni-ul-4.jpg 1186w, https:\/\/zakrasnejsivimperk.cz\/wp-content\/uploads\/2024\/05\/07\/pt-postovni-ul-4-300x225.jpg 300w, https:\/\/zakrasnejsivimperk.cz\/wp-content\/uploads\/2024\/05\/07\/pt-postovni-ul-4-1024x768.jpg 1024w, https:\/\/zakrasnejsivimperk.cz\/wp-content\/uploads\/2024\/05\/07\/pt-postovni-ul-4-768x576.jpg 768w, https:\/\/zakrasnejsivimperk.cz\/wp-content\/uploads\/2024\/05\/07\/pt-postovni-ul-4-476x357.jpg 476w, https:\/\/zakrasnejsivimperk.cz\/wp-content\/uploads\/2024\/05\/07\/pt-postovni-ul-4-644x483.jpg 644w\" sizes=\"(max-width: 1186px) 100vw, 1186px\" \/><\/p>\n<p>&nbsp;<\/p>\n<h6>Od 1. kv\u011btna je v Prachatic\u00edch uzav\u0159ena Po\u0161tovn\u00ed ulice a p\u0159esn\u011b v tento den se zde uskute\u010dnila prvn\u00ed akce, kter\u00e1 se t\u011b\u0161ila velk\u00e9mu z\u00e1jmu. Uzav\u0159en\u00ed t\u00e9to ulice je d\u016fle\u017eit\u00fdm krokem sm\u011brem k vytvo\u0159en\u00ed klidn\u00e9ho a bezpe\u010dn\u00e9ho m\u011bstsk\u00e9ho prostoru, kde ob\u010dan\u00e9 mohou tr\u00e1vit \u010das spole\u010dn\u011b s rodinou \u010di p\u0159\u00e1teli, pro r\u016fzn\u00e9 ve\u0159ejn\u00e9 aktivity bez slo\u017eit\u00e9ho hled\u00e1n\u00ed a z\u00e1boru m\u00edsta a klidn\u00fd prostor pro bezpe\u010dn\u00e9 posezen\u00ed nebo pohyb d\u011bt\u00ed. Akce se zde budou konat p\u0159\u00edle\u017eitostn\u011b.<\/h6>\n<p><strong>Jana HULE\u0160OV\u00c1, <a href=\"https:\/\/www.prachatice.eu\/\" target=\"_blank\" rel=\"noopener\">M\u011bstsk\u00fd \u00fa\u0159ad Prachatice<\/a><\/strong><\/p>\n<p><strong>Foto: Jakub NEPUSTIL<\/strong><\/p>\n<p>&nbsp;<\/p>\n<p><img loading=\"lazy\" decoding=\"async\" class=\"aligncenter wp-image-306584 size-full\" src=\"https:\/\/zakrasnejsivimperk.cz\/wp-content\/uploads\/2024\/05\/07\/pt-postovni-ul-6.jpg\" alt=\"\" width=\"1186\" height=\"890\" srcset=\"https:\/\/zakrasnejsivimperk.cz\/wp-content\/uploads\/2024\/05\/07\/pt-postovni-ul-6.jpg 1186w, https:\/\/zakrasnejsivimperk.cz\/wp-content\/uploads\/2024\/05\/07\/pt-postovni-ul-6-300x225.jpg 300w, https:\/\/zakrasnejsivimperk.cz\/wp-content\/uploads\/2024\/05\/07\/pt-postovni-ul-6-1024x768.jpg 1024w, https:\/\/zakrasnejsivimperk.cz\/wp-content\/uploads\/2024\/05\/07\/pt-postovni-ul-6-768x576.jpg 768w, https:\/\/zakrasnejsivimperk.cz\/wp-content\/uploads\/2024\/05\/07\/pt-postovni-ul-6-476x357.jpg 476w, https:\/\/zakrasnejsivimperk.cz\/wp-content\/uploads\/2024\/05\/07\/pt-postovni-ul-6-644x483.jpg 644w\" sizes=\"(max-width: 1186px) 100vw, 1186px\" \/><\/p>\n<p>&nbsp;<\/p>\n<p><img loading=\"lazy\" decoding=\"async\" class=\"aligncenter wp-image-306581 size-full\" src=\"https:\/\/zakrasnejsivimperk.cz\/wp-content\/uploads\/2024\/05\/07\/pt-postovni-ul-3.jpg\" alt=\"\" width=\"1186\" height=\"890\" srcset=\"https:\/\/zakrasnejsivimperk.cz\/wp-content\/uploads\/2024\/05\/07\/pt-postovni-ul-3.jpg 1186w, https:\/\/zakrasnejsivimperk.cz\/wp-content\/uploads\/2024\/05\/07\/pt-postovni-ul-3-300x225.jpg 300w, https:\/\/zakrasnejsivimperk.cz\/wp-content\/uploads\/2024\/05\/07\/pt-postovni-ul-3-1024x768.jpg 1024w, https:\/\/zakrasnejsivimperk.cz\/wp-content\/uploads\/2024\/05\/07\/pt-postovni-ul-3-768x576.jpg 768w, https:\/\/zakrasnejsivimperk.cz\/wp-content\/uploads\/2024\/05\/07\/pt-postovni-ul-3-476x357.jpg 476w, https:\/\/zakrasnejsivimperk.cz\/wp-content\/uploads\/2024\/05\/07\/pt-postovni-ul-3-644x483.jpg 644w\" sizes=\"(max-width: 1186px) 100vw, 1186px\" \/><\/p>\n<p>&nbsp;<\/p>\n<p><img loading=\"lazy\" decoding=\"async\" class=\"aligncenter wp-image-306580 size-full\" src=\"https:\/\/zakrasnejsivimperk.cz\/wp-content\/uploads\/2024\/05\/07\/pt-postovni-ul-2.jpg\" alt=\"\" width=\"1186\" height=\"890\" srcset=\"https:\/\/zakrasnejsivimperk.cz\/wp-content\/uploads\/2024\/05\/07\/pt-postovni-ul-2.jpg 1186w, https:\/\/zakrasnejsivimperk.cz\/wp-content\/uploads\/2024\/05\/07\/pt-postovni-ul-2-300x225.jpg 300w, https:\/\/zakrasnejsivimperk.cz\/wp-content\/uploads\/2024\/05\/07\/pt-postovni-ul-2-1024x768.jpg 1024w, https:\/\/zakrasnejsivimperk.cz\/wp-content\/uploads\/2024\/05\/07\/pt-postovni-ul-2-768x576.jpg 768w, https:\/\/zakrasnejsivimperk.cz\/wp-content\/uploads\/2024\/05\/07\/pt-postovni-ul-2-476x357.jpg 476w, https:\/\/zakrasnejsivimperk.cz\/wp-content\/uploads\/2024\/05\/07\/pt-postovni-ul-2-644x483.jpg 644w\" sizes=\"(max-width: 1186px) 100vw, 1186px\" \/><\/p>\n<p>&nbsp;<\/p>\n<p><img loading=\"lazy\" decoding=\"async\" class=\"aligncenter wp-image-306579 size-full\" src=\"https:\/\/zakrasnejsivimperk.cz\/wp-content\/uploads\/2024\/05\/07\/pt-postovni-ul-1.jpg\" alt=\"\" width=\"1186\" height=\"890\" srcset=\"https:\/\/zakrasnejsivimperk.cz\/wp-content\/uploads\/2024\/05\/07\/pt-postovni-ul-1.jpg 1186w, https:\/\/zakrasnejsivimperk.cz\/wp-content\/uploads\/2024\/05\/07\/pt-postovni-ul-1-300x225.jpg 300w, https:\/\/zakrasnejsivimperk.cz\/wp-content\/uploads\/2024\/05\/07\/pt-postovni-ul-1-1024x768.jpg 1024w, https:\/\/zakrasnejsivimperk.cz\/wp-content\/uploads\/2024\/05\/07\/pt-postovni-ul-1-768x576.jpg 768w, https:\/\/zakrasnejsivimperk.cz\/wp-content\/uploads\/2024\/05\/07\/pt-postovni-ul-1-476x357.jpg 476w, https:\/\/zakrasnejsivimperk.cz\/wp-content\/uploads\/2024\/05\/07\/pt-postovni-ul-1-644x483.jpg 644w\" sizes=\"(max-width: 1186px) 100vw, 1186px\" \/><\/p>\n<p>&nbsp;<\/p>\n<p><img loading=\"lazy\" decoding=\"async\" class=\"aligncenter wp-image-306583 size-full\" src=\"https:\/\/zakrasnejsivimperk.cz\/wp-content\/uploads\/2024\/05\/07\/pt-postovni-ul-5.jpg\" alt=\"\" width=\"1186\" height=\"890\" srcset=\"https:\/\/zakrasnejsivimperk.cz\/wp-content\/uploads\/2024\/05\/07\/pt-postovni-ul-5.jpg 1186w, https:\/\/zakrasnejsivimperk.cz\/wp-content\/uploads\/2024\/05\/07\/pt-postovni-ul-5-300x225.jpg 300w, https:\/\/zakrasnejsivimperk.cz\/wp-content\/uploads\/2024\/05\/07\/pt-postovni-ul-5-1024x768.jpg 1024w, https:\/\/zakrasnejsivimperk.cz\/wp-content\/uploads\/2024\/05\/07\/pt-postovni-ul-5-768x576.jpg 768w, https:\/\/zakrasnejsivimperk.cz\/wp-content\/uploads\/2024\/05\/07\/pt-postovni-ul-5-476x357.jpg 476w, https:\/\/zakrasnejsivimperk.cz\/wp-content\/uploads\/2024\/05\/07\/pt-postovni-ul-5-644x483.jpg 644w\" sizes=\"(max-width: 1186px) 100vw, 1186px\" \/><\/p>\n<hr \/>\n<p>&nbsp;<\/p>\n","protected":false},"excerpt":{"rendered":"<p>&nbsp; Od <\/p>\n","protected":false},"author":2,"featured_media":306582,"comment_status":"open","ping_status":"open","sticky":false,"template":"","format":"gallery","meta":{"footnotes":""},"categories":[24],"tags":[],"jetpack_featured_media_url":"https:\/\/zakrasnejsivimperk.cz\/wp-content\/uploads\/2024\/05\/07\/pt-postovni-ul-4.jpg","_links":{"self":[{"href":"https:\/\/zakrasnejsivimperk.cz\/index.php?rest_route=\/wp\/v2\/posts\/306578"}],"collection":[{"href":"https:\/\/zakrasnejsivimperk.cz\/index.php?rest_route=\/wp\/v2\/posts"}],"about":[{"href":"https:\/\/zakrasnejsivimperk.cz\/index.php?rest_route=\/wp\/v2\/types\/post"}],"author":[{"embeddable":true,"href":"https:\/\/zakrasnejsivimperk.cz\/index.php?rest_route=\/wp\/v2\/users\/2"}],"replies":[{"embeddable":true,"href":"https:\/\/zakrasnejsivimperk.cz\/index.php?rest_route=%2Fwp%2Fv2%2Fcomments&post=306578"}],"version-history":[{"count":2,"href":"https:\/\/zakrasnejsivimperk.cz\/index.php?rest_route=\/wp\/v2\/posts\/306578\/revisions"}],"predecessor-version":[{"id":306772,"href":"https:\/\/zakrasnejsivimperk.cz\/index.php?rest_route=\/wp\/v2\/posts\/306578\/revisions\/306772"}],"wp:featuredmedia":[{"embeddable":true,"href":"https:\/\/zakrasnejsivimperk.cz\/index.php?rest_route=\/wp\/v2\/media\/306582"}],"wp:attachment":[{"href":"https:\/\/zakrasnejsivimperk.cz\/index.php?rest_route=%2Fwp%2Fv2%2Fmedia&parent=306578"}],"wp:term":[{"taxonomy":"category","embeddable":true,"href":"https:\/\/zakrasnejsivimperk.cz\/index.php?rest_route=%2Fwp%2Fv2%2Fcategories&post=306578"},{"taxonomy":"post_tag","embeddable":true,"href":"https:\/\/zakrasnejsivimperk.cz\/index.php?rest_route=%2Fwp%2Fv2%2Ftags&post=306578"}],"curies":[{"name":"wp","href":"https:\/\/api.w.org\/{rel}","templated":true}]}}