{"id":30653,"date":"2015-09-10T11:22:33","date_gmt":"2015-09-10T10:22:33","guid":{"rendered":"http:\/\/zakrasnejsivimperk.cz\/?p=30653"},"modified":"2015-09-11T05:43:03","modified_gmt":"2015-09-11T04:43:03","slug":"idnes-jihocesti-zachranari-letaji-pro-pacienty-z-nove-zakladny-v-plane-u-ceskych-budejovic","status":"publish","type":"post","link":"https:\/\/zakrasnejsivimperk.cz\/?p=30653","title":{"rendered":"iDNES: Jiho\u010de\u0161t\u00ed z\u00e1chran\u00e1\u0159i l\u00e9taj\u00ed pro pacienty z nov\u00e9 z\u00e1kladny v Plan\u00e9 u \u010cesk\u00fdch Bud\u011bjovic"},"content":{"rendered":"<p style=\"text-align: justify;\">Jiho\u010desk\u00e1 leteck\u00e1 z\u00e1chrann\u00e1 slu\u017eba dostala modern\u00ed z\u00e1zem\u00ed v t\u011bsn\u00e9 bl\u00edzkosti Leti\u0161t\u011b \u010cesk\u00e9 Bud\u011bjovice v Plan\u00e9. V sobotu zah\u00e1j\u00ed nov\u00e9 st\u0159edisko za 58 milion\u016f korun ofici\u00e1ln\u00ed provoz. P\u0159i t\u00e9to p\u0159\u00edle\u017eitosti zve leti\u0161t\u011b na Den otev\u0159en\u00fdch dve\u0159\u00ed. Lid\u00e9 z \u010deskobud\u011bjovick\u00fdch \u010dty\u0159dvorsk\u00fdch s\u00eddli\u0161\u0165 zaznamenali, \u017ee od srpna l\u00e9t\u00e1 \u010derveno-modro-b\u00edl\u00fd z\u00e1chran\u00e1\u0159sk\u00fd vrtuln\u00edk sm\u011brem na Hos\u00edn jen m\u00e1lokdy. A tak u\u017e to z\u016fstane. Jeho typick\u00fd zvuk te\u010f \u010dasto sl\u00fdchaj\u00ed obyvatel\u00e9 Plan\u00e9 a Homol\u00ed.\u00a0Jiho\u010desk\u00e1 leteck\u00e1 z\u00e1chrann\u00e1 slu\u017eba se po letech vr\u00e1tila do sousedstv\u00ed leti\u0161t\u011b v Plan\u00e9 u \u010cesk\u00fdch Bud\u011bjovic, kde v roce 1991 za\u010d\u00ednala slou\u017eit s arm\u00e1dou na b\u00fdval\u00e9m vojensk\u00e9m leti\u0161ti. <strong><a href=\"http:\/\/Lid\u00e9 z \u010deskobud\u011bjovick\u00fdch \u010dty\u0159dvorsk\u00fdch s\u00eddli\u0161\u0165 zaznamenali, \u017ee od srpna l\u00e9t\u00e1 \u010derveno-modro-b\u00edl\u00fd z\u00e1chran\u00e1\u0159sk\u00fd vrtuln\u00edk sm\u011brem na Hos\u00edn jen m\u00e1lokdy. A tak u\u017e to z\u016fstane. Jeho typick\u00fd zvuk te\u010f \u010dasto sl\u00fdchaj\u00ed obyvatel\u00e9 Plan\u00e9 a Homol\u00ed. Jiho\u010desk\u00e1 leteck\u00e1 z\u00e1chrann\u00e1 slu\u017eba se po letech vr\u00e1tila do sousedstv\u00ed leti\u0161t\u011b v Plan\u00e9 u \u010cesk\u00fdch Bud\u011bjovic, kde v roce 1991 za\u010d\u00ednala slou\u017eit s arm\u00e1dou na b\u00fdval\u00e9m vojensk\u00e9m leti\u0161ti. Zdroj: http:\/\/budejovice.idnes.cz\/zachranarsky-vrtulnik-leta-ze-zakladny-v-plane-fra-\/budejovice-zpravy.aspx?c=A150909_2190298_budejovice-zpravy_jkr\" target=\"_blank\">CEL\u00dd \u010cL\u00c1NEK<\/a><\/strong><\/p>\n<p style=\"text-align: justify;\"><strong>Foto: Zdravotnick\u00e1 z\u00e1chrann\u00e1 slu\u017eba Jiho\u010desk\u00e9ho kraje<\/strong><\/p>\n<p>&nbsp;<\/p>\n<p>&nbsp;<\/p>\n<p>&nbsp;<\/p>\n<p>&nbsp;<\/p>\n","protected":false},"excerpt":{"rendered":"<p>Jiho\u010desk\u00e1 leteck\u00e1 <\/p>\n","protected":false},"author":2,"featured_media":30655,"comment_status":"open","ping_status":"open","sticky":false,"template":"","format":"standard","meta":{"footnotes":""},"categories":[7],"tags":[],"jetpack_featured_media_url":"https:\/\/zakrasnejsivimperk.cz\/wp-content\/uploads\/2015\/09\/10\/vrtulnik-zachranky.jpg","_links":{"self":[{"href":"https:\/\/zakrasnejsivimperk.cz\/index.php?rest_route=\/wp\/v2\/posts\/30653"}],"collection":[{"href":"https:\/\/zakrasnejsivimperk.cz\/index.php?rest_route=\/wp\/v2\/posts"}],"about":[{"href":"https:\/\/zakrasnejsivimperk.cz\/index.php?rest_route=\/wp\/v2\/types\/post"}],"author":[{"embeddable":true,"href":"https:\/\/zakrasnejsivimperk.cz\/index.php?rest_route=\/wp\/v2\/users\/2"}],"replies":[{"embeddable":true,"href":"https:\/\/zakrasnejsivimperk.cz\/index.php?rest_route=%2Fwp%2Fv2%2Fcomments&post=30653"}],"version-history":[{"count":4,"href":"https:\/\/zakrasnejsivimperk.cz\/index.php?rest_route=\/wp\/v2\/posts\/30653\/revisions"}],"predecessor-version":[{"id":30709,"href":"https:\/\/zakrasnejsivimperk.cz\/index.php?rest_route=\/wp\/v2\/posts\/30653\/revisions\/30709"}],"wp:featuredmedia":[{"embeddable":true,"href":"https:\/\/zakrasnejsivimperk.cz\/index.php?rest_route=\/wp\/v2\/media\/30655"}],"wp:attachment":[{"href":"https:\/\/zakrasnejsivimperk.cz\/index.php?rest_route=%2Fwp%2Fv2%2Fmedia&parent=30653"}],"wp:term":[{"taxonomy":"category","embeddable":true,"href":"https:\/\/zakrasnejsivimperk.cz\/index.php?rest_route=%2Fwp%2Fv2%2Fcategories&post=30653"},{"taxonomy":"post_tag","embeddable":true,"href":"https:\/\/zakrasnejsivimperk.cz\/index.php?rest_route=%2Fwp%2Fv2%2Ftags&post=30653"}],"curies":[{"name":"wp","href":"https:\/\/api.w.org\/{rel}","templated":true}]}}