{"id":305487,"date":"2024-04-27T12:22:02","date_gmt":"2024-04-27T11:22:02","guid":{"rendered":"https:\/\/zakrasnejsivimperk.cz\/?p=305487"},"modified":"2024-04-27T12:24:27","modified_gmt":"2024-04-27T11:24:27","slug":"jizni-cechy-oprava-slunecnich-hodin-na-malem-namesti-v-prachaticich-je-dokoncena","status":"publish","type":"post","link":"https:\/\/zakrasnejsivimperk.cz\/?p=305487","title":{"rendered":"JI\u017dN\u00cd \u010cECHY: Oprava unik\u00e1tn\u00edch slune\u010dn\u00edch hodin na Mal\u00e9m n\u00e1m\u011bst\u00ed v Prachatic\u00edch je dokon\u010dena"},"content":{"rendered":"<p><img loading=\"lazy\" decoding=\"async\" class=\"aligncenter wp-image-305488 size-full\" src=\"https:\/\/zakrasnejsivimperk.cz\/wp-content\/uploads\/2024\/04\/26\/pt-slunecni-hodiny-ukazatel-1.jpg\" alt=\"\" width=\"1186\" height=\"890\" srcset=\"https:\/\/zakrasnejsivimperk.cz\/wp-content\/uploads\/2024\/04\/26\/pt-slunecni-hodiny-ukazatel-1.jpg 1186w, https:\/\/zakrasnejsivimperk.cz\/wp-content\/uploads\/2024\/04\/26\/pt-slunecni-hodiny-ukazatel-1-300x225.jpg 300w, https:\/\/zakrasnejsivimperk.cz\/wp-content\/uploads\/2024\/04\/26\/pt-slunecni-hodiny-ukazatel-1-1024x768.jpg 1024w, https:\/\/zakrasnejsivimperk.cz\/wp-content\/uploads\/2024\/04\/26\/pt-slunecni-hodiny-ukazatel-1-768x576.jpg 768w, https:\/\/zakrasnejsivimperk.cz\/wp-content\/uploads\/2024\/04\/26\/pt-slunecni-hodiny-ukazatel-1-476x357.jpg 476w, https:\/\/zakrasnejsivimperk.cz\/wp-content\/uploads\/2024\/04\/26\/pt-slunecni-hodiny-ukazatel-1-644x483.jpg 644w\" sizes=\"(max-width: 1186px) 100vw, 1186px\" \/><\/p>\n<p>&nbsp;<\/p>\n<h6>Prachatick\u00e1 kamenick\u00e1 firma Miroslava V\u00e1ni osadila ke slune\u010dn\u00edm hodin\u00e1m na Mal\u00e9m n\u00e1m\u011bst\u00ed u Doln\u00ed (P\u00edseck\u00e9) br\u00e1ny v p\u0159edpol\u00ed historick\u00e9ho centra Prachatic nov\u00fd ukazatel.<\/h6>\n<p>Jeho v\u00fdrobu si vy\u017e\u00e1dala lo\u0148sk\u00e1 z\u00e1\u0159iov\u00e1 ud\u00e1lost, kdy\u017e z\u0159ejm\u011b vlivem \u00fanavy materi\u00e1lu \u2013 zbuzansk\u00e9ho v\u00e1pence (poch\u00e1zej\u00edc\u00edho z\u00a0ji\u017e b\u00fdval\u00e9ho mramorov\u00e9ho lomu Mramorka u Zbuzan v\u00a0okrese Praha \u2013 z\u00e1pad, ve kter\u00e9m prob\u00edhala t\u011b\u017eba od roku 1926 do roku 1993) \u2013 do\u0161lo k\u00a0odlomen\u00ed \u010d\u00e1sti ukazatele. Ten m\u00e1 celkovou d\u00e9lku cca 3,6 m a byl tvo\u0159en t\u0159emi \u010d\u00e1stmi vz\u00e1jemn\u011b spojen\u00fdmi nerezov\u00fdmi trny. Odlomila se \u010d\u00e1st dlouh\u00e1 1,8 m.<\/p>\n<p>Nov\u00fd ukazatel byl nahrazen zcela nov\u00fdm z\u00a0mramoru Bianco Carrara Bardiglio dovezen\u00e9ho z\u00a0It\u00e1lie, kdy\u017e v\u00a0\u010cesk\u00e9 republice se odpov\u00eddaj\u00edc\u00ed kamen pro v\u00fdrobu nov\u00e9ho ukazatele zajistit nepoda\u0159ilo.<\/p>\n<p>Nov\u00fd ukazatel je do zem\u011b kotven t\u0159emi mohutn\u00fdmi ocelov\u00fdmi trny. Do\u010dasn\u011b do vytvrzen\u00ed pou\u017eit\u00fdch lepidel bude zaji\u0161t\u011bn ve spr\u00e1vn\u00e9 poloze d\u0159ev\u011bnou podp\u011brou. V\u00a0posledn\u00edm dubnov\u00e9m t\u00fddnu je\u0161t\u011b budou opravena po\u0161kozen\u00ed (v\u00fdtluky) vznikl\u00e1 p\u0159i p\u00e1du ulomen\u00e9 \u010d\u00e1sti ukazatele na bloc\u00edch ozna\u010duj\u00edc\u00edch jednotliv\u00e9 hodiny. Oprava slune\u010dn\u00edch hodin vyjde na 222 tis\u00edc K\u010d v\u010d. DPH.<\/p>\n<p>Slune\u010dn\u00ed hodiny vznikly v souvislosti s novodobou z\u00e1stavbou ve Zvolensk\u00e9 a Vod\u0148ansk\u00e9 ulici prov\u00e1d\u011bnou v 60. a 70. letech 20. stolet\u00ed. Jejich investorem byl Okresn\u00ed n\u00e1rodn\u00ed v\u00fdbor Prachatice v\u00a0zastoupen\u00ed Jiho\u010desk\u00e9 in\u017een\u00fdrsk\u00e9 a projektov\u00e9 organizace \u010cesk\u00e9 Bud\u011bjovice. Konkr\u00e9tn\u011b byly postaveny v\u00a0r\u00e1mci s\u00eddli\u0161t\u011b II. \u2013 345 bytov\u00fdch jednotek jako (tehdy povinn\u00e1) architektonick\u00e1 vybavenost.<\/p>\n<p>Autorem t\u011bchto unik\u00e1tn\u00edch hodin je socha\u0159 Zden\u011bk \u0160imek (1927-1970), kter\u00fd n\u00e1le\u017eel k v\u00fdtvarn\u00e9 skupin\u011b \u201eTrasa\u201c vznikl\u00e9 v roce 1954, pat\u0159il k v\u00fdznamn\u00fdm osobnostem v\u00fdtvarn\u00e9ho um\u011bn\u00ed 60. let 20. stolet\u00ed. Jeho obl\u00edbenou oblast\u00ed amat\u00e9rsk\u00e9ho z\u00e1jmu byla astronomie. O tom, s jakou v\u00e1\u017enost\u00ed se Zden\u011bk \u0160imek zab\u00fdval t\u00edmto t\u00e9matem, sv\u011bd\u010d\u00ed 14 r\u016fzn\u00fdch n\u00e1vrh\u016f \u0159e\u0161en\u00ed plastiky p\u0159\u00edmo pro Prachatice, kter\u00e9 se zachovaly v jeho poz\u016fstalosti. N\u00e1vrhy konzultoval s astronomem a pro kone\u010dn\u00e9 \u0159e\u0161en\u00ed byla nezbytn\u00e1 spolupr\u00e1ce t\u00e9\u017e s matematikem, nebo\u0165 bylo nutno spr\u00e1vn\u011b ur\u010dit polohu a rozm\u011brov\u00e9 veli\u010diny v\u0161ech sou\u010d\u00e1st\u00ed hodin.<\/p>\n<p>Prvotn\u00ed n\u00e1vrhy \u0159e\u0161en\u00ed poch\u00e1zej\u00ed z roku 1969, realizace hodin prob\u011bhla po\u010d\u00e1tkem 70. let ji\u017e po smrti autora. M\u011bsto hodiny p\u0159evzalo do sv\u00e9ho vlastnictv\u00ed 6. prosince 1971.<\/p>\n<p>Prachatick\u00e9 slune\u010dn\u00ed hodiny jsou unik\u00e1tn\u00ed svoj\u00ed velikost\u00ed, \u0159e\u0161en\u00edm jako architektonick\u00e9 plastiky z kamenn\u00fdch v\u00e1pencov\u00fdch blok\u016f a tak\u00e9 sv\u00fdm horizont\u00e1ln\u00edm um\u00edst\u011bn\u00edm na povrchu ter\u00e9nu.<\/p>\n<p>Hodiny p\u016fdorysn\u011b zab\u00edraj\u00ed plochu cca 5,1 x 3,1 m, tvo\u0159eny jsou ukazatelem d\u00e9lky cca 3,6 m a osmi bloky r\u016fzn\u00fdch velikost\u00ed, na kter\u00fdch jsou vyzna\u010deny vyryt\u00edm s\u00a0pozlacen\u00edm jednotliv\u00e9 hodiny v\u00a0r\u00e1mci dne.<\/p>\n<p>V\u00a0pr\u016fb\u011bhu kv\u011btna by se u slune\u010dn\u00edch hodin m\u011bly objevit v\u00fdstavn\u00ed panely s\u00a0informacemi o slune\u010dn\u00edch hodin\u00e1ch a jejich autorovi.<\/p>\n<p>&nbsp;<\/p>\n<p><strong>Text a foto: M\u011aSTO PRACHATICE<\/strong><\/p>\n<p>&nbsp;<\/p>\n<p><img loading=\"lazy\" decoding=\"async\" class=\"aligncenter wp-image-305490 size-full\" src=\"https:\/\/zakrasnejsivimperk.cz\/wp-content\/uploads\/2024\/04\/26\/pt-slunecni-hodiny-ukazatel-3.jpg\" alt=\"\" width=\"1186\" height=\"890\" srcset=\"https:\/\/zakrasnejsivimperk.cz\/wp-content\/uploads\/2024\/04\/26\/pt-slunecni-hodiny-ukazatel-3.jpg 1186w, https:\/\/zakrasnejsivimperk.cz\/wp-content\/uploads\/2024\/04\/26\/pt-slunecni-hodiny-ukazatel-3-300x225.jpg 300w, https:\/\/zakrasnejsivimperk.cz\/wp-content\/uploads\/2024\/04\/26\/pt-slunecni-hodiny-ukazatel-3-1024x768.jpg 1024w, https:\/\/zakrasnejsivimperk.cz\/wp-content\/uploads\/2024\/04\/26\/pt-slunecni-hodiny-ukazatel-3-768x576.jpg 768w, https:\/\/zakrasnejsivimperk.cz\/wp-content\/uploads\/2024\/04\/26\/pt-slunecni-hodiny-ukazatel-3-476x357.jpg 476w, https:\/\/zakrasnejsivimperk.cz\/wp-content\/uploads\/2024\/04\/26\/pt-slunecni-hodiny-ukazatel-3-644x483.jpg 644w\" sizes=\"(max-width: 1186px) 100vw, 1186px\" \/><\/p>\n<p>&nbsp;<\/p>\n<p>&nbsp;<\/p>\n<p><img loading=\"lazy\" decoding=\"async\" class=\"aligncenter wp-image-305493 size-full\" src=\"https:\/\/zakrasnejsivimperk.cz\/wp-content\/uploads\/2024\/04\/26\/pt-slunecni-hodiny-ukazatel-6.jpg\" alt=\"\" width=\"1129\" height=\"890\" srcset=\"https:\/\/zakrasnejsivimperk.cz\/wp-content\/uploads\/2024\/04\/26\/pt-slunecni-hodiny-ukazatel-6.jpg 1129w, https:\/\/zakrasnejsivimperk.cz\/wp-content\/uploads\/2024\/04\/26\/pt-slunecni-hodiny-ukazatel-6-300x236.jpg 300w, https:\/\/zakrasnejsivimperk.cz\/wp-content\/uploads\/2024\/04\/26\/pt-slunecni-hodiny-ukazatel-6-1024x807.jpg 1024w, https:\/\/zakrasnejsivimperk.cz\/wp-content\/uploads\/2024\/04\/26\/pt-slunecni-hodiny-ukazatel-6-768x605.jpg 768w, https:\/\/zakrasnejsivimperk.cz\/wp-content\/uploads\/2024\/04\/26\/pt-slunecni-hodiny-ukazatel-6-453x357.jpg 453w, https:\/\/zakrasnejsivimperk.cz\/wp-content\/uploads\/2024\/04\/26\/pt-slunecni-hodiny-ukazatel-6-613x483.jpg 613w\" sizes=\"(max-width: 1129px) 100vw, 1129px\" \/><\/p>\n<p>&nbsp;<\/p>\n<p>&nbsp;<\/p>\n<p><img loading=\"lazy\" decoding=\"async\" class=\"aligncenter wp-image-305491 size-full\" src=\"https:\/\/zakrasnejsivimperk.cz\/wp-content\/uploads\/2024\/04\/26\/pt-slunecni-hodiny-ukazatel-4.jpg\" alt=\"\" width=\"1186\" height=\"890\" srcset=\"https:\/\/zakrasnejsivimperk.cz\/wp-content\/uploads\/2024\/04\/26\/pt-slunecni-hodiny-ukazatel-4.jpg 1186w, https:\/\/zakrasnejsivimperk.cz\/wp-content\/uploads\/2024\/04\/26\/pt-slunecni-hodiny-ukazatel-4-300x225.jpg 300w, https:\/\/zakrasnejsivimperk.cz\/wp-content\/uploads\/2024\/04\/26\/pt-slunecni-hodiny-ukazatel-4-1024x768.jpg 1024w, https:\/\/zakrasnejsivimperk.cz\/wp-content\/uploads\/2024\/04\/26\/pt-slunecni-hodiny-ukazatel-4-768x576.jpg 768w, https:\/\/zakrasnejsivimperk.cz\/wp-content\/uploads\/2024\/04\/26\/pt-slunecni-hodiny-ukazatel-4-476x357.jpg 476w, https:\/\/zakrasnejsivimperk.cz\/wp-content\/uploads\/2024\/04\/26\/pt-slunecni-hodiny-ukazatel-4-644x483.jpg 644w\" sizes=\"(max-width: 1186px) 100vw, 1186px\" \/><\/p>\n<p>&nbsp;<\/p>\n<p>&nbsp;<\/p>\n<p><img loading=\"lazy\" decoding=\"async\" class=\"aligncenter wp-image-305492 size-full\" src=\"https:\/\/zakrasnejsivimperk.cz\/wp-content\/uploads\/2024\/04\/26\/pt-slunecni-hodiny-ukazatel-5.jpg\" alt=\"\" width=\"1186\" height=\"890\" srcset=\"https:\/\/zakrasnejsivimperk.cz\/wp-content\/uploads\/2024\/04\/26\/pt-slunecni-hodiny-ukazatel-5.jpg 1186w, https:\/\/zakrasnejsivimperk.cz\/wp-content\/uploads\/2024\/04\/26\/pt-slunecni-hodiny-ukazatel-5-300x225.jpg 300w, https:\/\/zakrasnejsivimperk.cz\/wp-content\/uploads\/2024\/04\/26\/pt-slunecni-hodiny-ukazatel-5-1024x768.jpg 1024w, https:\/\/zakrasnejsivimperk.cz\/wp-content\/uploads\/2024\/04\/26\/pt-slunecni-hodiny-ukazatel-5-768x576.jpg 768w, https:\/\/zakrasnejsivimperk.cz\/wp-content\/uploads\/2024\/04\/26\/pt-slunecni-hodiny-ukazatel-5-476x357.jpg 476w, https:\/\/zakrasnejsivimperk.cz\/wp-content\/uploads\/2024\/04\/26\/pt-slunecni-hodiny-ukazatel-5-644x483.jpg 644w\" sizes=\"(max-width: 1186px) 100vw, 1186px\" \/><\/p>\n<p>&nbsp;<\/p>\n<p>&nbsp;<\/p>\n<p>&nbsp;<\/p>\n<p>&nbsp;<\/p>\n<p>&nbsp;<\/p>\n","protected":false},"excerpt":{"rendered":"<p>&nbsp; Prachatick\u00e1 <\/p>\n","protected":false},"author":2,"featured_media":305492,"comment_status":"open","ping_status":"open","sticky":false,"template":"","format":"gallery","meta":{"footnotes":""},"categories":[69],"tags":[],"jetpack_featured_media_url":"https:\/\/zakrasnejsivimperk.cz\/wp-content\/uploads\/2024\/04\/26\/pt-slunecni-hodiny-ukazatel-5.jpg","_links":{"self":[{"href":"https:\/\/zakrasnejsivimperk.cz\/index.php?rest_route=\/wp\/v2\/posts\/305487"}],"collection":[{"href":"https:\/\/zakrasnejsivimperk.cz\/index.php?rest_route=\/wp\/v2\/posts"}],"about":[{"href":"https:\/\/zakrasnejsivimperk.cz\/index.php?rest_route=\/wp\/v2\/types\/post"}],"author":[{"embeddable":true,"href":"https:\/\/zakrasnejsivimperk.cz\/index.php?rest_route=\/wp\/v2\/users\/2"}],"replies":[{"embeddable":true,"href":"https:\/\/zakrasnejsivimperk.cz\/index.php?rest_route=%2Fwp%2Fv2%2Fcomments&post=305487"}],"version-history":[{"count":4,"href":"https:\/\/zakrasnejsivimperk.cz\/index.php?rest_route=\/wp\/v2\/posts\/305487\/revisions"}],"predecessor-version":[{"id":305563,"href":"https:\/\/zakrasnejsivimperk.cz\/index.php?rest_route=\/wp\/v2\/posts\/305487\/revisions\/305563"}],"wp:featuredmedia":[{"embeddable":true,"href":"https:\/\/zakrasnejsivimperk.cz\/index.php?rest_route=\/wp\/v2\/media\/305492"}],"wp:attachment":[{"href":"https:\/\/zakrasnejsivimperk.cz\/index.php?rest_route=%2Fwp%2Fv2%2Fmedia&parent=305487"}],"wp:term":[{"taxonomy":"category","embeddable":true,"href":"https:\/\/zakrasnejsivimperk.cz\/index.php?rest_route=%2Fwp%2Fv2%2Fcategories&post=305487"},{"taxonomy":"post_tag","embeddable":true,"href":"https:\/\/zakrasnejsivimperk.cz\/index.php?rest_route=%2Fwp%2Fv2%2Ftags&post=305487"}],"curies":[{"name":"wp","href":"https:\/\/api.w.org\/{rel}","templated":true}]}}