{"id":304695,"date":"2024-04-21T10:58:45","date_gmt":"2024-04-21T09:58:45","guid":{"rendered":"https:\/\/zakrasnejsivimperk.cz\/?p=304695"},"modified":"2024-04-23T13:44:13","modified_gmt":"2024-04-23T12:44:13","slug":"nase-mesto-vimperk-ptame-se-za-vas-vedouci-komunikace-2","status":"publish","type":"post","link":"https:\/\/zakrasnejsivimperk.cz\/?p=304695","title":{"rendered":"NA\u0160E M\u011aSTO VIMPERK: Pt\u00e1me se za v\u00e1s \u2013 Vedouc\u00ed komunikace (2)"},"content":{"rendered":"<p><img loading=\"lazy\" decoding=\"async\" class=\"aligncenter wp-image-288139 size-full\" src=\"https:\/\/zakrasnejsivimperk.cz\/wp-content\/uploads\/2023\/10\/02\/ptame-se-za-vas-xx.jpg\" alt=\"\" width=\"771\" height=\"385\" srcset=\"https:\/\/zakrasnejsivimperk.cz\/wp-content\/uploads\/2023\/10\/02\/ptame-se-za-vas-xx.jpg 771w, https:\/\/zakrasnejsivimperk.cz\/wp-content\/uploads\/2023\/10\/02\/ptame-se-za-vas-xx-300x150.jpg 300w, https:\/\/zakrasnejsivimperk.cz\/wp-content\/uploads\/2023\/10\/02\/ptame-se-za-vas-xx-768x384.jpg 768w, https:\/\/zakrasnejsivimperk.cz\/wp-content\/uploads\/2023\/10\/02\/ptame-se-za-vas-xx-715x357.jpg 715w\" sizes=\"(max-width: 771px) 100vw, 771px\" \/><\/p>\n<p>&nbsp;<\/p>\n<p>&nbsp;<\/p>\n<div>\n<h3 class=\"-wm-MsoNormal\"><b>Pokud bude <a href=\"https:\/\/zakrasnejsivimperk.cz\/?p=303446\" target=\"_blank\" rel=\"noopener\">vedouc\u00ed komunikace<\/a> zodpov\u00eddat za komplexn\u00ed komunikaci m\u011bsta a m\u011bstsk\u00e9ho \u00fa\u0159adu s ve\u0159ejnost\u00ed, bude t\u00edm sou\u010dasn\u011b v n\u011bjak\u00e9m rozsahu omezena samostatn\u00e1 komunikace s ve\u0159ejnost\u00ed pro zam\u011bstnance m\u011bsta? Kdo za p\u0159\u00edpadnou samostatnou komunikac\u00ed zam\u011bstnanc\u016f m\u011bsta s ve\u0159ejnost\u00ed bude zodpov\u011bdn\u00fd?<\/b><\/h3>\n<\/div>\n<div>\n<h4>Odpov\u00edd\u00e1 Jan T\u016fma, tajemn\u00edk M\u011bstsk\u00e9ho \u00fa\u0159adu Vimperk:<\/h4>\n<\/div>\n<h6><em>V\u00fdb\u011brov\u00e9 \u0159\u00edzen\u00ed na novou pozici vedouc\u00ed komunikace je vyhl\u00e1\u0161eno teprve n\u011bkolik hodin. Tato nov\u00e1 pozice bude odpov\u00eddat za komplexn\u00ed komunikaci m\u011bsta a m\u011bstsk\u00e9ho \u00fa\u0159adu s ve\u0159ejnost\u00ed a \u017e\u00e1dn\u00fdm zp\u016fsobem nebude po jej\u00edm obsazen\u00ed omezena samostatn\u00e1 komunikace jednotliv\u00fdch zam\u011bstnanc\u016f m\u011bsta a m\u011bstsk\u00e9ho \u00fa\u0159adu s ve\u0159ejnost\u00ed. Za samostatnou komunikaci zam\u011bstnanc\u016f m\u011bsta a m\u011bstsk\u00e9ho \u00fa\u0159adu s ve\u0159ejnost\u00ed bude i nad\u00e1le odpov\u011bdn\u00fd ka\u017ed\u00fd jednotliv\u00fd zam\u011bstnanec.<\/em><\/h6>\n<p>&nbsp;<\/p>\n<p><strong>(red) \u2013 Za kr\u00e1sn\u011bj\u0161\u00ed Vimperk<\/strong><\/p>\n<hr \/>\n<p>&nbsp;<\/p>\n","protected":false},"excerpt":{"rendered":"<p>&nbsp; &nbsp; <\/p>\n","protected":false},"author":2,"featured_media":304697,"comment_status":"open","ping_status":"open","sticky":false,"template":"","format":"gallery","meta":{"footnotes":""},"categories":[119,108],"tags":[],"jetpack_featured_media_url":"https:\/\/zakrasnejsivimperk.cz\/wp-content\/uploads\/2024\/04\/20\/ram-odpoved-tajemnik.jpg","_links":{"self":[{"href":"https:\/\/zakrasnejsivimperk.cz\/index.php?rest_route=\/wp\/v2\/posts\/304695"}],"collection":[{"href":"https:\/\/zakrasnejsivimperk.cz\/index.php?rest_route=\/wp\/v2\/posts"}],"about":[{"href":"https:\/\/zakrasnejsivimperk.cz\/index.php?rest_route=\/wp\/v2\/types\/post"}],"author":[{"embeddable":true,"href":"https:\/\/zakrasnejsivimperk.cz\/index.php?rest_route=\/wp\/v2\/users\/2"}],"replies":[{"embeddable":true,"href":"https:\/\/zakrasnejsivimperk.cz\/index.php?rest_route=%2Fwp%2Fv2%2Fcomments&post=304695"}],"version-history":[{"count":2,"href":"https:\/\/zakrasnejsivimperk.cz\/index.php?rest_route=\/wp\/v2\/posts\/304695\/revisions"}],"predecessor-version":[{"id":304698,"href":"https:\/\/zakrasnejsivimperk.cz\/index.php?rest_route=\/wp\/v2\/posts\/304695\/revisions\/304698"}],"wp:featuredmedia":[{"embeddable":true,"href":"https:\/\/zakrasnejsivimperk.cz\/index.php?rest_route=\/wp\/v2\/media\/304697"}],"wp:attachment":[{"href":"https:\/\/zakrasnejsivimperk.cz\/index.php?rest_route=%2Fwp%2Fv2%2Fmedia&parent=304695"}],"wp:term":[{"taxonomy":"category","embeddable":true,"href":"https:\/\/zakrasnejsivimperk.cz\/index.php?rest_route=%2Fwp%2Fv2%2Fcategories&post=304695"},{"taxonomy":"post_tag","embeddable":true,"href":"https:\/\/zakrasnejsivimperk.cz\/index.php?rest_route=%2Fwp%2Fv2%2Ftags&post=304695"}],"curies":[{"name":"wp","href":"https:\/\/api.w.org\/{rel}","templated":true}]}}