{"id":304268,"date":"2024-04-18T11:52:28","date_gmt":"2024-04-18T10:52:28","guid":{"rendered":"https:\/\/zakrasnejsivimperk.cz\/?p=304268"},"modified":"2024-04-18T11:58:55","modified_gmt":"2024-04-18T10:58:55","slug":"nase-mesto-vimperk-ptame-se-za-vas-likvidace-zelene","status":"publish","type":"post","link":"https:\/\/zakrasnejsivimperk.cz\/?p=304268","title":{"rendered":"NA\u0160E M\u011aSTO VIMPERK: Pt\u00e1me se za v\u00e1s \u2013 Likvidace zelen\u011b"},"content":{"rendered":"<p><img loading=\"lazy\" decoding=\"async\" class=\"aligncenter wp-image-288139 size-full\" src=\"https:\/\/zakrasnejsivimperk.cz\/wp-content\/uploads\/2023\/10\/02\/ptame-se-za-vas-xx.jpg\" alt=\"\" width=\"771\" height=\"385\" srcset=\"https:\/\/zakrasnejsivimperk.cz\/wp-content\/uploads\/2023\/10\/02\/ptame-se-za-vas-xx.jpg 771w, https:\/\/zakrasnejsivimperk.cz\/wp-content\/uploads\/2023\/10\/02\/ptame-se-za-vas-xx-300x150.jpg 300w, https:\/\/zakrasnejsivimperk.cz\/wp-content\/uploads\/2023\/10\/02\/ptame-se-za-vas-xx-768x384.jpg 768w, https:\/\/zakrasnejsivimperk.cz\/wp-content\/uploads\/2023\/10\/02\/ptame-se-za-vas-xx-715x357.jpg 715w\" sizes=\"(max-width: 771px) 100vw, 771px\" \/><\/p>\n<p>&nbsp;<\/p>\n<p>&nbsp;<\/p>\n<h3><b>Pro\u010d byly <a href=\"https:\/\/zakrasnejsivimperk.cz\/?p=303649\" target=\"_blank\" rel=\"noopener\">ve Skl\u00e1\u0159sk\u00e9 ulici<\/a> za pln\u00e9ho kv\u011btu zlikvidov\u00e1ny ke\u0159e zlatice (zlat\u00fd d\u00e9\u0161\u0165)? Na soci\u00e1ln\u00edch s\u00edt\u00edch na to nelib\u011b poukazuj\u00ed ob\u010dan\u00e9 m\u011bsta.<\/b><\/h3>\n<h4>Odpov\u00edd\u00e1 Josef Kot\u00e1l, vedouc\u00ed Odboru \u017eivotn\u00edho prost\u0159ed\u00ed M\u011bstsk\u00e9ho \u00fa\u0159adu Vimperk:<\/h4>\n<h6><em>D\u016fvodem byly kapacitn\u00ed mo\u017enosti firmy \u00a0a technologick\u00e9 lh\u016fty pro obnovu plochy. Zlatice nebyly zlikvidov\u00e1ny, byl proveden zmlazovac\u00ed \u0159ez.<\/em><\/h6>\n<p>&nbsp;<\/p>\n<p><strong>(red) \u2013 Za kr\u00e1sn\u011bj\u0161\u00ed Vimperk<\/strong><\/p>\n<hr \/>\n<p>&nbsp;<\/p>\n<h6>Informujeme:<\/h6>\n<h4><a href=\"https:\/\/zakrasnejsivimperk.cz\/?p=303830\" target=\"_blank\" rel=\"noopener\">NA\u0160E M\u011aSTO VIMPERK: Glosa \u2013 14. dubna 2024<\/a><\/h4>\n<h4><a href=\"https:\/\/zakrasnejsivimperk.cz\/?p=303649\" target=\"_blank\" rel=\"noopener\">NA\u0160E M\u011aSTO VIMPERK: Likvidace zdrav\u00e9 ve\u0159ejn\u00e9 zelen\u011b<\/a><\/h4>\n<hr \/>\n<p>&nbsp;<\/p>\n","protected":false},"excerpt":{"rendered":"<p>&nbsp; &nbsp; <\/p>\n","protected":false},"author":2,"featured_media":304271,"comment_status":"open","ping_status":"open","sticky":false,"template":"","format":"gallery","meta":{"footnotes":""},"categories":[108],"tags":[],"jetpack_featured_media_url":"https:\/\/zakrasnejsivimperk.cz\/wp-content\/uploads\/2024\/04\/17\/ram-odpoved-kotal.jpg","_links":{"self":[{"href":"https:\/\/zakrasnejsivimperk.cz\/index.php?rest_route=\/wp\/v2\/posts\/304268"}],"collection":[{"href":"https:\/\/zakrasnejsivimperk.cz\/index.php?rest_route=\/wp\/v2\/posts"}],"about":[{"href":"https:\/\/zakrasnejsivimperk.cz\/index.php?rest_route=\/wp\/v2\/types\/post"}],"author":[{"embeddable":true,"href":"https:\/\/zakrasnejsivimperk.cz\/index.php?rest_route=\/wp\/v2\/users\/2"}],"replies":[{"embeddable":true,"href":"https:\/\/zakrasnejsivimperk.cz\/index.php?rest_route=%2Fwp%2Fv2%2Fcomments&post=304268"}],"version-history":[{"count":4,"href":"https:\/\/zakrasnejsivimperk.cz\/index.php?rest_route=\/wp\/v2\/posts\/304268\/revisions"}],"predecessor-version":[{"id":304393,"href":"https:\/\/zakrasnejsivimperk.cz\/index.php?rest_route=\/wp\/v2\/posts\/304268\/revisions\/304393"}],"wp:featuredmedia":[{"embeddable":true,"href":"https:\/\/zakrasnejsivimperk.cz\/index.php?rest_route=\/wp\/v2\/media\/304271"}],"wp:attachment":[{"href":"https:\/\/zakrasnejsivimperk.cz\/index.php?rest_route=%2Fwp%2Fv2%2Fmedia&parent=304268"}],"wp:term":[{"taxonomy":"category","embeddable":true,"href":"https:\/\/zakrasnejsivimperk.cz\/index.php?rest_route=%2Fwp%2Fv2%2Fcategories&post=304268"},{"taxonomy":"post_tag","embeddable":true,"href":"https:\/\/zakrasnejsivimperk.cz\/index.php?rest_route=%2Fwp%2Fv2%2Ftags&post=304268"}],"curies":[{"name":"wp","href":"https:\/\/api.w.org\/{rel}","templated":true}]}}