{"id":304088,"date":"2024-04-18T11:22:49","date_gmt":"2024-04-18T10:22:49","guid":{"rendered":"https:\/\/zakrasnejsivimperk.cz\/?p=304088"},"modified":"2024-04-18T11:24:01","modified_gmt":"2024-04-18T10:24:01","slug":"nase-mesto-vimperk-volne-urednicke-misto-na-radnici-podrobnosti-zde-11","status":"publish","type":"post","link":"https:\/\/zakrasnejsivimperk.cz\/?p=304088","title":{"rendered":"NA\u0160E M\u011aSTO VIMPERK: Voln\u00e9 \u00fa\u0159ednick\u00e9 m\u00edsto na radnici. Podrobnosti zde"},"content":{"rendered":"<p><img loading=\"lazy\" decoding=\"async\" class=\"aligncenter wp-image-251615 size-full\" src=\"https:\/\/zakrasnejsivimperk.cz\/wp-content\/uploads\/2022\/04\/10\/nab\u00eddka-pr\u00e1ce.jpg\" alt=\"\" width=\"687\" height=\"345\" srcset=\"https:\/\/zakrasnejsivimperk.cz\/wp-content\/uploads\/2022\/04\/10\/nab\u00eddka-pr\u00e1ce.jpg 687w, https:\/\/zakrasnejsivimperk.cz\/wp-content\/uploads\/2022\/04\/10\/nab\u00eddka-pr\u00e1ce-300x151.jpg 300w\" sizes=\"(max-width: 687px) 100vw, 687px\" \/><\/p>\n<p>&nbsp;<\/p>\n<p>&nbsp;<\/p>\n<p><img loading=\"lazy\" decoding=\"async\" class=\"aligncenter wp-image-304089 size-full\" src=\"https:\/\/zakrasnejsivimperk.cz\/wp-content\/uploads\/2024\/04\/15\/verejna-vyzva.jpg\" alt=\"\" width=\"718\" height=\"1100\" srcset=\"https:\/\/zakrasnejsivimperk.cz\/wp-content\/uploads\/2024\/04\/15\/verejna-vyzva.jpg 718w, https:\/\/zakrasnejsivimperk.cz\/wp-content\/uploads\/2024\/04\/15\/verejna-vyzva-196x300.jpg 196w, https:\/\/zakrasnejsivimperk.cz\/wp-content\/uploads\/2024\/04\/15\/verejna-vyzva-668x1024.jpg 668w, https:\/\/zakrasnejsivimperk.cz\/wp-content\/uploads\/2024\/04\/15\/verejna-vyzva-233x357.jpg 233w, https:\/\/zakrasnejsivimperk.cz\/wp-content\/uploads\/2024\/04\/15\/verejna-vyzva-315x483.jpg 315w\" sizes=\"(max-width: 718px) 100vw, 718px\" \/><\/p>\n<p>&nbsp;<\/p>\n<h1 style=\"text-align: center;\"><a href=\"https:\/\/zakrasnejsivimperk.cz\/wp-content\/uploads\/2024\/04\/15\/verejna-vyzva.pdf\" target=\"_blank\" rel=\"noopener\">Dokument ve form\u00e1tu PDF<\/a><\/h1>\n<p>&nbsp;<\/p>\n<p><strong>Zdroj: M\u011aSTO VIMPERK<\/strong><\/p>\n<p>(red) &#8211; Za kr\u00e1sn\u011bj\u0161\u00ed Vimperk)<\/p>\n<hr \/>\n<p>&nbsp;<\/p>\n","protected":false},"excerpt":{"rendered":"<p>&nbsp; &nbsp; <\/p>\n","protected":false},"author":2,"featured_media":251615,"comment_status":"open","ping_status":"open","sticky":false,"template":"","format":"gallery","meta":{"footnotes":""},"categories":[10],"tags":[],"jetpack_featured_media_url":"https:\/\/zakrasnejsivimperk.cz\/wp-content\/uploads\/2022\/04\/10\/nab\u00eddka-pr\u00e1ce.jpg","_links":{"self":[{"href":"https:\/\/zakrasnejsivimperk.cz\/index.php?rest_route=\/wp\/v2\/posts\/304088"}],"collection":[{"href":"https:\/\/zakrasnejsivimperk.cz\/index.php?rest_route=\/wp\/v2\/posts"}],"about":[{"href":"https:\/\/zakrasnejsivimperk.cz\/index.php?rest_route=\/wp\/v2\/types\/post"}],"author":[{"embeddable":true,"href":"https:\/\/zakrasnejsivimperk.cz\/index.php?rest_route=\/wp\/v2\/users\/2"}],"replies":[{"embeddable":true,"href":"https:\/\/zakrasnejsivimperk.cz\/index.php?rest_route=%2Fwp%2Fv2%2Fcomments&post=304088"}],"version-history":[{"count":3,"href":"https:\/\/zakrasnejsivimperk.cz\/index.php?rest_route=\/wp\/v2\/posts\/304088\/revisions"}],"predecessor-version":[{"id":304369,"href":"https:\/\/zakrasnejsivimperk.cz\/index.php?rest_route=\/wp\/v2\/posts\/304088\/revisions\/304369"}],"wp:featuredmedia":[{"embeddable":true,"href":"https:\/\/zakrasnejsivimperk.cz\/index.php?rest_route=\/wp\/v2\/media\/251615"}],"wp:attachment":[{"href":"https:\/\/zakrasnejsivimperk.cz\/index.php?rest_route=%2Fwp%2Fv2%2Fmedia&parent=304088"}],"wp:term":[{"taxonomy":"category","embeddable":true,"href":"https:\/\/zakrasnejsivimperk.cz\/index.php?rest_route=%2Fwp%2Fv2%2Fcategories&post=304088"},{"taxonomy":"post_tag","embeddable":true,"href":"https:\/\/zakrasnejsivimperk.cz\/index.php?rest_route=%2Fwp%2Fv2%2Ftags&post=304088"}],"curies":[{"name":"wp","href":"https:\/\/api.w.org\/{rel}","templated":true}]}}