{"id":303446,"date":"2024-04-16T12:43:23","date_gmt":"2024-04-16T11:43:23","guid":{"rendered":"https:\/\/zakrasnejsivimperk.cz\/?p=303446"},"modified":"2024-04-18T11:57:39","modified_gmt":"2024-04-18T10:57:39","slug":"nase-mesto-vimperk-ptame-se-za-vas-vedouci-komunikace","status":"publish","type":"post","link":"https:\/\/zakrasnejsivimperk.cz\/?p=303446","title":{"rendered":"NA\u0160E M\u011aSTO VIMPERK: Pt\u00e1me se za v\u00e1s \u2013 Vedouc\u00ed komunikace"},"content":{"rendered":"<p><img loading=\"lazy\" decoding=\"async\" class=\"aligncenter wp-image-288139 size-full\" src=\"https:\/\/zakrasnejsivimperk.cz\/wp-content\/uploads\/2023\/10\/02\/ptame-se-za-vas-xx.jpg\" alt=\"\" width=\"771\" height=\"385\" srcset=\"https:\/\/zakrasnejsivimperk.cz\/wp-content\/uploads\/2023\/10\/02\/ptame-se-za-vas-xx.jpg 771w, https:\/\/zakrasnejsivimperk.cz\/wp-content\/uploads\/2023\/10\/02\/ptame-se-za-vas-xx-300x150.jpg 300w, https:\/\/zakrasnejsivimperk.cz\/wp-content\/uploads\/2023\/10\/02\/ptame-se-za-vas-xx-768x384.jpg 768w, https:\/\/zakrasnejsivimperk.cz\/wp-content\/uploads\/2023\/10\/02\/ptame-se-za-vas-xx-715x357.jpg 715w\" sizes=\"(max-width: 771px) 100vw, 771px\" \/><\/p>\n<p>&nbsp;<\/p>\n<p>&nbsp;<\/p>\n<h3><b>Ve sv\u00e9 p\u0159edch\u00e1zej\u00edc\u00ed <a href=\"https:\/\/zakrasnejsivimperk.cz\/?p=303306\" target=\"_blank\" rel=\"noopener\">odpov\u011bdi<\/a> jste ozna\u010dil novou pracovn\u00ed pozici &#8220;vedouc\u00ed komunikace&#8221;, co\u017e je zm\u011bna oproti n\u00e1zvu schv\u00e1len\u00e9mu <a href=\"https:\/\/zakrasnejsivimperk.cz\/?p=299819\" target=\"_blank\" rel=\"noopener\">zastupitelstvem m\u011bsta<\/a>. Znamen\u00e1 to snad, \u017ee tento nov\u00fd pracovn\u00edk bude coby &#8220;vedouc\u00ed&#8221; zodpov\u00eddat za celkovou komunikaci radnice a m\u011bstsk\u00e9ho \u00fa\u0159adu s ve\u0159ejnost\u00ed a \u017ee bude m\u00edt sv\u00e9 pod\u0159\u00edzen\u00e9?<\/b><\/h3>\n<h4>Odpov\u00edd\u00e1 Jan T\u016fma, tajemn\u00edk M\u011bstsk\u00e9ho \u00fa\u0159adu Vimperk:<\/h4>\n<h6 class=\"-wm-MsoNormal\"><em>Zastupitelstvo m\u011bsta schv\u00e1lilo z\u0159\u00edzen\u00ed nov\u00e9 pracovn\u00ed pozice v souladu s ji\u017e d\u0159\u00edve schv\u00e1lenou Marketingovou a komunika\u010dn\u00ed strategi\u00ed m\u011bsta Vimperk.<\/em><\/h6>\n<h6 class=\"-wm-MsoNormal\"><em>V\u00fdb\u011brov\u00e9 \u0159\u00edzen\u00ed bude vyps\u00e1no na pozici vedouc\u00ed komunikace, bude se jednat o samostatnou pozici v organiza\u010dn\u00ed struktu\u0159e, kter\u00e1 bude odpov\u00eddat za komplexn\u00ed komunikaci m\u011bsta a m\u011bstsk\u00e9ho \u00fa\u0159adu s ve\u0159ejnost\u00ed, v\u010detn\u011b marketingu m\u011bsta. Tato pozice nebude m\u00edt p\u0159\u00edmo pod\u0159\u00edzen\u00e9ho zam\u011bstnance, ale bude pracovat s\u00a0podklady a podn\u011bty od jednotliv\u00fdch zam\u011bstnanc\u016f, zastupitel\u016f, jednatel\u016f m\u011bstsk\u00fdch firem, spolk\u016f apod., kter\u00e9 si bude proaktivn\u011b vyhled\u00e1vat. Proto vedouc\u00ed komunikace. P\u0159esn\u011b v\u00a0duchu chv\u00e1len\u00e9 Marketingov\u00e9 a komunika\u010dn\u00ed strategie m\u011bsta Vimperk.<\/em><\/h6>\n<h6 class=\"-wm-MsoNormal\"><em>Jedn\u00e1 se o zam\u011bstnaneck\u00fd pracovn\u00ed pom\u011br, proto kone\u010dn\u00fd obsah pracovn\u00ed n\u00e1pln\u011b je v kompetenci tajemn\u00edka m\u011bstsk\u00e9ho \u00fa\u0159adu a p\u0159\u00edslu\u0161n\u00fdch vedouc\u00edch odbor\u016f.<\/em><\/h6>\n<p>&nbsp;<\/p>\n<p><strong>(red) \u2013 Za kr\u00e1sn\u011bj\u0161\u00ed Vimperk<\/strong><\/p>\n<hr \/>\n<p>&nbsp;<\/p>\n","protected":false},"excerpt":{"rendered":"<p>&nbsp; &nbsp; <\/p>\n","protected":false},"author":2,"featured_media":303448,"comment_status":"open","ping_status":"open","sticky":false,"template":"","format":"gallery","meta":{"footnotes":""},"categories":[119,108],"tags":[],"jetpack_featured_media_url":"https:\/\/zakrasnejsivimperk.cz\/wp-content\/uploads\/2024\/04\/09\/ram-odpoved-tuma-2.jpg","_links":{"self":[{"href":"https:\/\/zakrasnejsivimperk.cz\/index.php?rest_route=\/wp\/v2\/posts\/303446"}],"collection":[{"href":"https:\/\/zakrasnejsivimperk.cz\/index.php?rest_route=\/wp\/v2\/posts"}],"about":[{"href":"https:\/\/zakrasnejsivimperk.cz\/index.php?rest_route=\/wp\/v2\/types\/post"}],"author":[{"embeddable":true,"href":"https:\/\/zakrasnejsivimperk.cz\/index.php?rest_route=\/wp\/v2\/users\/2"}],"replies":[{"embeddable":true,"href":"https:\/\/zakrasnejsivimperk.cz\/index.php?rest_route=%2Fwp%2Fv2%2Fcomments&post=303446"}],"version-history":[{"count":2,"href":"https:\/\/zakrasnejsivimperk.cz\/index.php?rest_route=\/wp\/v2\/posts\/303446\/revisions"}],"predecessor-version":[{"id":304269,"href":"https:\/\/zakrasnejsivimperk.cz\/index.php?rest_route=\/wp\/v2\/posts\/303446\/revisions\/304269"}],"wp:featuredmedia":[{"embeddable":true,"href":"https:\/\/zakrasnejsivimperk.cz\/index.php?rest_route=\/wp\/v2\/media\/303448"}],"wp:attachment":[{"href":"https:\/\/zakrasnejsivimperk.cz\/index.php?rest_route=%2Fwp%2Fv2%2Fmedia&parent=303446"}],"wp:term":[{"taxonomy":"category","embeddable":true,"href":"https:\/\/zakrasnejsivimperk.cz\/index.php?rest_route=%2Fwp%2Fv2%2Fcategories&post=303446"},{"taxonomy":"post_tag","embeddable":true,"href":"https:\/\/zakrasnejsivimperk.cz\/index.php?rest_route=%2Fwp%2Fv2%2Ftags&post=303446"}],"curies":[{"name":"wp","href":"https:\/\/api.w.org\/{rel}","templated":true}]}}